{"id":74833,"date":"2016-10-26T09:05:52","date_gmt":"2016-10-26T12:05:52","guid":{"rendered":"http:\/\/www.eltrabajo.cl\/portal\/?p=74833"},"modified":"2016-10-26T09:05:52","modified_gmt":"2016-10-26T12:05:52","slug":"director-tecnico-luis-fredes-demando-al-uni-uni-por-despido-injustificado","status":"publish","type":"post","link":"https:\/\/eltrabajo.cl\/portal\/director-tecnico-luis-fredes-demando-al-uni-uni-por-despido-injustificado\/","title":{"rendered":"Director T\u00e9cnico Luis Fredes demand\u00f3 al Un\u00ed Un\u00ed por despido injustificado"},"content":{"rendered":"<p>El paso del entrenador Luis Fredes por Uni\u00f3n San Felipe, desde su inicio estuvo cargado de pol\u00e9micas, siendo una de las m\u00e1s recordadas su decisi\u00f3n de alejar forzosamente a muchos jugadores de las series inferiores albirrojas.<br \/>\nNo exenta de cr\u00edticas y desaciertos, fue tambi\u00e9n su paso por el primer equipo, el cual bajo su batuta cumpli\u00f3 una pobre presentaci\u00f3n en los n\u00fameros y en el juego, situaci\u00f3n que lo hizo ganarse la antipat\u00eda de una hinchada que en cada partido le hac\u00eda ver su desaprobaci\u00f3n al profesional que ahora est\u00e1 a cargo de Deportes Colchagua, club perteneciente a la Segunda Divisi\u00f3n chilena.<br \/>\nCuando ya parec\u00eda que el nombre y apellido de Luis Fredes no era m\u00e1s que un triste recuerdo en las tierras albirrojas, ayer volvi\u00f3 a tomar notoriedad, luego que se supiera de la millonaria demanda que entabl\u00f3 contra el Un\u00ed, aduciendo un despido injustificado.<br \/>\nEl gerente general unionista, Eduardo Olivares, confirm\u00f3 que el t\u00e9cnico demand\u00f3 al club, aunque fue claro en que el despido se ajust\u00f3 totalmente a la ley, ya que Fredes habr\u00eda tenido problemas graves con algunos padres de cadetes, lo que obligaron al club a poner fin de manera adelantada a su contrato. \u201cNo nos qued\u00f3 m\u00e1s alternativa, fueron cosas que no se pod\u00edan dejar pasar\u201d, declar\u00f3 el directivo, que no se cerr\u00f3 a la posibilidad de llegar a un acuerdo con la contraparte, \u201ca veces es mejor un mal arreglo que un buen juicio\u201d, agreg\u00f3.<\/p>\n<p><a href=\"http:\/\/www.eltrabajo.cl\/portal\/director-tecnico-luis-fredes-demando-al-uni-uni-por-despido-injustificado\/luis-fredes-2\/\" rel=\"attachment wp-att-74834\"><img data-recalc-dims=\"1\" loading=\"lazy\" decoding=\"async\" class=\"alignleft size-full wp-image-74834\" src=\"https:\/\/i0.wp.com\/www.eltrabajo.cl\/portal\/wp-content\/uploads\/2016\/10\/luis-fredes.jpg?resize=530%2C348\" alt=\"luis-fredes\" width=\"530\" height=\"348\" srcset=\"https:\/\/i0.wp.com\/eltrabajo.cl\/portal\/wp-content\/uploads\/2016\/10\/luis-fredes.jpg?w=530&amp;ssl=1 530w, https:\/\/i0.wp.com\/eltrabajo.cl\/portal\/wp-content\/uploads\/2016\/10\/luis-fredes.jpg?resize=200%2C131&amp;ssl=1 200w, https:\/\/i0.wp.com\/eltrabajo.cl\/portal\/wp-content\/uploads\/2016\/10\/luis-fredes.jpg?resize=300%2C197&amp;ssl=1 300w, https:\/\/i0.wp.com\/eltrabajo.cl\/portal\/wp-content\/uploads\/2016\/10\/luis-fredes.jpg?resize=228%2C150&amp;ssl=1 228w, https:\/\/i0.wp.com\/eltrabajo.cl\/portal\/wp-content\/uploads\/2016\/10\/luis-fredes.jpg?resize=400%2C263&amp;ssl=1 400w\" sizes=\"auto, (max-width: 530px) 100vw, 530px\" \/><\/a><\/p>\n","protected":false},"excerpt":{"rendered":"<p>El paso del entrenador Luis Fredes por Uni\u00f3n San Felipe, desde su inicio estuvo cargado de pol\u00e9micas, siendo una de las m\u00e1s recordadas su decisi\u00f3n de alejar forzosamente a muchos jugadores de&#8230;<\/p>\n","protected":false},"author":1,"featured_media":74834,"comment_status":"open","ping_status":"open","sticky":false,"template":"","format":"standard","meta":{"advanced_seo_description":"","jetpack_seo_html_title":"","jetpack_seo_noindex":false,"_jetpack_memberships_contains_paid_content":false,"footnotes":""},"categories":[1],"tags":[],"class_list":["post-74833","post","type-post","status-publish","format-standard","has-post-thumbnail","hentry","category-cronica"],"jetpack_featured_media_url":"https:\/\/i0.wp.com\/eltrabajo.cl\/portal\/wp-content\/uploads\/2016\/10\/luis-fredes.jpg?fit=530%2C348&ssl=1","jetpack_sharing_enabled":true,"jetpack_likes_enabled":true,"jetpack-related-posts":[],"_links":{"self":[{"href":"https:\/\/eltrabajo.cl\/portal\/wp-json\/wp\/v2\/posts\/74833","targetHints":{"allow":["GET"]}}],"collection":[{"href":"https:\/\/eltrabajo.cl\/portal\/wp-json\/wp\/v2\/posts"}],"about":[{"href":"https:\/\/eltrabajo.cl\/portal\/wp-json\/wp\/v2\/types\/post"}],"author":[{"embeddable":true,"href":"https:\/\/eltrabajo.cl\/portal\/wp-json\/wp\/v2\/users\/1"}],"replies":[{"embeddable":true,"href":"https:\/\/eltrabajo.cl\/portal\/wp-json\/wp\/v2\/comments?post=74833"}],"version-history":[{"count":0,"href":"https:\/\/eltrabajo.cl\/portal\/wp-json\/wp\/v2\/posts\/74833\/revisions"}],"wp:featuredmedia":[{"embeddable":true,"href":"https:\/\/eltrabajo.cl\/portal\/wp-json\/wp\/v2\/media\/74834"}],"wp:attachment":[{"href":"https:\/\/eltrabajo.cl\/portal\/wp-json\/wp\/v2\/media?parent=74833"}],"wp:term":[{"taxonomy":"category","embeddable":true,"href":"https:\/\/eltrabajo.cl\/portal\/wp-json\/wp\/v2\/categories?post=74833"},{"taxonomy":"post_tag","embeddable":true,"href":"https:\/\/eltrabajo.cl\/portal\/wp-json\/wp\/v2\/tags?post=74833"}],"curies":[{"name":"wp","href":"https:\/\/api.w.org\/{rel}","templated":true}]}}