{"id":74837,"date":"2016-10-26T09:08:35","date_gmt":"2016-10-26T12:08:35","guid":{"rendered":"http:\/\/www.eltrabajo.cl\/portal\/?p=74837"},"modified":"2016-10-26T09:08:35","modified_gmt":"2016-10-26T12:08:35","slug":"ninas-ganan-a-lo-grande-en-campeonato-cheer-dance","status":"publish","type":"post","link":"https:\/\/eltrabajo.cl\/portal\/ninas-ganan-a-lo-grande-en-campeonato-cheer-dance\/","title":{"rendered":"Ni\u00f1as ganan a lo grande en Campeonato Cheer Dance"},"content":{"rendered":"<p>M\u00e1s que felices, est\u00e1n diez peque\u00f1itas estudiantes del Liceo Dar\u00edo Salas, todas ellas entre cinco a doce a\u00f1os y vecinas de Santa Mar\u00eda, luego de regresar del Campeonato Cheer Dance con trofeos y medallas, las que ganaron con gran esfuerzo en esta competencia nacional.<br \/>\nEn deporte, la animaci\u00f3n, porra, porrismo o cheerleading, consiste en el uso organizado de m\u00fasica, baile y gimnasia. Los espect\u00e1culos de animaci\u00f3n son muy frecuentes, sobre todo Chile y en la etapa escolar de las ni\u00f1as. La animaci\u00f3n ha cobrado tal importancia que ha pasado a considerarse un deporte como extremo.<br \/>\nEs Solange Rodr\u00edguez, la encargada de educaci\u00f3n f\u00edsica en varias escuelas de esa comuna aconcag\u00fcina, Diario El Trabajo habl\u00f3 ayer martes con esta destacada deportista, \u00ablas ni\u00f1as est\u00e1n muy pero muy motivadas, estamos trabajando con ellas desde hace mucho tiempo, sus pap\u00e1s tambi\u00e9n est\u00e1n muy comprometidos en este proceso de aprendizaje y deportivo de sus ni\u00f1as\u00bb, explic\u00f3 Rodr\u00edguez a nuestro medio.<br \/>\n<strong>Roberto Gonz\u00e1lez Short<\/strong><\/p>\n<figure id=\"attachment_74838\" aria-describedby=\"caption-attachment-74838\" style=\"width: 530px\" class=\"wp-caption alignleft\"><a href=\"http:\/\/www.eltrabajo.cl\/portal\/ninas-ganan-a-lo-grande-en-campeonato-cheer-dance\/campeonas33-3\/\" rel=\"attachment wp-att-74838\"><img data-recalc-dims=\"1\" loading=\"lazy\" decoding=\"async\" class=\"size-full wp-image-74838\" src=\"https:\/\/i0.wp.com\/www.eltrabajo.cl\/portal\/wp-content\/uploads\/2016\/10\/Campeonas33.jpg?resize=530%2C348\" alt=\"LAS MEJORES.- Las principales competidoras son las ni\u00f1as Paulita Montenegro, Jazm\u00edn Aravena, Sof\u00eda Leiva, Antonella Maureira, Constanza Osa y Ninoska Piceros.\" width=\"530\" height=\"348\" srcset=\"https:\/\/i0.wp.com\/eltrabajo.cl\/portal\/wp-content\/uploads\/2016\/10\/Campeonas33.jpg?w=530&amp;ssl=1 530w, https:\/\/i0.wp.com\/eltrabajo.cl\/portal\/wp-content\/uploads\/2016\/10\/Campeonas33.jpg?resize=200%2C131&amp;ssl=1 200w, https:\/\/i0.wp.com\/eltrabajo.cl\/portal\/wp-content\/uploads\/2016\/10\/Campeonas33.jpg?resize=300%2C197&amp;ssl=1 300w, https:\/\/i0.wp.com\/eltrabajo.cl\/portal\/wp-content\/uploads\/2016\/10\/Campeonas33.jpg?resize=228%2C150&amp;ssl=1 228w, https:\/\/i0.wp.com\/eltrabajo.cl\/portal\/wp-content\/uploads\/2016\/10\/Campeonas33.jpg?resize=400%2C263&amp;ssl=1 400w\" sizes=\"auto, (max-width: 530px) 100vw, 530px\" \/><\/a><figcaption id=\"caption-attachment-74838\" class=\"wp-caption-text\">LAS MEJORES.- Las principales competidoras son las ni\u00f1as Paulita Montenegro, Jazm\u00edn Aravena, Sof\u00eda Leiva, Antonella Maureira, Constanza Osa y Ninoska Piceros.<\/figcaption><\/figure>\n<figure id=\"attachment_74839\" aria-describedby=\"caption-attachment-74839\" style=\"width: 530px\" class=\"wp-caption alignleft\"><a href=\"http:\/\/www.eltrabajo.cl\/portal\/ninas-ganan-a-lo-grande-en-campeonato-cheer-dance\/jazmin-aravena\/\" rel=\"attachment wp-att-74839\"><img data-recalc-dims=\"1\" loading=\"lazy\" decoding=\"async\" class=\"size-full wp-image-74839\" src=\"https:\/\/i0.wp.com\/www.eltrabajo.cl\/portal\/wp-content\/uploads\/2016\/10\/Jazmin-Aravena.jpg?resize=530%2C348\" alt=\"TREMENDA CHIQUILLA.- Aqu\u00ed tenemos a la peque\u00f1ita Jazm\u00edn Aravena, ella es una de las mejores animadoras del valle.\" width=\"530\" height=\"348\" srcset=\"https:\/\/i0.wp.com\/eltrabajo.cl\/portal\/wp-content\/uploads\/2016\/10\/Jazmin-Aravena.jpg?w=530&amp;ssl=1 530w, https:\/\/i0.wp.com\/eltrabajo.cl\/portal\/wp-content\/uploads\/2016\/10\/Jazmin-Aravena.jpg?resize=200%2C131&amp;ssl=1 200w, https:\/\/i0.wp.com\/eltrabajo.cl\/portal\/wp-content\/uploads\/2016\/10\/Jazmin-Aravena.jpg?resize=300%2C197&amp;ssl=1 300w, https:\/\/i0.wp.com\/eltrabajo.cl\/portal\/wp-content\/uploads\/2016\/10\/Jazmin-Aravena.jpg?resize=228%2C150&amp;ssl=1 228w, https:\/\/i0.wp.com\/eltrabajo.cl\/portal\/wp-content\/uploads\/2016\/10\/Jazmin-Aravena.jpg?resize=400%2C263&amp;ssl=1 400w\" sizes=\"auto, (max-width: 530px) 100vw, 530px\" \/><\/a><figcaption id=\"caption-attachment-74839\" class=\"wp-caption-text\">TREMENDA CHIQUILLA.- Aqu\u00ed tenemos a la peque\u00f1ita Jazm\u00edn Aravena, ella es una de las mejores animadoras del valle.<\/figcaption><\/figure>\n<figure id=\"attachment_74840\" aria-describedby=\"caption-attachment-74840\" style=\"width: 530px\" class=\"wp-caption alignleft\"><a href=\"http:\/\/www.eltrabajo.cl\/portal\/ninas-ganan-a-lo-grande-en-campeonato-cheer-dance\/paulita-montenegro\/\" rel=\"attachment wp-att-74840\"><img data-recalc-dims=\"1\" loading=\"lazy\" decoding=\"async\" class=\"size-full wp-image-74840\" src=\"https:\/\/i0.wp.com\/www.eltrabajo.cl\/portal\/wp-content\/uploads\/2016\/10\/Paulita-Montenegro.jpg?resize=530%2C348\" alt=\"SIEMPRE PAULITA.- Gracia y estampa es lo que le sobra a nuestra amiguita Paula Montenegro, ella tambi\u00e9n gan\u00f3 su medalla en este campeonato, en el Teatro Telet\u00f3n, de Santiago.\" width=\"530\" height=\"348\" srcset=\"https:\/\/i0.wp.com\/eltrabajo.cl\/portal\/wp-content\/uploads\/2016\/10\/Paulita-Montenegro.jpg?w=530&amp;ssl=1 530w, https:\/\/i0.wp.com\/eltrabajo.cl\/portal\/wp-content\/uploads\/2016\/10\/Paulita-Montenegro.jpg?resize=200%2C131&amp;ssl=1 200w, https:\/\/i0.wp.com\/eltrabajo.cl\/portal\/wp-content\/uploads\/2016\/10\/Paulita-Montenegro.jpg?resize=300%2C197&amp;ssl=1 300w, https:\/\/i0.wp.com\/eltrabajo.cl\/portal\/wp-content\/uploads\/2016\/10\/Paulita-Montenegro.jpg?resize=228%2C150&amp;ssl=1 228w, https:\/\/i0.wp.com\/eltrabajo.cl\/portal\/wp-content\/uploads\/2016\/10\/Paulita-Montenegro.jpg?resize=400%2C263&amp;ssl=1 400w\" sizes=\"auto, (max-width: 530px) 100vw, 530px\" \/><\/a><figcaption id=\"caption-attachment-74840\" class=\"wp-caption-text\">SIEMPRE PAULITA.- Gracia y estampa es lo que le sobra a nuestra amiguita Paula Montenegro, ella tambi\u00e9n gan\u00f3 su medalla en este campeonato, en el Teatro Telet\u00f3n, de Santiago.<\/figcaption><\/figure>\n","protected":false},"excerpt":{"rendered":"<p>M\u00e1s que felices, est\u00e1n diez peque\u00f1itas estudiantes del Liceo Dar\u00edo Salas, todas ellas entre cinco a doce a\u00f1os y vecinas de Santa Mar\u00eda, luego de regresar del Campeonato Cheer Dance con trofeos&#8230;<\/p>\n","protected":false},"author":1,"featured_media":74838,"comment_status":"open","ping_status":"open","sticky":false,"template":"","format":"standard","meta":{"advanced_seo_description":"","jetpack_seo_html_title":"","jetpack_seo_noindex":false,"_jetpack_memberships_contains_paid_content":false,"footnotes":""},"categories":[15],"tags":[],"class_list":["post-74837","post","type-post","status-publish","format-standard","has-post-thumbnail","hentry","category-comunidad"],"jetpack_featured_media_url":"https:\/\/i0.wp.com\/eltrabajo.cl\/portal\/wp-content\/uploads\/2016\/10\/Campeonas33.jpg?fit=530%2C348&ssl=1","jetpack_sharing_enabled":true,"jetpack_likes_enabled":true,"jetpack-related-posts":[],"_links":{"self":[{"href":"https:\/\/eltrabajo.cl\/portal\/wp-json\/wp\/v2\/posts\/74837","targetHints":{"allow":["GET"]}}],"collection":[{"href":"https:\/\/eltrabajo.cl\/portal\/wp-json\/wp\/v2\/posts"}],"about":[{"href":"https:\/\/eltrabajo.cl\/portal\/wp-json\/wp\/v2\/types\/post"}],"author":[{"embeddable":true,"href":"https:\/\/eltrabajo.cl\/portal\/wp-json\/wp\/v2\/users\/1"}],"replies":[{"embeddable":true,"href":"https:\/\/eltrabajo.cl\/portal\/wp-json\/wp\/v2\/comments?post=74837"}],"version-history":[{"count":0,"href":"https:\/\/eltrabajo.cl\/portal\/wp-json\/wp\/v2\/posts\/74837\/revisions"}],"wp:featuredmedia":[{"embeddable":true,"href":"https:\/\/eltrabajo.cl\/portal\/wp-json\/wp\/v2\/media\/74838"}],"wp:attachment":[{"href":"https:\/\/eltrabajo.cl\/portal\/wp-json\/wp\/v2\/media?parent=74837"}],"wp:term":[{"taxonomy":"category","embeddable":true,"href":"https:\/\/eltrabajo.cl\/portal\/wp-json\/wp\/v2\/categories?post=74837"},{"taxonomy":"post_tag","embeddable":true,"href":"https:\/\/eltrabajo.cl\/portal\/wp-json\/wp\/v2\/tags?post=74837"}],"curies":[{"name":"wp","href":"https:\/\/api.w.org\/{rel}","templated":true}]}}