{"id":74847,"date":"2016-10-26T09:22:29","date_gmt":"2016-10-26T12:22:29","guid":{"rendered":"http:\/\/www.eltrabajo.cl\/portal\/?p=74847"},"modified":"2016-10-26T09:24:17","modified_gmt":"2016-10-26T12:24:17","slug":"con-lucido-desfile-celebran-dia-nacional-de-las-brigadas-escolares-integrales","status":"publish","type":"post","link":"https:\/\/eltrabajo.cl\/portal\/con-lucido-desfile-celebran-dia-nacional-de-las-brigadas-escolares-integrales\/","title":{"rendered":"Con lucido desfile celebran D\u00eda Nacional de las Brigadas Escolares Integrales"},"content":{"rendered":"<p>Ayer martes, frente a la 2\u00aa Comisar\u00eda de Carabineros, en San Felipe, delegaciones de nueve centros educativos municipales y particulares subvencionados de Aconcagua, se dieron cita para ofrecer su presentaci\u00f3n anual en un solemne acto y desfile en honor a esta fuerza policial en el D\u00eda Nacional de las Brigadas Escolares Integrales y de Tr\u00e1nsito.<\/p>\n<p><strong>NUEVE COLEGIOS<\/strong><br \/>\nSe trata de los centros educativos Alonso de Ercilla, Rep\u00fablica Argentina, 21 de Mayo, Buen Pastor, Guillermo Ba\u00f1ado, Agust\u00edn Edwards, Carmela Carvajal, Juan G\u00f3mez Milla y el Colegio Marie Poussepin, casas estudiantiles que desde hace varios a\u00f1os cuentan con cientos de ni\u00f1os muy interesados en aprender la m\u00edstica que Carabineros promociona en nuestra sociedad.<br \/>\n\u00abEste es el aporte de nuestra instituci\u00f3n el que hacemos a su desarrollo educativo, en el que pretendemos inculcar en ellos un sentimiento de orden, respeto, prevenci\u00f3n de consumo de drogas y respeto por las normas de tr\u00e1nsito, entre otros valores\u00bb, coment\u00f3 a Diario El Trabajo la capit\u00e1n Carolina Fern\u00e1ndez Ponce, comisario subrogante de la 2\u00aa Comisar\u00eda de San Felipe.<br \/>\nRecordemos que son funcionarios de Carabineros los encargados de guiar estas Brigadas Escolares Integrales, las que tienen como fin el educar a estos alumnos en tema de prevenci\u00f3n tales como; bullying, accidentes y medioambiente entre otros, y que agrupan a estudiantes de distintos niveles dentro de su establecimiento educacional.<br \/>\nNuestro medio, habl\u00f3 con una de las estudiantes del Colegio Alonso de Ercilla, Emilia Hormaz\u00e1bal, de trece a\u00f1os, quien indic\u00f3 que \u00abme gusta estar en esta brigada escolar porque me ense\u00f1an valores, se\u00f1al\u00e9ticas y porque tambi\u00e9n aprovecho de la mejor manera mi tiempo\u00bb.<br \/>\nLos j\u00f3venes estudiantes mostraron su mejor presentaci\u00f3n de bandas esclares, estandartes institucionales y una gran sonrisa a los presentes, tambi\u00e9n Carabineros obsequi\u00f3 un presente a un estudiantes de cada colegio, el que les fue entregados de manos de la comisario y de su respectivo director escolar.<br \/>\n<strong>Roberto Gonz\u00e1lez Short<\/strong><\/p>\n<figure id=\"attachment_74854\" aria-describedby=\"caption-attachment-74854\" style=\"width: 530px\" class=\"wp-caption alignleft\"><a href=\"http:\/\/www.eltrabajo.cl\/portal\/con-lucido-desfile-celebran-dia-nacional-de-las-brigadas-escolares-integrales\/tambo33\/\" rel=\"attachment wp-att-74854\"><img data-recalc-dims=\"1\" loading=\"lazy\" decoding=\"async\" class=\"size-full wp-image-74854\" src=\"https:\/\/i0.wp.com\/www.eltrabajo.cl\/portal\/wp-content\/uploads\/2016\/10\/Tambo33.jpg?resize=530%2C350\" alt=\"MARCANDO EL RITMO.- Con alegr\u00eda y mucho orden desfilaron los ni\u00f1os de la Escuela Art\u00edstica Rep\u00fablica Argentina, de El Tambo.\" width=\"530\" height=\"350\" srcset=\"https:\/\/i0.wp.com\/eltrabajo.cl\/portal\/wp-content\/uploads\/2016\/10\/Tambo33.jpg?w=530&amp;ssl=1 530w, https:\/\/i0.wp.com\/eltrabajo.cl\/portal\/wp-content\/uploads\/2016\/10\/Tambo33.jpg?resize=200%2C132&amp;ssl=1 200w, https:\/\/i0.wp.com\/eltrabajo.cl\/portal\/wp-content\/uploads\/2016\/10\/Tambo33.jpg?resize=300%2C198&amp;ssl=1 300w, https:\/\/i0.wp.com\/eltrabajo.cl\/portal\/wp-content\/uploads\/2016\/10\/Tambo33.jpg?resize=227%2C150&amp;ssl=1 227w, https:\/\/i0.wp.com\/eltrabajo.cl\/portal\/wp-content\/uploads\/2016\/10\/Tambo33.jpg?resize=400%2C264&amp;ssl=1 400w\" sizes=\"auto, (max-width: 530px) 100vw, 530px\" \/><\/a><figcaption id=\"caption-attachment-74854\" class=\"wp-caption-text\">MARCANDO EL RITMO.- Con alegr\u00eda y mucho orden desfilaron los ni\u00f1os de la Escuela Art\u00edstica Rep\u00fablica Argentina, de El Tambo.<\/figcaption><\/figure>\n<figure id=\"attachment_74853\" aria-describedby=\"caption-attachment-74853\" style=\"width: 530px\" class=\"wp-caption alignleft\"><a href=\"http:\/\/www.eltrabajo.cl\/portal\/con-lucido-desfile-celebran-dia-nacional-de-las-brigadas-escolares-integrales\/profesores33\/\" rel=\"attachment wp-att-74853\"><img data-recalc-dims=\"1\" loading=\"lazy\" decoding=\"async\" class=\"size-full wp-image-74853\" src=\"https:\/\/i0.wp.com\/www.eltrabajo.cl\/portal\/wp-content\/uploads\/2016\/10\/Profesores33.jpg?resize=530%2C349\" alt=\"NADIE FALT\u00d3.- Profesores y directores de escuelas involucradas, as\u00ed como autoridades del proyecto, estuvieron presentes en esta actividad.\" width=\"530\" height=\"349\" srcset=\"https:\/\/i0.wp.com\/eltrabajo.cl\/portal\/wp-content\/uploads\/2016\/10\/Profesores33.jpg?w=530&amp;ssl=1 530w, https:\/\/i0.wp.com\/eltrabajo.cl\/portal\/wp-content\/uploads\/2016\/10\/Profesores33.jpg?resize=200%2C132&amp;ssl=1 200w, https:\/\/i0.wp.com\/eltrabajo.cl\/portal\/wp-content\/uploads\/2016\/10\/Profesores33.jpg?resize=300%2C198&amp;ssl=1 300w, https:\/\/i0.wp.com\/eltrabajo.cl\/portal\/wp-content\/uploads\/2016\/10\/Profesores33.jpg?resize=228%2C150&amp;ssl=1 228w, https:\/\/i0.wp.com\/eltrabajo.cl\/portal\/wp-content\/uploads\/2016\/10\/Profesores33.jpg?resize=400%2C263&amp;ssl=1 400w\" sizes=\"auto, (max-width: 530px) 100vw, 530px\" \/><\/a><figcaption id=\"caption-attachment-74853\" class=\"wp-caption-text\">NADIE FALT\u00d3.- Profesores y directores de escuelas involucradas, as\u00ed como autoridades del proyecto, estuvieron presentes en esta actividad.<\/figcaption><\/figure>\n<figure id=\"attachment_74852\" aria-describedby=\"caption-attachment-74852\" style=\"width: 530px\" class=\"wp-caption alignleft\"><a href=\"http:\/\/www.eltrabajo.cl\/portal\/con-lucido-desfile-celebran-dia-nacional-de-las-brigadas-escolares-integrales\/premiados1-2\/\" rel=\"attachment wp-att-74852\"><img data-recalc-dims=\"1\" loading=\"lazy\" decoding=\"async\" class=\"size-full wp-image-74852\" src=\"https:\/\/i0.wp.com\/www.eltrabajo.cl\/portal\/wp-content\/uploads\/2016\/10\/Premiados1.jpg?resize=530%2C349\" alt=\"UN PREMIO ESPECIAL.- Carabineros obsequi\u00f3 un presente a un estudiantes de cada colegio, el que les fue entregados de manos de la comisario y de su respectivo director escolar.\" width=\"530\" height=\"349\" srcset=\"https:\/\/i0.wp.com\/eltrabajo.cl\/portal\/wp-content\/uploads\/2016\/10\/Premiados1.jpg?w=530&amp;ssl=1 530w, https:\/\/i0.wp.com\/eltrabajo.cl\/portal\/wp-content\/uploads\/2016\/10\/Premiados1.jpg?resize=200%2C132&amp;ssl=1 200w, https:\/\/i0.wp.com\/eltrabajo.cl\/portal\/wp-content\/uploads\/2016\/10\/Premiados1.jpg?resize=300%2C198&amp;ssl=1 300w, https:\/\/i0.wp.com\/eltrabajo.cl\/portal\/wp-content\/uploads\/2016\/10\/Premiados1.jpg?resize=228%2C150&amp;ssl=1 228w, https:\/\/i0.wp.com\/eltrabajo.cl\/portal\/wp-content\/uploads\/2016\/10\/Premiados1.jpg?resize=400%2C263&amp;ssl=1 400w\" sizes=\"auto, (max-width: 530px) 100vw, 530px\" \/><\/a><figcaption id=\"caption-attachment-74852\" class=\"wp-caption-text\">UN PREMIO ESPECIAL.- Carabineros obsequi\u00f3 un presente a un estudiantes de cada colegio, el que les fue entregados de manos de la comisario y de su respectivo director escolar.<\/figcaption><\/figure>\n<figure id=\"attachment_74850\" aria-describedby=\"caption-attachment-74850\" style=\"width: 530px\" class=\"wp-caption alignleft\"><a href=\"http:\/\/www.eltrabajo.cl\/portal\/con-lucido-desfile-celebran-dia-nacional-de-las-brigadas-escolares-integrales\/mayo21-3\/\" rel=\"attachment wp-att-74850\"><img data-recalc-dims=\"1\" loading=\"lazy\" decoding=\"async\" class=\"size-full wp-image-74850\" src=\"https:\/\/i0.wp.com\/www.eltrabajo.cl\/portal\/wp-content\/uploads\/2016\/10\/Mayo21.jpg?resize=530%2C349\" alt=\"LA 21 DE MAYO.- Los chicos de la Escuela 21 de Mayo honraron su casa estudiantil en esta actividad, desfilando con alegr\u00eda y respeto.\" width=\"530\" height=\"349\" srcset=\"https:\/\/i0.wp.com\/eltrabajo.cl\/portal\/wp-content\/uploads\/2016\/10\/Mayo21.jpg?w=530&amp;ssl=1 530w, https:\/\/i0.wp.com\/eltrabajo.cl\/portal\/wp-content\/uploads\/2016\/10\/Mayo21.jpg?resize=200%2C132&amp;ssl=1 200w, https:\/\/i0.wp.com\/eltrabajo.cl\/portal\/wp-content\/uploads\/2016\/10\/Mayo21.jpg?resize=300%2C198&amp;ssl=1 300w, https:\/\/i0.wp.com\/eltrabajo.cl\/portal\/wp-content\/uploads\/2016\/10\/Mayo21.jpg?resize=228%2C150&amp;ssl=1 228w, https:\/\/i0.wp.com\/eltrabajo.cl\/portal\/wp-content\/uploads\/2016\/10\/Mayo21.jpg?resize=400%2C263&amp;ssl=1 400w\" sizes=\"auto, (max-width: 530px) 100vw, 530px\" \/><\/a><figcaption id=\"caption-attachment-74850\" class=\"wp-caption-text\">LA 21 DE MAYO.- Los chicos de la Escuela 21 de Mayo honraron su casa estudiantil en esta actividad, desfilando con alegr\u00eda y respeto.<\/figcaption><\/figure>\n<figure id=\"attachment_74849\" aria-describedby=\"caption-attachment-74849\" style=\"width: 530px\" class=\"wp-caption alignleft\"><a href=\"http:\/\/www.eltrabajo.cl\/portal\/con-lucido-desfile-celebran-dia-nacional-de-las-brigadas-escolares-integrales\/brigada2-3\/\" rel=\"attachment wp-att-74849\"><img data-recalc-dims=\"1\" loading=\"lazy\" decoding=\"async\" class=\"size-full wp-image-74849\" src=\"https:\/\/i0.wp.com\/www.eltrabajo.cl\/portal\/wp-content\/uploads\/2016\/10\/Brigada2.jpg?resize=530%2C350\" alt=\"NUESTRA BANDERITA.- La bandera de nuestro pa\u00eds fue presentada con mucho respeto ante estudiantes y autoridades frente a Carabineros.\" width=\"530\" height=\"350\" srcset=\"https:\/\/i0.wp.com\/eltrabajo.cl\/portal\/wp-content\/uploads\/2016\/10\/Brigada2.jpg?w=530&amp;ssl=1 530w, https:\/\/i0.wp.com\/eltrabajo.cl\/portal\/wp-content\/uploads\/2016\/10\/Brigada2.jpg?resize=200%2C132&amp;ssl=1 200w, https:\/\/i0.wp.com\/eltrabajo.cl\/portal\/wp-content\/uploads\/2016\/10\/Brigada2.jpg?resize=300%2C198&amp;ssl=1 300w, https:\/\/i0.wp.com\/eltrabajo.cl\/portal\/wp-content\/uploads\/2016\/10\/Brigada2.jpg?resize=227%2C150&amp;ssl=1 227w, https:\/\/i0.wp.com\/eltrabajo.cl\/portal\/wp-content\/uploads\/2016\/10\/Brigada2.jpg?resize=400%2C264&amp;ssl=1 400w\" sizes=\"auto, (max-width: 530px) 100vw, 530px\" \/><\/a><figcaption id=\"caption-attachment-74849\" class=\"wp-caption-text\">NUESTRA BANDERITA.- La bandera de nuestro pa\u00eds fue presentada con mucho respeto ante estudiantes y autoridades frente a Carabineros.<\/figcaption><\/figure>\n<figure id=\"attachment_74848\" aria-describedby=\"caption-attachment-74848\" style=\"width: 530px\" class=\"wp-caption alignleft\"><a href=\"http:\/\/www.eltrabajo.cl\/portal\/con-lucido-desfile-celebran-dia-nacional-de-las-brigadas-escolares-integrales\/brigada1-4\/\" rel=\"attachment wp-att-74848\"><img data-recalc-dims=\"1\" loading=\"lazy\" decoding=\"async\" class=\"size-full wp-image-74848\" src=\"https:\/\/i0.wp.com\/www.eltrabajo.cl\/portal\/wp-content\/uploads\/2016\/10\/Brigada1.jpg?resize=530%2C350\" alt=\"UN D\u00cdA ESPECIAL.- As\u00ed lucieron su plumaje estudiantil los estudiantes del Colegio Alonso de Ercilla durante la celebraci\u00f3n del D\u00eda Nacional de las Brigadas Escolares Integrales y de Tr\u00e1nsito.\" width=\"530\" height=\"350\" srcset=\"https:\/\/i0.wp.com\/eltrabajo.cl\/portal\/wp-content\/uploads\/2016\/10\/Brigada1.jpg?w=530&amp;ssl=1 530w, https:\/\/i0.wp.com\/eltrabajo.cl\/portal\/wp-content\/uploads\/2016\/10\/Brigada1.jpg?resize=200%2C132&amp;ssl=1 200w, https:\/\/i0.wp.com\/eltrabajo.cl\/portal\/wp-content\/uploads\/2016\/10\/Brigada1.jpg?resize=300%2C198&amp;ssl=1 300w, https:\/\/i0.wp.com\/eltrabajo.cl\/portal\/wp-content\/uploads\/2016\/10\/Brigada1.jpg?resize=227%2C150&amp;ssl=1 227w, https:\/\/i0.wp.com\/eltrabajo.cl\/portal\/wp-content\/uploads\/2016\/10\/Brigada1.jpg?resize=400%2C264&amp;ssl=1 400w\" sizes=\"auto, (max-width: 530px) 100vw, 530px\" \/><\/a><figcaption id=\"caption-attachment-74848\" class=\"wp-caption-text\">UN D\u00cdA ESPECIAL.- As\u00ed lucieron su plumaje estudiantil los estudiantes del Colegio Alonso de Ercilla durante la celebraci\u00f3n del D\u00eda Nacional de las Brigadas Escolares Integrales y de Tr\u00e1nsito.<\/figcaption><\/figure>\n<p>&nbsp;<\/p>\n<p>&nbsp;<\/p>\n","protected":false},"excerpt":{"rendered":"<p>Ayer martes, frente a la 2\u00aa Comisar\u00eda de Carabineros, en San Felipe, delegaciones de nueve centros educativos municipales y particulares subvencionados de Aconcagua, se dieron cita para ofrecer su presentaci\u00f3n anual en&#8230;<\/p>\n","protected":false},"author":1,"featured_media":74851,"comment_status":"open","ping_status":"open","sticky":false,"template":"","format":"standard","meta":{"advanced_seo_description":"","jetpack_seo_html_title":"","jetpack_seo_noindex":false,"_jetpack_memberships_contains_paid_content":false,"footnotes":""},"categories":[15],"tags":[],"class_list":["post-74847","post","type-post","status-publish","format-standard","has-post-thumbnail","hentry","category-comunidad"],"jetpack_featured_media_url":"https:\/\/i0.wp.com\/eltrabajo.cl\/portal\/wp-content\/uploads\/2016\/10\/portada-desfile-brigadas-transito.jpg?fit=530%2C349&ssl=1","jetpack_sharing_enabled":true,"jetpack_likes_enabled":true,"jetpack-related-posts":[],"_links":{"self":[{"href":"https:\/\/eltrabajo.cl\/portal\/wp-json\/wp\/v2\/posts\/74847","targetHints":{"allow":["GET"]}}],"collection":[{"href":"https:\/\/eltrabajo.cl\/portal\/wp-json\/wp\/v2\/posts"}],"about":[{"href":"https:\/\/eltrabajo.cl\/portal\/wp-json\/wp\/v2\/types\/post"}],"author":[{"embeddable":true,"href":"https:\/\/eltrabajo.cl\/portal\/wp-json\/wp\/v2\/users\/1"}],"replies":[{"embeddable":true,"href":"https:\/\/eltrabajo.cl\/portal\/wp-json\/wp\/v2\/comments?post=74847"}],"version-history":[{"count":0,"href":"https:\/\/eltrabajo.cl\/portal\/wp-json\/wp\/v2\/posts\/74847\/revisions"}],"wp:featuredmedia":[{"embeddable":true,"href":"https:\/\/eltrabajo.cl\/portal\/wp-json\/wp\/v2\/media\/74851"}],"wp:attachment":[{"href":"https:\/\/eltrabajo.cl\/portal\/wp-json\/wp\/v2\/media?parent=74847"}],"wp:term":[{"taxonomy":"category","embeddable":true,"href":"https:\/\/eltrabajo.cl\/portal\/wp-json\/wp\/v2\/categories?post=74847"},{"taxonomy":"post_tag","embeddable":true,"href":"https:\/\/eltrabajo.cl\/portal\/wp-json\/wp\/v2\/tags?post=74847"}],"curies":[{"name":"wp","href":"https:\/\/api.w.org\/{rel}","templated":true}]}}