{"id":74857,"date":"2016-10-26T09:23:58","date_gmt":"2016-10-26T12:23:58","guid":{"rendered":"http:\/\/www.eltrabajo.cl\/portal\/?p=74857"},"modified":"2016-10-26T09:23:59","modified_gmt":"2016-10-26T12:23:59","slug":"presentan-al-concejo-municipal-anteproyecto-de-parque-urbano-para-la-comuna","status":"publish","type":"post","link":"https:\/\/eltrabajo.cl\/portal\/presentan-al-concejo-municipal-anteproyecto-de-parque-urbano-para-la-comuna\/","title":{"rendered":"Presentan al Concejo Municipal anteproyecto de parque urbano para la comuna"},"content":{"rendered":"<p>Este martes, el secretario de Planificaci\u00f3n Comunal de San Felipe, Claudio Paredes present\u00f3 al Concejo Municipal el anteproyecto de parque urbano impulsado por el alcalde Patricio Freire, iniciativa que plantea utilizar algunas hect\u00e1reas de las dependencias de la Escuela Agr\u00edcola.<br \/>\nEn la sesi\u00f3n de Concejo, estuvo presente el director de ese establecimiento, Carlos Dasso, quien conoci\u00f3 los detalles del anteproyecto, el que, seg\u00fan se explic\u00f3 debe ser consensuado con la comunidad educativa de la Escuela Agr\u00edcola, as\u00ed como los vecinos.<br \/>\nSeg\u00fan expres\u00f3 el Secpla, lo que se busca con la creaci\u00f3n de este parque urbano es contar con \u00e1reas de esparcimiento y recreaci\u00f3n, sectores para el deporte y suplir el d\u00e9ficit de \u00e1reas verdes que existe en la comuna.<br \/>\n\u201cEstamos en una l\u00ednea de poder generar este tipo de infraestructura y queremos conversar y dialogar en conjunto con la Escuela Agr\u00edcola y con las autoridades nacionales que est\u00e1n a cargo de la escuela y el ministerio de Educaci\u00f3n, de manera de enfrentar en conjunto y buscar una f\u00f3rmula de administraci\u00f3n de este espacio\u201d, dijo Paredes.<br \/>\nDe acuerdo a la presentaci\u00f3n realizada por la Secretar\u00eda de Planificaci\u00f3n, el parque, que ocupar\u00eda unas siete u ocho hect\u00e1reas de las 48 con que cuenta la Escuela Agr\u00edcola, tendr\u00eda una faja de servicios, ya sea en el \u00e1mbito tur\u00edstico o de artesan\u00eda, espacios de \u00e1reas verdes, con una pista atl\u00e9tica y un campo de marte, una explanada donde se puedan instalar, por per\u00edodos acotados, tanto circos como entretenciones mec\u00e1nicas y un espacio de viveros o huertos, de manera de tener relaci\u00f3n con el establecimiento.<br \/>\nEl proceso, ahora contin\u00faa con una etapa de an\u00e1lisis del anteproyecto, que involucra a las autoridades de la comuna, de la escuela y el Concejo Municipal, con el objetivo de lograr una iniciativa consensuada con la comunidad, lo que es una caracter\u00edstica de la administraci\u00f3n del alcalde Patricio Freire.<br \/>\nPor su parte el director de la Escuela Agr\u00edcola, Carlos Dasso, destac\u00f3 el inter\u00e9s del municipio de contar con un parque en esas instalaciones, pero se\u00f1al\u00f3 que esperan conocer los detalles del proyecto, realizar un proceso de an\u00e1lisis y presentar sus observaciones.<br \/>\n\u201cCualquier idea o proyecto que involucre terrenos que est\u00e1n bajo nuestra administraci\u00f3n, obviamente que nos interesa escuchar y eso es lo que estamos haciendo ahora, escuchado y atendiendo cu\u00e1l es el alcance del proyecto\u201d y agreg\u00f3 que \u201csiempre un \u00e1rea verde es algo lindo para una ciudad, nadie puede discutir que si hay algo hermoso para una ciudad son las plantas, los sectores verdes, que necesitan tiempo, cuidado, manejo y limpieza y eso es algo que se hace de un rato para otro y no es algo que se hace y se deja de hacer, es algo continuo\u201d, se\u00f1al\u00f3 el director.<\/p>\n<figure id=\"attachment_74858\" aria-describedby=\"caption-attachment-74858\" style=\"width: 530px\" class=\"wp-caption alignleft\"><a href=\"http:\/\/www.eltrabajo.cl\/portal\/presentan-al-concejo-municipal-anteproyecto-de-parque-urbano-para-la-comuna\/ante-proyecto\/\" rel=\"attachment wp-att-74858\"><img data-recalc-dims=\"1\" loading=\"lazy\" decoding=\"async\" class=\"size-full wp-image-74858\" src=\"https:\/\/i0.wp.com\/www.eltrabajo.cl\/portal\/wp-content\/uploads\/2016\/10\/ante-proyecto.jpg?resize=530%2C349\" alt=\"PLANOS.- Este proyecto pretende contar con una faja de servicios, espacios de \u00e1reas verdes, con una pista atl\u00e9tica y un campo de marte, una explanada donde se puedan instalar, por per\u00edodos acotados, tanto circos como entretenciones mec\u00e1nicas y un espacio de viveros o huertos, de manera de tener relaci\u00f3n con el establecimiento. \" width=\"530\" height=\"349\" srcset=\"https:\/\/i0.wp.com\/eltrabajo.cl\/portal\/wp-content\/uploads\/2016\/10\/ante-proyecto.jpg?w=530&amp;ssl=1 530w, https:\/\/i0.wp.com\/eltrabajo.cl\/portal\/wp-content\/uploads\/2016\/10\/ante-proyecto.jpg?resize=200%2C132&amp;ssl=1 200w, https:\/\/i0.wp.com\/eltrabajo.cl\/portal\/wp-content\/uploads\/2016\/10\/ante-proyecto.jpg?resize=300%2C198&amp;ssl=1 300w, https:\/\/i0.wp.com\/eltrabajo.cl\/portal\/wp-content\/uploads\/2016\/10\/ante-proyecto.jpg?resize=228%2C150&amp;ssl=1 228w, https:\/\/i0.wp.com\/eltrabajo.cl\/portal\/wp-content\/uploads\/2016\/10\/ante-proyecto.jpg?resize=400%2C263&amp;ssl=1 400w\" sizes=\"auto, (max-width: 530px) 100vw, 530px\" \/><\/a><figcaption id=\"caption-attachment-74858\" class=\"wp-caption-text\">PLANOS.- Este proyecto pretende contar con una faja de servicios, espacios de \u00e1reas verdes, con una pista atl\u00e9tica y un campo de marte, una explanada donde se puedan instalar, por per\u00edodos acotados, tanto circos como entretenciones mec\u00e1nicas y un espacio de viveros o huertos, de manera de tener relaci\u00f3n con el establecimiento.<\/figcaption><\/figure>\n<figure id=\"attachment_74859\" aria-describedby=\"caption-attachment-74859\" style=\"width: 530px\" class=\"wp-caption alignleft\"><a href=\"http:\/\/www.eltrabajo.cl\/portal\/presentan-al-concejo-municipal-anteproyecto-de-parque-urbano-para-la-comuna\/concejo-3\/\" rel=\"attachment wp-att-74859\"><img data-recalc-dims=\"1\" loading=\"lazy\" decoding=\"async\" class=\"size-full wp-image-74859\" src=\"https:\/\/i0.wp.com\/www.eltrabajo.cl\/portal\/wp-content\/uploads\/2016\/10\/concejo.jpg?resize=530%2C349\" alt=\"En la sesi\u00f3n, estuvo presente el director de la Escuela Agr\u00edcola, Carlos Dasso, quien conoci\u00f3 los detalles del anteproyecto, el que, seg\u00fan se explic\u00f3 debe ser consensuado con la comunidad educativa de la Escuela Agr\u00edcola, as\u00ed como los vecinos.\" width=\"530\" height=\"349\" srcset=\"https:\/\/i0.wp.com\/eltrabajo.cl\/portal\/wp-content\/uploads\/2016\/10\/concejo.jpg?w=530&amp;ssl=1 530w, https:\/\/i0.wp.com\/eltrabajo.cl\/portal\/wp-content\/uploads\/2016\/10\/concejo.jpg?resize=200%2C132&amp;ssl=1 200w, https:\/\/i0.wp.com\/eltrabajo.cl\/portal\/wp-content\/uploads\/2016\/10\/concejo.jpg?resize=300%2C198&amp;ssl=1 300w, https:\/\/i0.wp.com\/eltrabajo.cl\/portal\/wp-content\/uploads\/2016\/10\/concejo.jpg?resize=228%2C150&amp;ssl=1 228w, https:\/\/i0.wp.com\/eltrabajo.cl\/portal\/wp-content\/uploads\/2016\/10\/concejo.jpg?resize=400%2C263&amp;ssl=1 400w\" sizes=\"auto, (max-width: 530px) 100vw, 530px\" \/><\/a><figcaption id=\"caption-attachment-74859\" class=\"wp-caption-text\">En la sesi\u00f3n, estuvo presente el director de la Escuela Agr\u00edcola, Carlos Dasso, quien conoci\u00f3 los detalles del anteproyecto, el que, seg\u00fan se explic\u00f3 debe ser consensuado con la comunidad educativa de la Escuela Agr\u00edcola, as\u00ed como los vecinos.<\/figcaption><\/figure>\n","protected":false},"excerpt":{"rendered":"<p>Este martes, el secretario de Planificaci\u00f3n Comunal de San Felipe, Claudio Paredes present\u00f3 al Concejo Municipal el anteproyecto de parque urbano impulsado por el alcalde Patricio Freire, iniciativa que plantea utilizar algunas&#8230;<\/p>\n","protected":false},"author":1,"featured_media":0,"comment_status":"open","ping_status":"open","sticky":false,"template":"","format":"standard","meta":{"advanced_seo_description":"","jetpack_seo_html_title":"","jetpack_seo_noindex":false,"_jetpack_memberships_contains_paid_content":false,"footnotes":""},"categories":[1],"tags":[],"class_list":["post-74857","post","type-post","status-publish","format-standard","hentry","category-cronica"],"jetpack_featured_media_url":"","jetpack_sharing_enabled":true,"jetpack_likes_enabled":true,"jetpack-related-posts":[],"_links":{"self":[{"href":"https:\/\/eltrabajo.cl\/portal\/wp-json\/wp\/v2\/posts\/74857","targetHints":{"allow":["GET"]}}],"collection":[{"href":"https:\/\/eltrabajo.cl\/portal\/wp-json\/wp\/v2\/posts"}],"about":[{"href":"https:\/\/eltrabajo.cl\/portal\/wp-json\/wp\/v2\/types\/post"}],"author":[{"embeddable":true,"href":"https:\/\/eltrabajo.cl\/portal\/wp-json\/wp\/v2\/users\/1"}],"replies":[{"embeddable":true,"href":"https:\/\/eltrabajo.cl\/portal\/wp-json\/wp\/v2\/comments?post=74857"}],"version-history":[{"count":0,"href":"https:\/\/eltrabajo.cl\/portal\/wp-json\/wp\/v2\/posts\/74857\/revisions"}],"wp:attachment":[{"href":"https:\/\/eltrabajo.cl\/portal\/wp-json\/wp\/v2\/media?parent=74857"}],"wp:term":[{"taxonomy":"category","embeddable":true,"href":"https:\/\/eltrabajo.cl\/portal\/wp-json\/wp\/v2\/categories?post=74857"},{"taxonomy":"post_tag","embeddable":true,"href":"https:\/\/eltrabajo.cl\/portal\/wp-json\/wp\/v2\/tags?post=74857"}],"curies":[{"name":"wp","href":"https:\/\/api.w.org\/{rel}","templated":true}]}}