{"id":74863,"date":"2016-10-27T08:25:29","date_gmt":"2016-10-27T11:25:29","guid":{"rendered":"http:\/\/www.eltrabajo.cl\/portal\/?p=74863"},"modified":"2016-10-27T08:25:29","modified_gmt":"2016-10-27T11:25:29","slug":"piden-al-gobierno-declarar-a-putaendo-como-zona-de-catastrofe","status":"publish","type":"post","link":"https:\/\/eltrabajo.cl\/portal\/piden-al-gobierno-declarar-a-putaendo-como-zona-de-catastrofe\/","title":{"rendered":"Piden al Gobierno declarar a Putaendo como zona de cat\u00e1strofe"},"content":{"rendered":"<ul>\n<li><strong>Senador Chahu\u00e1n\u00a0lament\u00f3 que nuevamente las medidas de excepci\u00f3n decretadas para 14 comunas de Valpara\u00edso afectadas por la sequ\u00eda, no consideren a Putaendo y pidi\u00f3 al Ejecutivo \u201crecapacitar\u201d.<\/strong><\/li>\n<\/ul>\n<figure id=\"attachment_74864\" aria-describedby=\"caption-attachment-74864\" style=\"width: 300px\" class=\"wp-caption alignleft\"><a href=\"http:\/\/www.eltrabajo.cl\/portal\/piden-al-gobierno-declarar-a-putaendo-como-zona-de-catastrofe\/chahuan\/\" rel=\"attachment wp-att-74864\"><img data-recalc-dims=\"1\" loading=\"lazy\" decoding=\"async\" class=\"size-medium wp-image-74864\" src=\"https:\/\/i0.wp.com\/www.eltrabajo.cl\/portal\/wp-content\/uploads\/2016\/10\/chahuan-300x197.jpg?resize=300%2C197\" alt=\"Senador Francisco Javier Chahu\u00e1n Chahu\u00e1n.\" width=\"300\" height=\"197\" srcset=\"https:\/\/i0.wp.com\/eltrabajo.cl\/portal\/wp-content\/uploads\/2016\/10\/chahuan.jpg?resize=300%2C197&amp;ssl=1 300w, https:\/\/i0.wp.com\/eltrabajo.cl\/portal\/wp-content\/uploads\/2016\/10\/chahuan.jpg?resize=200%2C131&amp;ssl=1 200w, https:\/\/i0.wp.com\/eltrabajo.cl\/portal\/wp-content\/uploads\/2016\/10\/chahuan.jpg?resize=228%2C150&amp;ssl=1 228w, https:\/\/i0.wp.com\/eltrabajo.cl\/portal\/wp-content\/uploads\/2016\/10\/chahuan.jpg?resize=400%2C263&amp;ssl=1 400w, https:\/\/i0.wp.com\/eltrabajo.cl\/portal\/wp-content\/uploads\/2016\/10\/chahuan.jpg?w=530&amp;ssl=1 530w\" sizes=\"auto, (max-width: 300px) 100vw, 300px\" \/><\/a><figcaption id=\"caption-attachment-74864\" class=\"wp-caption-text\">Senador Francisco Javier Chahu\u00e1n Chahu\u00e1n.<\/figcaption><\/figure>\n<p>El senador Francisco Chahu\u00e1n, calific\u00f3 de \u201cincomprensible\u201d que el Decreto Supremo 912 del Ministerio del Interior, que prorrog\u00f3 la declaraci\u00f3n como zonas afectadas por la cat\u00e1strofe derivada de la sequ\u00eda a todas las comunas de la Regi\u00f3n de Coquimbo y a 15 de la regi\u00f3n de Valpara\u00edso, excluyera a Putaendo y llam\u00f3 al Gobierno \u201ca recapacitar y entender que esa localidad debe incluirse en esa categor\u00eda para que tambi\u00e9n pueda acceder a los beneficios que dicha condici\u00f3n supone\u201d.<br \/>\nEl integrante de la Comisi\u00f3n Especial de Recursos H\u00eddricos del Senado, lament\u00f3 la situaci\u00f3n que se repite y afirm\u00f3 que \u201chaber obviado otra vez a esta comuna del decreto es un acto de irresponsabilidad del Gobierno, que se debe corregir\u201d.<br \/>\nEl parlamentario precis\u00f3, que mientras el documento reconoce la situaci\u00f3n de cat\u00e1strofe producto de la escasez h\u00eddrica de todas las comunas de la regi\u00f3n de Coquimbo, en la Regi\u00f3n de Valpara\u00edso s\u00f3lo pueden acceder a los beneficios que dispone el decreto un total de 14 localidades, entre las que se cuentan La Ligua, Petorca, Cabildo, Zapallar, Papudo, en la provincia de Petorca; Limache, en la provincia de Marga Marga; San Felipe, Catemu, Llay Llay y Panquehue, en la provincia de San Felipe; Quillota, en la provincia hom\u00f3nima; Calle Larga, Los Andes y San Esteban, en la provincia de Los Andes.<br \/>\nChahu\u00e1n cuestion\u00f3 la decisi\u00f3n de excluir a Putaendo de las medidas dispuestas para enfrentar la crisis \u201cpues la grave sequ\u00eda que afecta a nuestra Regi\u00f3n hace necesario implementar medidas de excepci\u00f3n que permitan enfrentar de manera m\u00e1s eficiente y eficaz los efectos adversos de dicha cat\u00e1strofe, tal como lo establece el decreto, en todos los lugares que lo requieren y eso no est\u00e1 ocurriendo cuando marginan a Putaendo\u201d.<br \/>\nEl documento fundamenta la decisi\u00f3n en que los efectos de la escasez h\u00eddrica, han perjudicado considerablemente la actividad econ\u00f3mica de la miner\u00eda peque\u00f1a y artesanal, lo mismo que la de peque\u00f1os y medianos agricultores y autoriza a la tesorer\u00eda General de la Rep\u00fablica a otorgarle a esas personas facilidades y alivio tributario.<\/p>\n","protected":false},"excerpt":{"rendered":"<p>Senador Chahu\u00e1n\u00a0lament\u00f3 que nuevamente las medidas de excepci\u00f3n decretadas para 14 comunas de Valpara\u00edso afectadas por la sequ\u00eda, no consideren a Putaendo y pidi\u00f3 al Ejecutivo \u201crecapacitar\u201d. El senador Francisco Chahu\u00e1n, calific\u00f3&#8230;<\/p>\n","protected":false},"author":1,"featured_media":74864,"comment_status":"open","ping_status":"open","sticky":false,"template":"","format":"standard","meta":{"advanced_seo_description":"","jetpack_seo_html_title":"","jetpack_seo_noindex":false,"_jetpack_memberships_contains_paid_content":false,"footnotes":""},"categories":[1],"tags":[],"class_list":["post-74863","post","type-post","status-publish","format-standard","has-post-thumbnail","hentry","category-cronica"],"jetpack_featured_media_url":"https:\/\/i0.wp.com\/eltrabajo.cl\/portal\/wp-content\/uploads\/2016\/10\/chahuan.jpg?fit=530%2C348&ssl=1","jetpack_sharing_enabled":true,"jetpack_likes_enabled":true,"jetpack-related-posts":[],"_links":{"self":[{"href":"https:\/\/eltrabajo.cl\/portal\/wp-json\/wp\/v2\/posts\/74863","targetHints":{"allow":["GET"]}}],"collection":[{"href":"https:\/\/eltrabajo.cl\/portal\/wp-json\/wp\/v2\/posts"}],"about":[{"href":"https:\/\/eltrabajo.cl\/portal\/wp-json\/wp\/v2\/types\/post"}],"author":[{"embeddable":true,"href":"https:\/\/eltrabajo.cl\/portal\/wp-json\/wp\/v2\/users\/1"}],"replies":[{"embeddable":true,"href":"https:\/\/eltrabajo.cl\/portal\/wp-json\/wp\/v2\/comments?post=74863"}],"version-history":[{"count":0,"href":"https:\/\/eltrabajo.cl\/portal\/wp-json\/wp\/v2\/posts\/74863\/revisions"}],"wp:featuredmedia":[{"embeddable":true,"href":"https:\/\/eltrabajo.cl\/portal\/wp-json\/wp\/v2\/media\/74864"}],"wp:attachment":[{"href":"https:\/\/eltrabajo.cl\/portal\/wp-json\/wp\/v2\/media?parent=74863"}],"wp:term":[{"taxonomy":"category","embeddable":true,"href":"https:\/\/eltrabajo.cl\/portal\/wp-json\/wp\/v2\/categories?post=74863"},{"taxonomy":"post_tag","embeddable":true,"href":"https:\/\/eltrabajo.cl\/portal\/wp-json\/wp\/v2\/tags?post=74863"}],"curies":[{"name":"wp","href":"https:\/\/api.w.org\/{rel}","templated":true}]}}