{"id":74867,"date":"2016-10-27T08:28:17","date_gmt":"2016-10-27T11:28:17","guid":{"rendered":"http:\/\/www.eltrabajo.cl\/portal\/?p=74867"},"modified":"2016-10-27T08:28:17","modified_gmt":"2016-10-27T11:28:17","slug":"usuarios-de-los-tres-cesfam-celebran-en-grande-el-mes-del-adulto-mayor","status":"publish","type":"post","link":"https:\/\/eltrabajo.cl\/portal\/usuarios-de-los-tres-cesfam-celebran-en-grande-el-mes-del-adulto-mayor\/","title":{"rendered":"Usuarios de los tres Cesfam celebran en grande el Mes del Adulto Mayor"},"content":{"rendered":"<p>El D\u00eda Internacional del Adulto Mayor, fue proclamado en 1990 por la Asamblea General de Organizaci\u00f3n de las Naciones Unidas y busca promover, la toma de conciencia sobre el valor de la vejez y la necesidad de la integraci\u00f3n social igualitaria. Es por eso, que en el a\u00f1o 2007, el Servicio Nacional del Adulto Mayor (Senama), declar\u00f3 a octubre como el \u2018Mes de los M\u00e1s Grandes\u2019, para visibilizar a los mayores, sus necesidades y su gran aporte a nuestra sociedad.<br \/>\nDicho esto, hoy en Diario El Trabajo, compartimos algunas de las actividades que la Direcci\u00f3n Municipal de Salud de San Felipe, ha desarrollado, como la reciente actividad que hizo en el teatro municipal, en donde adultos mayores usuarios el Cesfam Segismundo Iturra, Cesfam Curim\u00f3n y San Felipe El Real, se dieron cita para presentar actividades art\u00edsticas desarrolladas por ellos mismos.<br \/>\n\u00abEl \u2018Programa + adultos mayores autovalentes\u2019 se desarroll\u00f3 con gran dinamismo, vimos a los usuarios asumiendo un estilo de vida autosuficiente; bailaron tango y cueca; presentaci\u00f3n de ellos mismos interpretando a mimos; bailes cubanos con la profesora Teresita Guti\u00e9rrez y preparaci\u00f3n de recetas con cremas A\u00f1os Dorados\u00bb, coment\u00f3 a Diario El Trabajo el coordinador del Programa Salud del Adulto Mayor del Cesfam Segismundo Iturra, Gast\u00f3n Gonz\u00e1lez.<br \/>\n<strong>Roberto Gonz\u00e1lez Short<\/strong><\/p>\n<figure id=\"attachment_74868\" aria-describedby=\"caption-attachment-74868\" style=\"width: 530px\" class=\"wp-caption alignleft\"><a href=\"http:\/\/www.eltrabajo.cl\/portal\/usuarios-de-los-tres-cesfam-celebran-en-grande-el-mes-del-adulto-mayor\/adulto1\/\" rel=\"attachment wp-att-74868\"><img data-recalc-dims=\"1\" loading=\"lazy\" decoding=\"async\" class=\"size-full wp-image-74868\" src=\"https:\/\/i0.wp.com\/www.eltrabajo.cl\/portal\/wp-content\/uploads\/2016\/10\/Adulto1.jpg?resize=530%2C350\" alt=\"MIMOS REGALONES.- Aqu\u00ed tenemos a estos regalones abuelos maquillados como mimos, cada uno de ellos ofreci\u00f3 su mejor esfuerzo art\u00edstico durante la funci\u00f3n especial.\" width=\"530\" height=\"350\" srcset=\"https:\/\/i0.wp.com\/eltrabajo.cl\/portal\/wp-content\/uploads\/2016\/10\/Adulto1.jpg?w=530&amp;ssl=1 530w, https:\/\/i0.wp.com\/eltrabajo.cl\/portal\/wp-content\/uploads\/2016\/10\/Adulto1.jpg?resize=200%2C132&amp;ssl=1 200w, https:\/\/i0.wp.com\/eltrabajo.cl\/portal\/wp-content\/uploads\/2016\/10\/Adulto1.jpg?resize=300%2C198&amp;ssl=1 300w, https:\/\/i0.wp.com\/eltrabajo.cl\/portal\/wp-content\/uploads\/2016\/10\/Adulto1.jpg?resize=227%2C150&amp;ssl=1 227w, https:\/\/i0.wp.com\/eltrabajo.cl\/portal\/wp-content\/uploads\/2016\/10\/Adulto1.jpg?resize=400%2C264&amp;ssl=1 400w\" sizes=\"auto, (max-width: 530px) 100vw, 530px\" \/><\/a><figcaption id=\"caption-attachment-74868\" class=\"wp-caption-text\">MIMOS REGALONES.- Aqu\u00ed tenemos a estos regalones abuelos maquillados como mimos, cada uno de ellos ofreci\u00f3 su mejor esfuerzo art\u00edstico durante la funci\u00f3n especial.<\/figcaption><\/figure>\n<figure id=\"attachment_74869\" aria-describedby=\"caption-attachment-74869\" style=\"width: 530px\" class=\"wp-caption alignleft\"><a href=\"http:\/\/www.eltrabajo.cl\/portal\/usuarios-de-los-tres-cesfam-celebran-en-grande-el-mes-del-adulto-mayor\/adulto2\/\" rel=\"attachment wp-att-74869\"><img data-recalc-dims=\"1\" loading=\"lazy\" decoding=\"async\" class=\"size-full wp-image-74869\" src=\"https:\/\/i0.wp.com\/www.eltrabajo.cl\/portal\/wp-content\/uploads\/2016\/10\/Adulto2.jpg?resize=530%2C348\" alt=\"MUY BAILARINES.- Otros en cambio, prefirieron apostarlo todo a nuestro baile nacional con sus alegres pies de cueca.\" width=\"530\" height=\"348\" srcset=\"https:\/\/i0.wp.com\/eltrabajo.cl\/portal\/wp-content\/uploads\/2016\/10\/Adulto2.jpg?w=530&amp;ssl=1 530w, https:\/\/i0.wp.com\/eltrabajo.cl\/portal\/wp-content\/uploads\/2016\/10\/Adulto2.jpg?resize=200%2C131&amp;ssl=1 200w, https:\/\/i0.wp.com\/eltrabajo.cl\/portal\/wp-content\/uploads\/2016\/10\/Adulto2.jpg?resize=300%2C197&amp;ssl=1 300w, https:\/\/i0.wp.com\/eltrabajo.cl\/portal\/wp-content\/uploads\/2016\/10\/Adulto2.jpg?resize=228%2C150&amp;ssl=1 228w, https:\/\/i0.wp.com\/eltrabajo.cl\/portal\/wp-content\/uploads\/2016\/10\/Adulto2.jpg?resize=400%2C263&amp;ssl=1 400w\" sizes=\"auto, (max-width: 530px) 100vw, 530px\" \/><\/a><figcaption id=\"caption-attachment-74869\" class=\"wp-caption-text\">MUY BAILARINES.- Otros en cambio, prefirieron apostarlo todo a nuestro baile nacional con sus alegres pies de cueca.<\/figcaption><\/figure>\n<figure id=\"attachment_74870\" aria-describedby=\"caption-attachment-74870\" style=\"width: 530px\" class=\"wp-caption alignleft\"><a href=\"http:\/\/www.eltrabajo.cl\/portal\/usuarios-de-los-tres-cesfam-celebran-en-grande-el-mes-del-adulto-mayor\/adulto3\/\" rel=\"attachment wp-att-74870\"><img data-recalc-dims=\"1\" loading=\"lazy\" decoding=\"async\" class=\"size-full wp-image-74870\" src=\"https:\/\/i0.wp.com\/www.eltrabajo.cl\/portal\/wp-content\/uploads\/2016\/10\/Adulto3.jpg?resize=530%2C349\" alt=\"SIEMPRE LA CUECA.- As\u00ed bailaron los adultos mayores en el Mes del Adulto Mayor, durante esta gala especial en el teatro municipal.\" width=\"530\" height=\"349\" srcset=\"https:\/\/i0.wp.com\/eltrabajo.cl\/portal\/wp-content\/uploads\/2016\/10\/Adulto3.jpg?w=530&amp;ssl=1 530w, https:\/\/i0.wp.com\/eltrabajo.cl\/portal\/wp-content\/uploads\/2016\/10\/Adulto3.jpg?resize=200%2C132&amp;ssl=1 200w, https:\/\/i0.wp.com\/eltrabajo.cl\/portal\/wp-content\/uploads\/2016\/10\/Adulto3.jpg?resize=300%2C198&amp;ssl=1 300w, https:\/\/i0.wp.com\/eltrabajo.cl\/portal\/wp-content\/uploads\/2016\/10\/Adulto3.jpg?resize=228%2C150&amp;ssl=1 228w, https:\/\/i0.wp.com\/eltrabajo.cl\/portal\/wp-content\/uploads\/2016\/10\/Adulto3.jpg?resize=400%2C263&amp;ssl=1 400w\" sizes=\"auto, (max-width: 530px) 100vw, 530px\" \/><\/a><figcaption id=\"caption-attachment-74870\" class=\"wp-caption-text\">SIEMPRE LA CUECA.- As\u00ed bailaron los adultos mayores en el Mes del Adulto Mayor, durante esta gala especial en el teatro municipal.<\/figcaption><\/figure>\n","protected":false},"excerpt":{"rendered":"<p>El D\u00eda Internacional del Adulto Mayor, fue proclamado en 1990 por la Asamblea General de Organizaci\u00f3n de las Naciones Unidas y busca promover, la toma de conciencia sobre el valor de la&#8230;<\/p>\n","protected":false},"author":1,"featured_media":74868,"comment_status":"open","ping_status":"open","sticky":false,"template":"","format":"standard","meta":{"advanced_seo_description":"","jetpack_seo_html_title":"","jetpack_seo_noindex":false,"_jetpack_memberships_contains_paid_content":false,"footnotes":""},"categories":[1],"tags":[],"class_list":["post-74867","post","type-post","status-publish","format-standard","has-post-thumbnail","hentry","category-cronica"],"jetpack_featured_media_url":"https:\/\/i0.wp.com\/eltrabajo.cl\/portal\/wp-content\/uploads\/2016\/10\/Adulto1.jpg?fit=530%2C350&ssl=1","jetpack_sharing_enabled":true,"jetpack_likes_enabled":true,"jetpack-related-posts":[],"_links":{"self":[{"href":"https:\/\/eltrabajo.cl\/portal\/wp-json\/wp\/v2\/posts\/74867","targetHints":{"allow":["GET"]}}],"collection":[{"href":"https:\/\/eltrabajo.cl\/portal\/wp-json\/wp\/v2\/posts"}],"about":[{"href":"https:\/\/eltrabajo.cl\/portal\/wp-json\/wp\/v2\/types\/post"}],"author":[{"embeddable":true,"href":"https:\/\/eltrabajo.cl\/portal\/wp-json\/wp\/v2\/users\/1"}],"replies":[{"embeddable":true,"href":"https:\/\/eltrabajo.cl\/portal\/wp-json\/wp\/v2\/comments?post=74867"}],"version-history":[{"count":0,"href":"https:\/\/eltrabajo.cl\/portal\/wp-json\/wp\/v2\/posts\/74867\/revisions"}],"wp:featuredmedia":[{"embeddable":true,"href":"https:\/\/eltrabajo.cl\/portal\/wp-json\/wp\/v2\/media\/74868"}],"wp:attachment":[{"href":"https:\/\/eltrabajo.cl\/portal\/wp-json\/wp\/v2\/media?parent=74867"}],"wp:term":[{"taxonomy":"category","embeddable":true,"href":"https:\/\/eltrabajo.cl\/portal\/wp-json\/wp\/v2\/categories?post=74867"},{"taxonomy":"post_tag","embeddable":true,"href":"https:\/\/eltrabajo.cl\/portal\/wp-json\/wp\/v2\/tags?post=74867"}],"curies":[{"name":"wp","href":"https:\/\/api.w.org\/{rel}","templated":true}]}}