{"id":74878,"date":"2016-10-27T08:34:45","date_gmt":"2016-10-27T11:34:45","guid":{"rendered":"http:\/\/www.eltrabajo.cl\/portal\/?p=74878"},"modified":"2016-10-27T08:34:45","modified_gmt":"2016-10-27T11:34:45","slug":"servicios-publicos-volveran-a-atender-recien-el-miercoles-4-de-noviembre","status":"publish","type":"post","link":"https:\/\/eltrabajo.cl\/portal\/servicios-publicos-volveran-a-atender-recien-el-miercoles-4-de-noviembre\/","title":{"rendered":"Servicios P\u00fablicos volver\u00e1n a atender reci\u00e9n el mi\u00e9rcoles 4 de noviembre"},"content":{"rendered":"<ul>\n<li><strong><span style=\"color: #ff0000;\">A las 72 horas de paro nacional hay que sumar lunes y martes feriados:<\/span>\u00a0Gobierno ingres\u00f3 Proyecto de Ley al Congreso, sin haber llegado a un acuerdo con el gremio de trabajadores del sector p\u00fablico, hecho que reduce las posibilidades de terminar antes con las movilizaciones.<\/strong><\/li>\n<\/ul>\n<p>Ser\u00e1n 72 horas de paro, los que cumplir\u00e1 ma\u00f1ana el sector p\u00fablico. Tres d\u00edas sin atenci\u00f3n en servicios de alta demanda de usuarios durante la semana. Tr\u00e1mites que los aconcag\u00fcinos -al igual que el resto de los chilenos- tendr\u00e1n que saber reprogramar y armarse de paciencia una vez que el funcionamiento vuelva a la normalidad, hecho que reci\u00e9n podr\u00eda darse el mi\u00e9rcoles de la pr\u00f3xima semana.<br \/>\nEsto, de no mediar un acuerdo entre el Gobierno y la mesa directiva del sector p\u00fablico. Ambas partes no han logrado conciliar un arreglo en el reajuste salarial de los funcionarios para el 2017 y esto implica que la medida de presi\u00f3n impuesta por el gremio de trabajadores se mantendr\u00eda indeclinable.<br \/>\nAs\u00ed lo confirm\u00f3 WladimirTap\u00eda, presidente de la Confederaci\u00f3n de Funcionarios Municipales, Asemuch San Felipe, quien cont\u00f3 que \u201cen la \u00faltima reuni\u00f3n del d\u00eda de ayer (martes), se quebr\u00f3 la mesa, toda vez que el Gobierno no hizo ninguna nueva propuesta y adem\u00e1s de ello ingres\u00f3 de forma unilateral el proyecto de ley de reajuste al sector p\u00fablico al Congreso y en ese contexto es que hemos llamado a esta paralizaci\u00f3n y ver si a trav\u00e9s de los parlamentarios, se puede hacer alguna modificaci\u00f3n a fin de lograr un mejor reajuste para los funcionarios\u201d, detall\u00f3 el dirigente.<br \/>\nTal como se consignara con anterioridad, la aspiraci\u00f3n del gremio en un principio es de un 7%, con el margen de llegar a un acuerdo del 4% de reajuste, cifra que est\u00e1 muy por encima de la propuesta gubernamental y que en el ejercicio de remuneraciones para el 2017 implica un aumento casi inexistente para los trabajadores.<br \/>\n\u201cEl Gobierno ingres\u00f3 el proyecto con un reajuste del 3.2%, entendiendo que las proyecciones de IPC van a estar en ese punto, en la realidad eso significa un incremento de 0, es decir, no habr\u00e1 aumento de salario y eso es lo que nos mantiene molestos (\u2026) el 7% nominal significa que debemos restarle el IPC anual, significar\u00eda un 3.5 de aumento real, eso quiere decir que por cada 100 mil pesos, se aumentan 3.500 pesos por cada funcionario y con la propuesta actual, no habr\u00eda ning\u00fan aumento\u201d, explic\u00f3 Tapia.<\/p>\n<figure id=\"attachment_74879\" aria-describedby=\"caption-attachment-74879\" style=\"width: 530px\" class=\"wp-caption alignleft\"><a href=\"http:\/\/www.eltrabajo.cl\/portal\/servicios-publicos-volveran-a-atender-recien-el-miercoles-4-de-noviembre\/foto-2-con-fonaza\/\" rel=\"attachment wp-att-74879\"><img data-recalc-dims=\"1\" loading=\"lazy\" decoding=\"async\" class=\"size-full wp-image-74879\" src=\"https:\/\/i0.wp.com\/www.eltrabajo.cl\/portal\/wp-content\/uploads\/2016\/10\/FOTO-2-CON-FONAZA.jpg?resize=530%2C350\" alt=\"Con Fonasa y el IPS paralizados, la Caja Los Andes debi\u00f3 atender solicitudes de bono, provocando una larga y tediosa espera por parte de los usuarios.\" width=\"530\" height=\"350\" srcset=\"https:\/\/i0.wp.com\/eltrabajo.cl\/portal\/wp-content\/uploads\/2016\/10\/FOTO-2-CON-FONAZA.jpg?w=530&amp;ssl=1 530w, https:\/\/i0.wp.com\/eltrabajo.cl\/portal\/wp-content\/uploads\/2016\/10\/FOTO-2-CON-FONAZA.jpg?resize=200%2C132&amp;ssl=1 200w, https:\/\/i0.wp.com\/eltrabajo.cl\/portal\/wp-content\/uploads\/2016\/10\/FOTO-2-CON-FONAZA.jpg?resize=300%2C198&amp;ssl=1 300w, https:\/\/i0.wp.com\/eltrabajo.cl\/portal\/wp-content\/uploads\/2016\/10\/FOTO-2-CON-FONAZA.jpg?resize=227%2C150&amp;ssl=1 227w, https:\/\/i0.wp.com\/eltrabajo.cl\/portal\/wp-content\/uploads\/2016\/10\/FOTO-2-CON-FONAZA.jpg?resize=400%2C264&amp;ssl=1 400w\" sizes=\"auto, (max-width: 530px) 100vw, 530px\" \/><\/a><figcaption id=\"caption-attachment-74879\" class=\"wp-caption-text\">Con Fonasa y el IPS paralizados, la Caja Los Andes debi\u00f3 atender solicitudes de bono, provocando una larga y tediosa espera por parte de los usuarios.<\/figcaption><\/figure>\n<figure id=\"attachment_74880\" aria-describedby=\"caption-attachment-74880\" style=\"width: 530px\" class=\"wp-caption alignleft\"><a href=\"http:\/\/www.eltrabajo.cl\/portal\/servicios-publicos-volveran-a-atender-recien-el-miercoles-4-de-noviembre\/con-fonasa-y-ips-paralizados\/\" rel=\"attachment wp-att-74880\"><img data-recalc-dims=\"1\" loading=\"lazy\" decoding=\"async\" class=\"size-full wp-image-74880\" src=\"https:\/\/i0.wp.com\/www.eltrabajo.cl\/portal\/wp-content\/uploads\/2016\/10\/CON-FONASA-Y-IPS-PARALIZADOS.jpg?resize=530%2C350\" alt=\"Wladimir Tapia, presidente de la Confederaci\u00f3n de Funcionarios Municipales, Asemuch San Felipe, junto a dirigentes y trabajadores de otros servicios p\u00fablicos, se manifestaron en el ingreso de la Gobernaci\u00f3n Provincial.\" width=\"530\" height=\"350\" srcset=\"https:\/\/i0.wp.com\/eltrabajo.cl\/portal\/wp-content\/uploads\/2016\/10\/CON-FONASA-Y-IPS-PARALIZADOS.jpg?w=530&amp;ssl=1 530w, https:\/\/i0.wp.com\/eltrabajo.cl\/portal\/wp-content\/uploads\/2016\/10\/CON-FONASA-Y-IPS-PARALIZADOS.jpg?resize=200%2C132&amp;ssl=1 200w, https:\/\/i0.wp.com\/eltrabajo.cl\/portal\/wp-content\/uploads\/2016\/10\/CON-FONASA-Y-IPS-PARALIZADOS.jpg?resize=300%2C198&amp;ssl=1 300w, https:\/\/i0.wp.com\/eltrabajo.cl\/portal\/wp-content\/uploads\/2016\/10\/CON-FONASA-Y-IPS-PARALIZADOS.jpg?resize=227%2C150&amp;ssl=1 227w, https:\/\/i0.wp.com\/eltrabajo.cl\/portal\/wp-content\/uploads\/2016\/10\/CON-FONASA-Y-IPS-PARALIZADOS.jpg?resize=400%2C264&amp;ssl=1 400w\" sizes=\"auto, (max-width: 530px) 100vw, 530px\" \/><\/a><figcaption id=\"caption-attachment-74880\" class=\"wp-caption-text\">Wladimir Tapia, presidente de la Confederaci\u00f3n de Funcionarios Municipales, Asemuch San Felipe, junto a dirigentes y trabajadores de otros servicios p\u00fablicos, se manifestaron en el ingreso de la Gobernaci\u00f3n Provincial.<\/figcaption><\/figure>\n","protected":false},"excerpt":{"rendered":"<p>A las 72 horas de paro nacional hay que sumar lunes y martes feriados:\u00a0Gobierno ingres\u00f3 Proyecto de Ley al Congreso, sin haber llegado a un acuerdo con el gremio de trabajadores del&#8230;<\/p>\n","protected":false},"author":1,"featured_media":74880,"comment_status":"open","ping_status":"open","sticky":false,"template":"","format":"standard","meta":{"advanced_seo_description":"","jetpack_seo_html_title":"","jetpack_seo_noindex":false,"_jetpack_memberships_contains_paid_content":false,"footnotes":""},"categories":[1],"tags":[],"class_list":["post-74878","post","type-post","status-publish","format-standard","has-post-thumbnail","hentry","category-cronica"],"jetpack_featured_media_url":"https:\/\/i0.wp.com\/eltrabajo.cl\/portal\/wp-content\/uploads\/2016\/10\/CON-FONASA-Y-IPS-PARALIZADOS.jpg?fit=530%2C350&ssl=1","jetpack_sharing_enabled":true,"jetpack_likes_enabled":true,"jetpack-related-posts":[],"_links":{"self":[{"href":"https:\/\/eltrabajo.cl\/portal\/wp-json\/wp\/v2\/posts\/74878","targetHints":{"allow":["GET"]}}],"collection":[{"href":"https:\/\/eltrabajo.cl\/portal\/wp-json\/wp\/v2\/posts"}],"about":[{"href":"https:\/\/eltrabajo.cl\/portal\/wp-json\/wp\/v2\/types\/post"}],"author":[{"embeddable":true,"href":"https:\/\/eltrabajo.cl\/portal\/wp-json\/wp\/v2\/users\/1"}],"replies":[{"embeddable":true,"href":"https:\/\/eltrabajo.cl\/portal\/wp-json\/wp\/v2\/comments?post=74878"}],"version-history":[{"count":0,"href":"https:\/\/eltrabajo.cl\/portal\/wp-json\/wp\/v2\/posts\/74878\/revisions"}],"wp:featuredmedia":[{"embeddable":true,"href":"https:\/\/eltrabajo.cl\/portal\/wp-json\/wp\/v2\/media\/74880"}],"wp:attachment":[{"href":"https:\/\/eltrabajo.cl\/portal\/wp-json\/wp\/v2\/media?parent=74878"}],"wp:term":[{"taxonomy":"category","embeddable":true,"href":"https:\/\/eltrabajo.cl\/portal\/wp-json\/wp\/v2\/categories?post=74878"},{"taxonomy":"post_tag","embeddable":true,"href":"https:\/\/eltrabajo.cl\/portal\/wp-json\/wp\/v2\/tags?post=74878"}],"curies":[{"name":"wp","href":"https:\/\/api.w.org\/{rel}","templated":true}]}}