{"id":74883,"date":"2016-10-27T08:41:20","date_gmt":"2016-10-27T11:41:20","guid":{"rendered":"http:\/\/www.eltrabajo.cl\/portal\/?p=74883"},"modified":"2016-10-27T08:41:20","modified_gmt":"2016-10-27T11:41:20","slug":"compania-de-teatro-lawasha-llega-a-san-felipe-con-su-obra-mariaclara","status":"publish","type":"post","link":"https:\/\/eltrabajo.cl\/portal\/compania-de-teatro-lawasha-llega-a-san-felipe-con-su-obra-mariaclara\/","title":{"rendered":"Compa\u00f1\u00eda de Teatro &#8216;LaWasha&#8217; llega a San Felipe con su obra \u2018Mar\u00edaClara\u2019"},"content":{"rendered":"<p>Para este s\u00e1bado 29 a las 19:00 horas, en nuestro teatro municipal y por gesti\u00f3n del Departamento de Cultura, ser\u00e1 presentada la obra Mar\u00edaClara, obra de teatro que fue estrenada en septiembre de 2015, en Sala S\u00edntoma Teatro, y que naci\u00f3 de las circunstancias dadas en la compa\u00f1\u00eda, dos de sus integrantes estaban embarazadas, as\u00ed surge la necesidad de poner en escena las inquietudes y cuestionamientos de las futuras madres.<br \/>\nLa obra narra la historia de dos mujeres: madres, gestantes y solitarias; Mar\u00eda, mujer de 27 a\u00f1os, que tiene un peque\u00f1o hijo \u2018El Alan\u2019 y est\u00e1 esperando a su segundo; y Clara, joven de 17 a\u00f1os, la que espera a su primera hija. Estos personajes encuentran amistad, apoyo y contenci\u00f3n, compartiendo saberes y pr\u00e1cticas de la maternidad, desmitificando costumbres y repensando el ejercicio de la crianza, y por sobre todo, repens\u00e1ndose as\u00ed mismas como mujeres en busca de autonom\u00eda, para decidir sobre sus vidas y cuerpos.<\/p>\n<figure id=\"attachment_74885\" aria-describedby=\"caption-attachment-74885\" style=\"width: 300px\" class=\"wp-caption alignleft\"><a href=\"http:\/\/www.eltrabajo.cl\/portal\/compania-de-teatro-lawasha-llega-a-san-felipe-con-su-obra-mariaclara\/fabiola-diaz-romero\/\" rel=\"attachment wp-att-74885\"><img data-recalc-dims=\"1\" loading=\"lazy\" decoding=\"async\" class=\"size-medium wp-image-74885\" src=\"https:\/\/i0.wp.com\/www.eltrabajo.cl\/portal\/wp-content\/uploads\/2016\/10\/Fabiola-Diaz-Romero-300x197.jpg?resize=300%2C197\" alt=\"Directora de Teatro LaWasha, Fabiola D\u00edaz.\" width=\"300\" height=\"197\" srcset=\"https:\/\/i0.wp.com\/eltrabajo.cl\/portal\/wp-content\/uploads\/2016\/10\/Fabiola-Diaz-Romero.jpg?resize=300%2C197&amp;ssl=1 300w, https:\/\/i0.wp.com\/eltrabajo.cl\/portal\/wp-content\/uploads\/2016\/10\/Fabiola-Diaz-Romero.jpg?resize=200%2C131&amp;ssl=1 200w, https:\/\/i0.wp.com\/eltrabajo.cl\/portal\/wp-content\/uploads\/2016\/10\/Fabiola-Diaz-Romero.jpg?resize=228%2C150&amp;ssl=1 228w, https:\/\/i0.wp.com\/eltrabajo.cl\/portal\/wp-content\/uploads\/2016\/10\/Fabiola-Diaz-Romero.jpg?resize=400%2C263&amp;ssl=1 400w, https:\/\/i0.wp.com\/eltrabajo.cl\/portal\/wp-content\/uploads\/2016\/10\/Fabiola-Diaz-Romero.jpg?w=530&amp;ssl=1 530w\" sizes=\"auto, (max-width: 300px) 100vw, 300px\" \/><\/a><figcaption id=\"caption-attachment-74885\" class=\"wp-caption-text\">Directora de Teatro LaWasha, Fabiola D\u00edaz.<\/figcaption><\/figure>\n<p>\u00abEn el lenguaje del montaje, en virtud a un acercamiento con los temas abordados, usamos elementos del mundo popular, as\u00ed como tambi\u00e9n sus personajes, los cu\u00e1les a trav\u00e9s del humor y las dificultades de la vida cotidiana, develan y problematizan los temas ya mencionados\u00bb, explic\u00f3 ayer a Diario El Trabajo la directora de Teatro LaWasha, Fabiola D\u00edaz.<\/p>\n<p><strong>GRAN ARGUMENTO<\/strong><br \/>\nAunque el sistema actual ha propiciado velozmente el ingreso de la mujer al mundo laboral, podemos constatar c\u00f3mo \u00e9sta a\u00fan constituye mayormente la fuerza de trabajo dom\u00e9stico y familiar, labor que consiste en los quehaceres del hogar y crianza de los hijos principalmente. Pese a los esfuerzos de diversos organismos sociales, la a\u00fan arraigada tradici\u00f3n cultural, hace que todav\u00eda se asuma de forma naturalizada y normalizada, ciertas funciones dom\u00e9sticas como correspondientes a la mujer, gener\u00e1ndole una dependencia econ\u00f3mica en la pareja o marido.<br \/>\nPor otro lado, el embarazo adolescente sigue siendo una problem\u00e1tica com\u00fan, a pesar de la informaci\u00f3n y los accesos a la anticoncepci\u00f3n, esta situaci\u00f3n hace que la mayor\u00eda de las j\u00f3venes deban abandonar sus estudios, limitando tambi\u00e9n sus posibilidades laborales, y por tanto, tambi\u00e9n se encuentran vulnerables a la dependencia de la familia y\/o pareja. Situaci\u00f3n que las relega y les coarta su libertad de decidir y optar por un estilo de vida con mayores oportunidades.<\/p>\n<p><strong>FICHA T\u00c9CNICA<\/strong><br \/>\n\u00abNuestra compa\u00f1\u00eda teatral surge en 2012, a partir de un grupo de compa\u00f1eras de universidad con intereses art\u00edsticos y pol\u00edticos af\u00edn. Una compa\u00f1\u00eda de teatro en la que se trabaja la creaci\u00f3n de autor\u00eda y un espacio de encuentro y discusi\u00f3n, de lecturas, conversaciones y autoformaci\u00f3n\u00bb, explic\u00f3 Fabiola a nuestro medio.<br \/>\nEl equipo de trabajo consta de Fabiola D\u00edaz en la direcci\u00f3n; Carina Aspillaga y Amanda Puentes en la interpretaci\u00f3n; Antonella Mar\u00edn en Producci\u00f3n; Juan Ruz, registro audiovisual y t\u00e9cnico en iluminaci\u00f3n; Ren\u00e9 del Fierro, gr\u00e1fica y t\u00e9cnico de sonido; y Doula Morella Contreras. Colaboran en el proyecto Balmaceda Arte Joven y Sala de Arte Esc\u00e9nico de la Universidad de Playa Ancha, as\u00ed como las municipalidades y Centros Culturales de cada Comuna.<br \/>\nLa iniciativa permitir\u00e1 descentralizar la escena teatral en V Regi\u00f3n, mediante funciones y un posterior conversatorio, destinado a un p\u00fablico general, la entrada es liberada. Esta obra llega a nuestra comuna gracias a un Fondart Regional, Circulaci\u00f3n, Convocatoria 2016.<br \/>\n<strong>Roberto Gonz\u00e1lez Short<\/strong><\/p>\n<figure id=\"attachment_74884\" aria-describedby=\"caption-attachment-74884\" style=\"width: 530px\" class=\"wp-caption alignleft\"><a href=\"http:\/\/www.eltrabajo.cl\/portal\/compania-de-teatro-lawasha-llega-a-san-felipe-con-su-obra-mariaclara\/mariaclara-33\/\" rel=\"attachment wp-att-74884\"><img data-recalc-dims=\"1\" loading=\"lazy\" decoding=\"async\" class=\"size-full wp-image-74884\" src=\"https:\/\/i0.wp.com\/www.eltrabajo.cl\/portal\/wp-content\/uploads\/2016\/10\/MARIACLARA-33.jpg?resize=530%2C350\" alt=\"HISTRIONISMO ACTORAL.- Ellas son las bellas actrices Carina Aspillaga y Amanda Puentes, encargadas de interpretar a Mar\u00eda y a Clara, ambas mujeres embarazadas y en apuros.\" width=\"530\" height=\"350\" srcset=\"https:\/\/i0.wp.com\/eltrabajo.cl\/portal\/wp-content\/uploads\/2016\/10\/MARIACLARA-33.jpg?w=530&amp;ssl=1 530w, https:\/\/i0.wp.com\/eltrabajo.cl\/portal\/wp-content\/uploads\/2016\/10\/MARIACLARA-33.jpg?resize=200%2C132&amp;ssl=1 200w, https:\/\/i0.wp.com\/eltrabajo.cl\/portal\/wp-content\/uploads\/2016\/10\/MARIACLARA-33.jpg?resize=300%2C198&amp;ssl=1 300w, https:\/\/i0.wp.com\/eltrabajo.cl\/portal\/wp-content\/uploads\/2016\/10\/MARIACLARA-33.jpg?resize=227%2C150&amp;ssl=1 227w, https:\/\/i0.wp.com\/eltrabajo.cl\/portal\/wp-content\/uploads\/2016\/10\/MARIACLARA-33.jpg?resize=400%2C264&amp;ssl=1 400w\" sizes=\"auto, (max-width: 530px) 100vw, 530px\" \/><\/a><figcaption id=\"caption-attachment-74884\" class=\"wp-caption-text\">HISTRIONISMO ACTORAL.- Ellas son las bellas actrices Carina Aspillaga y Amanda Puentes, encargadas de interpretar a Mar\u00eda y a Clara, ambas mujeres embarazadas y en apuros.<\/figcaption><\/figure>\n","protected":false},"excerpt":{"rendered":"<p>Para este s\u00e1bado 29 a las 19:00 horas, en nuestro teatro municipal y por gesti\u00f3n del Departamento de Cultura, ser\u00e1 presentada la obra Mar\u00edaClara, obra de teatro que fue estrenada en septiembre&#8230;<\/p>\n","protected":false},"author":1,"featured_media":74884,"comment_status":"open","ping_status":"open","sticky":false,"template":"","format":"standard","meta":{"advanced_seo_description":"","jetpack_seo_html_title":"","jetpack_seo_noindex":false,"_jetpack_memberships_contains_paid_content":false,"footnotes":""},"categories":[20],"tags":[],"class_list":["post-74883","post","type-post","status-publish","format-standard","has-post-thumbnail","hentry","category-arte-y-cultura"],"jetpack_featured_media_url":"https:\/\/i0.wp.com\/eltrabajo.cl\/portal\/wp-content\/uploads\/2016\/10\/MARIACLARA-33.jpg?fit=530%2C350&ssl=1","jetpack_sharing_enabled":true,"jetpack_likes_enabled":true,"jetpack-related-posts":[],"_links":{"self":[{"href":"https:\/\/eltrabajo.cl\/portal\/wp-json\/wp\/v2\/posts\/74883","targetHints":{"allow":["GET"]}}],"collection":[{"href":"https:\/\/eltrabajo.cl\/portal\/wp-json\/wp\/v2\/posts"}],"about":[{"href":"https:\/\/eltrabajo.cl\/portal\/wp-json\/wp\/v2\/types\/post"}],"author":[{"embeddable":true,"href":"https:\/\/eltrabajo.cl\/portal\/wp-json\/wp\/v2\/users\/1"}],"replies":[{"embeddable":true,"href":"https:\/\/eltrabajo.cl\/portal\/wp-json\/wp\/v2\/comments?post=74883"}],"version-history":[{"count":0,"href":"https:\/\/eltrabajo.cl\/portal\/wp-json\/wp\/v2\/posts\/74883\/revisions"}],"wp:featuredmedia":[{"embeddable":true,"href":"https:\/\/eltrabajo.cl\/portal\/wp-json\/wp\/v2\/media\/74884"}],"wp:attachment":[{"href":"https:\/\/eltrabajo.cl\/portal\/wp-json\/wp\/v2\/media?parent=74883"}],"wp:term":[{"taxonomy":"category","embeddable":true,"href":"https:\/\/eltrabajo.cl\/portal\/wp-json\/wp\/v2\/categories?post=74883"},{"taxonomy":"post_tag","embeddable":true,"href":"https:\/\/eltrabajo.cl\/portal\/wp-json\/wp\/v2\/tags?post=74883"}],"curies":[{"name":"wp","href":"https:\/\/api.w.org\/{rel}","templated":true}]}}