{"id":74888,"date":"2016-10-27T08:43:28","date_gmt":"2016-10-27T11:43:28","guid":{"rendered":"http:\/\/www.eltrabajo.cl\/portal\/?p=74888"},"modified":"2016-10-27T08:43:28","modified_gmt":"2016-10-27T11:43:28","slug":"fortalecen-confianza-en-personas-no-videntes-con-taller-para-entrevista-laboral","status":"publish","type":"post","link":"https:\/\/eltrabajo.cl\/portal\/fortalecen-confianza-en-personas-no-videntes-con-taller-para-entrevista-laboral\/","title":{"rendered":"Fortalecen confianza en personas no videntes con taller para entrevista laboral"},"content":{"rendered":"<p>En el marco de la \u00faltima jornada del taller de apresto laboral para vecinos en situaci\u00f3n de discapacidad, que desarrollan la Omil y la Oficina de la Discapacidad de San Felipe, trabajaron aspectos relacionados con el fortalecimiento del autoestima, a objeto de enfrentar de mejor manera una entrevista laboral.<br \/>\nEste \u00faltimo taller tuvo como relator, al profesional no vidente del Programa San Felipe Inclusivo, Claudio Gregoire, quien abord\u00f3 temas relacionados con el autoconcepto de los 13 vecinos tambi\u00e9n ciegos que est\u00e1n participando de este taller.<br \/>\nSeg\u00fan explic\u00f3 Mar\u00eda Isabel Eyzaguirre, terapeuta ocupacional encargada del proceso de intermediaci\u00f3n laboral para Omil y Oficina de la Discapacidad, el objetivo de esta iniciativa es la inserci\u00f3n laboral de estos sanfelipe\u00f1os, \u201cpara lo cual necesitamos conocer las habilidades y defectos que cada uno tiene, a fin de expresarlos de manera positiva, a favor de las competencias que tenemos para demostrarlas ante la persona que nos est\u00e1 entrevistando\u201d.<br \/>\nLa profesional se\u00f1al\u00f3 que el taller tuvo resultados positivos, en la medida que su relator fue una persona que tambi\u00e9n es ciega y por lo tanto, se logr\u00f3 favorecer un proceso lleno de empat\u00eda para abordar y fortalecer el autoconcepto y la autoestima de cada uno de los integrantes de este grupo.<br \/>\nEn este mismo sentido, Manuel Galdames, integrante de la agrupaci\u00f3n de ciegos Mirando con el Coraz\u00f3n y favorecido con este taller de apresto laboral, valor\u00f3 la iniciativa en la medida que para las personas con este tipo de discapacidad es doblemente dif\u00edcil demostrar habilidades y competencias en una entrevista laboral.<br \/>\n\u201cA parte de sobrellevar nuestra discapacidad, tenemos que demostrarlas para conseguir un trabajo, entonces estas herramientas nos sirven de mucho. Son cuatro talleres que tuvimos, de los cuales tres fueron dictados por personas discapacitadas como nosotros, entonces hoy me siento m\u00e1s fortalecido, porque siento que tengo m\u00e1s elementos que utilizar para insertarme en el mundo del trabajo\u201d, expres\u00f3.<br \/>\nSe trata de una iniciativa que se enmarca en la serie de acciones impulsadas por la Municipalidad de San Felipe, a prop\u00f3sito de la implementaci\u00f3n de la Estrategia de Desarrollo Local Inclusivo, donde la comuna es una de las dos de la regi\u00f3n donde se est\u00e1 ejecutando.<\/p>\n<figure id=\"attachment_74889\" aria-describedby=\"caption-attachment-74889\" style=\"width: 530px\" class=\"wp-caption alignleft\"><a href=\"http:\/\/www.eltrabajo.cl\/portal\/fortalecen-confianza-en-personas-no-videntes-con-taller-para-entrevista-laboral\/portada-capacitacion-1\/\" rel=\"attachment wp-att-74889\"><img data-recalc-dims=\"1\" loading=\"lazy\" decoding=\"async\" class=\"size-full wp-image-74889\" src=\"https:\/\/i0.wp.com\/www.eltrabajo.cl\/portal\/wp-content\/uploads\/2016\/10\/portada-capacitaci%C3%B3n-1.jpg?resize=530%2C350\" alt=\"El taller tuvo como relator, al profesional no vidente del Programa San Felipe Inclusivo, Claudio Gregoire, quien abord\u00f3 temas relacionados con el autoconcepto de los 13 vecinos tambi\u00e9n ciegos que est\u00e1n participando en la capacitaci\u00f3n.\" width=\"530\" height=\"350\" srcset=\"https:\/\/i0.wp.com\/eltrabajo.cl\/portal\/wp-content\/uploads\/2016\/10\/portada-capacitaci%C3%B3n-1.jpg?w=530&amp;ssl=1 530w, https:\/\/i0.wp.com\/eltrabajo.cl\/portal\/wp-content\/uploads\/2016\/10\/portada-capacitaci%C3%B3n-1.jpg?resize=200%2C132&amp;ssl=1 200w, https:\/\/i0.wp.com\/eltrabajo.cl\/portal\/wp-content\/uploads\/2016\/10\/portada-capacitaci%C3%B3n-1.jpg?resize=300%2C198&amp;ssl=1 300w, https:\/\/i0.wp.com\/eltrabajo.cl\/portal\/wp-content\/uploads\/2016\/10\/portada-capacitaci%C3%B3n-1.jpg?resize=227%2C150&amp;ssl=1 227w, https:\/\/i0.wp.com\/eltrabajo.cl\/portal\/wp-content\/uploads\/2016\/10\/portada-capacitaci%C3%B3n-1.jpg?resize=400%2C264&amp;ssl=1 400w\" sizes=\"auto, (max-width: 530px) 100vw, 530px\" \/><\/a><figcaption id=\"caption-attachment-74889\" class=\"wp-caption-text\">El taller tuvo como relator, al profesional no vidente del Programa San Felipe Inclusivo, Claudio Gregoire, quien abord\u00f3 temas relacionados con el autoconcepto de los 13 vecinos tambi\u00e9n ciegos que est\u00e1n participando en la capacitaci\u00f3n.<\/figcaption><\/figure>\n","protected":false},"excerpt":{"rendered":"<p>En el marco de la \u00faltima jornada del taller de apresto laboral para vecinos en situaci\u00f3n de discapacidad, que desarrollan la Omil y la Oficina de la Discapacidad de San Felipe, trabajaron&#8230;<\/p>\n","protected":false},"author":1,"featured_media":74889,"comment_status":"open","ping_status":"open","sticky":false,"template":"","format":"standard","meta":{"advanced_seo_description":"","jetpack_seo_html_title":"","jetpack_seo_noindex":false,"_jetpack_memberships_contains_paid_content":false,"footnotes":""},"categories":[1],"tags":[],"class_list":["post-74888","post","type-post","status-publish","format-standard","has-post-thumbnail","hentry","category-cronica"],"jetpack_featured_media_url":"https:\/\/i0.wp.com\/eltrabajo.cl\/portal\/wp-content\/uploads\/2016\/10\/portada-capacitaci%C3%B3n-1.jpg?fit=530%2C350&ssl=1","jetpack_sharing_enabled":true,"jetpack_likes_enabled":true,"jetpack-related-posts":[],"_links":{"self":[{"href":"https:\/\/eltrabajo.cl\/portal\/wp-json\/wp\/v2\/posts\/74888","targetHints":{"allow":["GET"]}}],"collection":[{"href":"https:\/\/eltrabajo.cl\/portal\/wp-json\/wp\/v2\/posts"}],"about":[{"href":"https:\/\/eltrabajo.cl\/portal\/wp-json\/wp\/v2\/types\/post"}],"author":[{"embeddable":true,"href":"https:\/\/eltrabajo.cl\/portal\/wp-json\/wp\/v2\/users\/1"}],"replies":[{"embeddable":true,"href":"https:\/\/eltrabajo.cl\/portal\/wp-json\/wp\/v2\/comments?post=74888"}],"version-history":[{"count":0,"href":"https:\/\/eltrabajo.cl\/portal\/wp-json\/wp\/v2\/posts\/74888\/revisions"}],"wp:featuredmedia":[{"embeddable":true,"href":"https:\/\/eltrabajo.cl\/portal\/wp-json\/wp\/v2\/media\/74889"}],"wp:attachment":[{"href":"https:\/\/eltrabajo.cl\/portal\/wp-json\/wp\/v2\/media?parent=74888"}],"wp:term":[{"taxonomy":"category","embeddable":true,"href":"https:\/\/eltrabajo.cl\/portal\/wp-json\/wp\/v2\/categories?post=74888"},{"taxonomy":"post_tag","embeddable":true,"href":"https:\/\/eltrabajo.cl\/portal\/wp-json\/wp\/v2\/tags?post=74888"}],"curies":[{"name":"wp","href":"https:\/\/api.w.org\/{rel}","templated":true}]}}