{"id":74900,"date":"2016-10-28T08:39:57","date_gmt":"2016-10-28T11:39:57","guid":{"rendered":"http:\/\/www.eltrabajo.cl\/portal\/?p=74900"},"modified":"2016-10-28T08:39:57","modified_gmt":"2016-10-28T11:39:57","slug":"con-relato-confieso-que-he-vivido-conocido-contador-gana-concurso-literario","status":"publish","type":"post","link":"https:\/\/eltrabajo.cl\/portal\/con-relato-confieso-que-he-vivido-conocido-contador-gana-concurso-literario\/","title":{"rendered":"Con relato \u2018Confieso que he vivido\u2019, conocido contador gana concurso literario"},"content":{"rendered":"<p>En un concurso literario que organiz\u00f3 el Servicio Nacional del Adulto Mayor (Senama), Confieso Que he vivido, a trav\u00e9s del Programa de Envejecimiento Activo y el Plan Nacional de la Lectura, result\u00f3 ganador por la V Regi\u00f3n, el destacado contador Hern\u00e1n Urbina Zamora, quien particip\u00f3 este a\u00f1o con la historia de su vida.<\/p>\n<p><strong>PARTE DEL RELATO<\/strong><br \/>\n\u00abMe acuerdo de mi hermanito de nombre Luis, pues yo ten\u00eda unos cinco o seis a\u00f1os cuando \u00e9l falleci\u00f3 y fue velado en mi casa: lo vistieron de blanco y le pusieron alas blancas, seguramente de cart\u00f3n, y lo sentaron sobre una mesa y alrededor le colocaron flores blancas, despu\u00e9s de velarlo una noche, al d\u00eda siguiente fue llevado en una urna (caja de madera hecha por mi padre), tambi\u00e9n de color blanco y fue enterrado en el cementerio de Los Andes\u00bb, se\u00f1ala don Hern\u00e1n en su relato ya publicado.<br \/>\nTal como lo describe \u00e9l mismo, naci\u00f3 y creci\u00f3 en el seno de una familia muy pobre, recibi\u00f3 una oportunidad gracias a personas que le apoyaron para que estudiara, as\u00ed, y luego de laborar muchos a\u00f1os, tuvo que ser de comerciante en las calles, su relato habla de dolor, miseria y grises soledades bebidas con amargura; se titul\u00f3 con dificultades como contador, logr\u00f3 con el tiempo calidad de excelencia y supo comprometerse hasta el d\u00eda de hoy con muchas causas comunitarias a las que ayud\u00f3 y apoya hasta el d\u00eda de hoy.<br \/>\nEn Diario El Trabajo, nos resulta imposible poder publicar todas las experiencias que Urbina destaca en su relato, el que le mereci\u00f3 que el propio ministro de Cultura, Ernesto Ottone, le entregara su premio personalmente en Santiago.<br \/>\n<strong>Roberto Gonz\u00e1lez Short<\/strong><\/p>\n<figure id=\"attachment_74901\" aria-describedby=\"caption-attachment-74901\" style=\"width: 530px\" class=\"wp-caption alignleft\"><a href=\"http:\/\/www.eltrabajo.cl\/portal\/con-relato-confieso-que-he-vivido-conocido-contador-gana-concurso-literario\/ganador33\/\" rel=\"attachment wp-att-74901\"><img data-recalc-dims=\"1\" loading=\"lazy\" decoding=\"async\" class=\"size-full wp-image-74901\" src=\"https:\/\/i0.wp.com\/www.eltrabajo.cl\/portal\/wp-content\/uploads\/2016\/10\/Ganador33.jpg?resize=530%2C348\" alt=\"RELATO GANADOR.- As\u00ed figura en la p\u00e1gina 45 su relato, p\u00e1rrafos que registran toda una dram\u00e1tica historia que muchos deber\u00edamos leer, para recibir una luz de esperanza en este mundo de tinieblas y temores personales.\" width=\"530\" height=\"348\" srcset=\"https:\/\/i0.wp.com\/eltrabajo.cl\/portal\/wp-content\/uploads\/2016\/10\/Ganador33.jpg?w=530&amp;ssl=1 530w, https:\/\/i0.wp.com\/eltrabajo.cl\/portal\/wp-content\/uploads\/2016\/10\/Ganador33.jpg?resize=200%2C131&amp;ssl=1 200w, https:\/\/i0.wp.com\/eltrabajo.cl\/portal\/wp-content\/uploads\/2016\/10\/Ganador33.jpg?resize=300%2C197&amp;ssl=1 300w, https:\/\/i0.wp.com\/eltrabajo.cl\/portal\/wp-content\/uploads\/2016\/10\/Ganador33.jpg?resize=228%2C150&amp;ssl=1 228w, https:\/\/i0.wp.com\/eltrabajo.cl\/portal\/wp-content\/uploads\/2016\/10\/Ganador33.jpg?resize=400%2C263&amp;ssl=1 400w\" sizes=\"auto, (max-width: 530px) 100vw, 530px\" \/><\/a><figcaption id=\"caption-attachment-74901\" class=\"wp-caption-text\">RELATO GANADOR.- As\u00ed figura en la p\u00e1gina 45 su relato, p\u00e1rrafos que registran toda una dram\u00e1tica historia que muchos deber\u00edamos leer, para recibir una luz de esperanza en este mundo de tinieblas y temores personales.<\/figcaption><\/figure>\n<figure id=\"attachment_74902\" aria-describedby=\"caption-attachment-74902\" style=\"width: 530px\" class=\"wp-caption alignleft\"><a href=\"http:\/\/www.eltrabajo.cl\/portal\/con-relato-confieso-que-he-vivido-conocido-contador-gana-concurso-literario\/hernan-urbina\/\" rel=\"attachment wp-att-74902\"><img data-recalc-dims=\"1\" loading=\"lazy\" decoding=\"async\" class=\"size-full wp-image-74902\" src=\"https:\/\/i0.wp.com\/www.eltrabajo.cl\/portal\/wp-content\/uploads\/2016\/10\/Hernan-Urbina.jpg?resize=530%2C349\" alt=\"UN GANADOR.- Hern\u00e1n Urbina, muestra en nuestra Sala de Redacci\u00f3n, el libro que publicaron su historia, y el galvano que recibi\u00f3 por su primer lugar en la V Regi\u00f3n, contra 350 escritores m\u00e1s.\" width=\"530\" height=\"349\" srcset=\"https:\/\/i0.wp.com\/eltrabajo.cl\/portal\/wp-content\/uploads\/2016\/10\/Hernan-Urbina.jpg?w=530&amp;ssl=1 530w, https:\/\/i0.wp.com\/eltrabajo.cl\/portal\/wp-content\/uploads\/2016\/10\/Hernan-Urbina.jpg?resize=200%2C132&amp;ssl=1 200w, https:\/\/i0.wp.com\/eltrabajo.cl\/portal\/wp-content\/uploads\/2016\/10\/Hernan-Urbina.jpg?resize=300%2C198&amp;ssl=1 300w, https:\/\/i0.wp.com\/eltrabajo.cl\/portal\/wp-content\/uploads\/2016\/10\/Hernan-Urbina.jpg?resize=228%2C150&amp;ssl=1 228w, https:\/\/i0.wp.com\/eltrabajo.cl\/portal\/wp-content\/uploads\/2016\/10\/Hernan-Urbina.jpg?resize=400%2C263&amp;ssl=1 400w\" sizes=\"auto, (max-width: 530px) 100vw, 530px\" \/><\/a><figcaption id=\"caption-attachment-74902\" class=\"wp-caption-text\">UN GANADOR.- Hern\u00e1n Urbina, muestra en nuestra Sala de Redacci\u00f3n, el libro que publicaron su historia, y el galvano que recibi\u00f3 por su primer lugar en la V Regi\u00f3n, contra 350 escritores m\u00e1s.<\/figcaption><\/figure>\n","protected":false},"excerpt":{"rendered":"<p>En un concurso literario que organiz\u00f3 el Servicio Nacional del Adulto Mayor (Senama), Confieso Que he vivido, a trav\u00e9s del Programa de Envejecimiento Activo y el Plan Nacional de la Lectura, result\u00f3&#8230;<\/p>\n","protected":false},"author":1,"featured_media":74902,"comment_status":"open","ping_status":"open","sticky":false,"template":"","format":"standard","meta":{"advanced_seo_description":"","jetpack_seo_html_title":"","jetpack_seo_noindex":false,"_jetpack_memberships_contains_paid_content":false,"footnotes":""},"categories":[20],"tags":[],"class_list":["post-74900","post","type-post","status-publish","format-standard","has-post-thumbnail","hentry","category-arte-y-cultura"],"jetpack_featured_media_url":"https:\/\/i0.wp.com\/eltrabajo.cl\/portal\/wp-content\/uploads\/2016\/10\/Hernan-Urbina.jpg?fit=530%2C349&ssl=1","jetpack_sharing_enabled":true,"jetpack_likes_enabled":true,"jetpack-related-posts":[],"_links":{"self":[{"href":"https:\/\/eltrabajo.cl\/portal\/wp-json\/wp\/v2\/posts\/74900","targetHints":{"allow":["GET"]}}],"collection":[{"href":"https:\/\/eltrabajo.cl\/portal\/wp-json\/wp\/v2\/posts"}],"about":[{"href":"https:\/\/eltrabajo.cl\/portal\/wp-json\/wp\/v2\/types\/post"}],"author":[{"embeddable":true,"href":"https:\/\/eltrabajo.cl\/portal\/wp-json\/wp\/v2\/users\/1"}],"replies":[{"embeddable":true,"href":"https:\/\/eltrabajo.cl\/portal\/wp-json\/wp\/v2\/comments?post=74900"}],"version-history":[{"count":0,"href":"https:\/\/eltrabajo.cl\/portal\/wp-json\/wp\/v2\/posts\/74900\/revisions"}],"wp:featuredmedia":[{"embeddable":true,"href":"https:\/\/eltrabajo.cl\/portal\/wp-json\/wp\/v2\/media\/74902"}],"wp:attachment":[{"href":"https:\/\/eltrabajo.cl\/portal\/wp-json\/wp\/v2\/media?parent=74900"}],"wp:term":[{"taxonomy":"category","embeddable":true,"href":"https:\/\/eltrabajo.cl\/portal\/wp-json\/wp\/v2\/categories?post=74900"},{"taxonomy":"post_tag","embeddable":true,"href":"https:\/\/eltrabajo.cl\/portal\/wp-json\/wp\/v2\/tags?post=74900"}],"curies":[{"name":"wp","href":"https:\/\/api.w.org\/{rel}","templated":true}]}}