{"id":74905,"date":"2016-10-28T08:44:22","date_gmt":"2016-10-28T11:44:22","guid":{"rendered":"http:\/\/www.eltrabajo.cl\/portal\/?p=74905"},"modified":"2016-10-28T08:44:22","modified_gmt":"2016-10-28T11:44:22","slug":"inauguran-patio-y-entregan-27-tablets-en-51o-aniversario-de-la-escuela-jfk","status":"publish","type":"post","link":"https:\/\/eltrabajo.cl\/portal\/inauguran-patio-y-entregan-27-tablets-en-51o-aniversario-de-la-escuela-jfk\/","title":{"rendered":"Inauguran patio y entregan 27 tablets en 51\u00ba aniversario de la escuela JFK"},"content":{"rendered":"<p>Ayer jueves, se realiz\u00f3 una m\u00faltiple gala especial en la Escuela JFK, pues en la parte inicial de la misma fueron aquilatados los 51 a\u00f1os de existencia de esa casa estudiantil, y mientras que las peque\u00f1itas bailarinas, guiadas por Danilo Godoy, presentaban sus mejores pasos, las autoridades entre aplausos, proced\u00edan a la inauguraci\u00f3n del nuevo patio infantil de la preb\u00e1sica y 1\u00ba b\u00e1sico.<br \/>\n\u00abEste patio de preb\u00e1sica se pudo crear gracias a dineros del SEP y de la Daem, todo suma unos $9 millones. Tambi\u00e9n debo reportar que tambi\u00e9n con recursos del Ministerio de Educaci\u00f3n, la entrega de 27 tablets a ni\u00f1os de Preb\u00e1sica\u00bb, inform\u00f3 a Diario El Trabajo la directora de la JFK, Marianela Parada Salinas.<br \/>\nEl alcalde Patricio Freire, fue el encargado del corte de cinta del nuevo patio, mientras que toda la comunidad educativa celebraba alegremente este momento tan especial para los ni\u00f1os, pues ellos no contaban con ese patio infantil, y tampoco con las tablets recibidas.<br \/>\n<strong>Roberto Gonz\u00e1lez Short<\/strong><\/p>\n<figure id=\"attachment_74906\" aria-describedby=\"caption-attachment-74906\" style=\"width: 530px\" class=\"wp-caption alignleft\"><a href=\"http:\/\/www.eltrabajo.cl\/portal\/inauguran-patio-y-entregan-27-tablets-en-51o-aniversario-de-la-escuela-jfk\/cinta1-23\/\" rel=\"attachment wp-att-74906\"><img data-recalc-dims=\"1\" loading=\"lazy\" decoding=\"async\" class=\"size-full wp-image-74906\" src=\"https:\/\/i0.wp.com\/www.eltrabajo.cl\/portal\/wp-content\/uploads\/2016\/10\/Cinta1.jpg?resize=530%2C350\" alt=\"NUEVO PATIO INFANTIL.- El alcalde Patricio Freire, fue el encargado del corte de cinta del nuevo patio, mientras que toda la comunidad educativa celebraba alegremente este momento tan especial para los ni\u00f1os.\" width=\"530\" height=\"350\" srcset=\"https:\/\/i0.wp.com\/eltrabajo.cl\/portal\/wp-content\/uploads\/2016\/10\/Cinta1.jpg?w=530&amp;ssl=1 530w, https:\/\/i0.wp.com\/eltrabajo.cl\/portal\/wp-content\/uploads\/2016\/10\/Cinta1.jpg?resize=200%2C132&amp;ssl=1 200w, https:\/\/i0.wp.com\/eltrabajo.cl\/portal\/wp-content\/uploads\/2016\/10\/Cinta1.jpg?resize=300%2C198&amp;ssl=1 300w, https:\/\/i0.wp.com\/eltrabajo.cl\/portal\/wp-content\/uploads\/2016\/10\/Cinta1.jpg?resize=227%2C150&amp;ssl=1 227w, https:\/\/i0.wp.com\/eltrabajo.cl\/portal\/wp-content\/uploads\/2016\/10\/Cinta1.jpg?resize=400%2C264&amp;ssl=1 400w\" sizes=\"auto, (max-width: 530px) 100vw, 530px\" \/><\/a><figcaption id=\"caption-attachment-74906\" class=\"wp-caption-text\">NUEVO PATIO INFANTIL.- El alcalde Patricio Freire, fue el encargado del corte de cinta del nuevo patio, mientras que toda la comunidad educativa celebraba alegremente este momento tan especial para los ni\u00f1os.<\/figcaption><\/figure>\n<figure id=\"attachment_74907\" aria-describedby=\"caption-attachment-74907\" style=\"width: 530px\" class=\"wp-caption alignleft\"><a href=\"http:\/\/www.eltrabajo.cl\/portal\/inauguran-patio-y-entregan-27-tablets-en-51o-aniversario-de-la-escuela-jfk\/tablets1\/\" rel=\"attachment wp-att-74907\"><img data-recalc-dims=\"1\" loading=\"lazy\" decoding=\"async\" class=\"size-full wp-image-74907\" src=\"https:\/\/i0.wp.com\/www.eltrabajo.cl\/portal\/wp-content\/uploads\/2016\/10\/Tablets1.jpg?resize=530%2C349\" alt=\"TAMBI\u00c9N TABLETS.- Los ni\u00f1os felices, porque con recursos del Ministerio de Educaci\u00f3n, ahora tienen 27 tablets para su trabajo en clases.\" width=\"530\" height=\"349\" srcset=\"https:\/\/i0.wp.com\/eltrabajo.cl\/portal\/wp-content\/uploads\/2016\/10\/Tablets1.jpg?w=530&amp;ssl=1 530w, https:\/\/i0.wp.com\/eltrabajo.cl\/portal\/wp-content\/uploads\/2016\/10\/Tablets1.jpg?resize=200%2C132&amp;ssl=1 200w, https:\/\/i0.wp.com\/eltrabajo.cl\/portal\/wp-content\/uploads\/2016\/10\/Tablets1.jpg?resize=300%2C198&amp;ssl=1 300w, https:\/\/i0.wp.com\/eltrabajo.cl\/portal\/wp-content\/uploads\/2016\/10\/Tablets1.jpg?resize=228%2C150&amp;ssl=1 228w, https:\/\/i0.wp.com\/eltrabajo.cl\/portal\/wp-content\/uploads\/2016\/10\/Tablets1.jpg?resize=400%2C263&amp;ssl=1 400w\" sizes=\"auto, (max-width: 530px) 100vw, 530px\" \/><\/a><figcaption id=\"caption-attachment-74907\" class=\"wp-caption-text\">TAMBI\u00c9N TABLETS.- Los ni\u00f1os felices, porque con recursos del Ministerio de Educaci\u00f3n, ahora tienen 27 tablets para su trabajo en clases.<\/figcaption><\/figure>\n","protected":false},"excerpt":{"rendered":"<p>Ayer jueves, se realiz\u00f3 una m\u00faltiple gala especial en la Escuela JFK, pues en la parte inicial de la misma fueron aquilatados los 51 a\u00f1os de existencia de esa casa estudiantil, y&#8230;<\/p>\n","protected":false},"author":1,"featured_media":74907,"comment_status":"open","ping_status":"open","sticky":false,"template":"","format":"standard","meta":{"advanced_seo_description":"","jetpack_seo_html_title":"","jetpack_seo_noindex":false,"_jetpack_memberships_contains_paid_content":false,"footnotes":""},"categories":[1],"tags":[],"class_list":["post-74905","post","type-post","status-publish","format-standard","has-post-thumbnail","hentry","category-cronica"],"jetpack_featured_media_url":"https:\/\/i0.wp.com\/eltrabajo.cl\/portal\/wp-content\/uploads\/2016\/10\/Tablets1.jpg?fit=530%2C349&ssl=1","jetpack_sharing_enabled":true,"jetpack_likes_enabled":true,"jetpack-related-posts":[],"_links":{"self":[{"href":"https:\/\/eltrabajo.cl\/portal\/wp-json\/wp\/v2\/posts\/74905","targetHints":{"allow":["GET"]}}],"collection":[{"href":"https:\/\/eltrabajo.cl\/portal\/wp-json\/wp\/v2\/posts"}],"about":[{"href":"https:\/\/eltrabajo.cl\/portal\/wp-json\/wp\/v2\/types\/post"}],"author":[{"embeddable":true,"href":"https:\/\/eltrabajo.cl\/portal\/wp-json\/wp\/v2\/users\/1"}],"replies":[{"embeddable":true,"href":"https:\/\/eltrabajo.cl\/portal\/wp-json\/wp\/v2\/comments?post=74905"}],"version-history":[{"count":0,"href":"https:\/\/eltrabajo.cl\/portal\/wp-json\/wp\/v2\/posts\/74905\/revisions"}],"wp:featuredmedia":[{"embeddable":true,"href":"https:\/\/eltrabajo.cl\/portal\/wp-json\/wp\/v2\/media\/74907"}],"wp:attachment":[{"href":"https:\/\/eltrabajo.cl\/portal\/wp-json\/wp\/v2\/media?parent=74905"}],"wp:term":[{"taxonomy":"category","embeddable":true,"href":"https:\/\/eltrabajo.cl\/portal\/wp-json\/wp\/v2\/categories?post=74905"},{"taxonomy":"post_tag","embeddable":true,"href":"https:\/\/eltrabajo.cl\/portal\/wp-json\/wp\/v2\/tags?post=74905"}],"curies":[{"name":"wp","href":"https:\/\/api.w.org\/{rel}","templated":true}]}}