{"id":74945,"date":"2016-11-02T08:21:52","date_gmt":"2016-11-02T11:21:52","guid":{"rendered":"http:\/\/www.eltrabajo.cl\/portal\/?p=74945"},"modified":"2016-11-02T08:21:52","modified_gmt":"2016-11-02T11:21:52","slug":"con-musica-oraciones-y-alabando-a-dios-evangelicos-celebran-su-dia","status":"publish","type":"post","link":"https:\/\/eltrabajo.cl\/portal\/con-musica-oraciones-y-alabando-a-dios-evangelicos-celebran-su-dia\/","title":{"rendered":"Con m\u00fasica, oraciones y alabando a Dios, evang\u00e9licos celebran su d\u00eda"},"content":{"rendered":"<ul>\n<li><strong>Cristianos se tomaron la ciudad con gran operativo:<\/strong><\/li>\n<\/ul>\n<p>Muchos de nuestros lectores se preguntar\u00e1n por qu\u00e9 raz\u00f3n hubo un fin de semana tan pero tan largo, esto se explica porque dos feriados nacionales coincidieron en su consecutividad, el lunes fue el D\u00eda Nacional de las Iglesias Evang\u00e9licas, y ayer martes 1\u00ba de noviembre se celebr\u00f3 el D\u00eda de los Santos Difuntos.<br \/>\nEs por tal raz\u00f3n, que hoy en Diario El Trabajo te presentamos un registro gr\u00e1fico en relaci\u00f3n al D\u00eda Nacional de las Iglesias Evang\u00e9licas y Protestantes, que se conmemora en Chile el 31 de octubre de cada a\u00f1o, aunque se desplaza al viernes m\u00e1s cercano si cae en martes o mi\u00e9rcoles a partir de 2008. Este feriado nacional, fue instituido mediante la ley 20299 e impulsado por el gobierno de Michelle Bachelet, para honrar a las iglesias evang\u00e9licas y protestantes del pa\u00eds.<br \/>\nLa fecha escogida corresponde al d\u00eda en que el monje alem\u00e1n Mart\u00edn Lutero, clav\u00f3 en la iglesia del palacio de Wittenberg las 95 tesis, lo que inici\u00f3 la Reforma protestante en 1517. Dicho esto, y con miras a compartir con los lectores nuestro trabajo period\u00edstico, que a continuaci\u00f3n veremos c\u00f3mo celebraron los evang\u00e9licos su d\u00eda en nuestra Plaza de Armas.<\/p>\n<p><strong>BANDAS CRISTIANAS<\/strong><br \/>\n\u00abPara celebrar esta fecha tan importante para nosotros, nos reunimos en la Plaza de Armas varias iglesias de San Felipe, Putaendo y Limache, la actividad es nacional y nosotros no pod\u00edamos quedar fuera de esta fiesta espiritual. Tambi\u00e9n varias bandas musicales cristianas, hicieron de las suyas en esta oportunidad, alabando al Se\u00f1or con alegr\u00eda en todo momento, adem\u00e1s se realiz\u00f3 un amplio operativo integral en el mismo lugar\u00bb, explic\u00f3 Walter L\u00e1zaro, pastor de la Iglesia El Gran Yo Soy, a Diario El Trabajo.<\/p>\n<p><strong>GRAN OPERATIVO<\/strong><br \/>\nArtesan\u00edas, literatura cristiana y un gran reporte del trabajo social hecho durante el a\u00f1o por Taller Alabastro a favor de varios abuelitos de la comuna. Esta iniciativa naci\u00f3 el 3 de noviembre de 2015. \u00abQuiero agradecer en esta oportunidad a quienes han donado durante este a\u00f1o, porque s\u00f3lo as\u00ed hemos podido dar atenci\u00f3n a los adultos mayores con los que trabajamos en sus hogares regularmente\u00bb, dijo la presidenta de Alabastros, Sigfrid Palacios.<br \/>\nPor su parte Maglio Henr\u00edquez, otro de los coordinadores de la jornada, explic\u00f3 a nuestro medio el accionar de las iglesias y profesionales en este gran operativo, \u00abhubo tambi\u00e9n una intervenci\u00f3n integral este d\u00eda, a los participantes se les brind\u00f3 manicure, podolog\u00eda, odont\u00f3logo, consejer\u00eda financiera y espiritual, kinesiolog\u00eda, peluquer\u00eda, medicina general y psiquiatr\u00eda\u00bb.<br \/>\n<strong>Roberto Gonz\u00e1lez Short<\/strong><\/p>\n<figure id=\"attachment_74946\" aria-describedby=\"caption-attachment-74946\" style=\"width: 530px\" class=\"wp-caption alignleft\"><a href=\"http:\/\/www.eltrabajo.cl\/portal\/con-musica-oraciones-y-alabando-a-dios-evangelicos-celebran-su-dia\/evangelicos33\/\" rel=\"attachment wp-att-74946\"><img data-recalc-dims=\"1\" loading=\"lazy\" decoding=\"async\" class=\"size-full wp-image-74946\" src=\"https:\/\/i0.wp.com\/www.eltrabajo.cl\/portal\/wp-content\/uploads\/2016\/11\/Evangelicos33.jpg?resize=530%2C350\" alt=\"FIESTA NACIONAL.- Este lunes 31 de octubre se celebr\u00f3 en nuestra Plaza de Armas, y en todo el pa\u00eds, el D\u00eda Nacional de las Iglesias Evang\u00e9licas. En la foto vemos a parte de esta comunidad residente en nuestra comuna.\" width=\"530\" height=\"350\" srcset=\"https:\/\/i0.wp.com\/eltrabajo.cl\/portal\/wp-content\/uploads\/2016\/11\/Evangelicos33.jpg?w=530&amp;ssl=1 530w, https:\/\/i0.wp.com\/eltrabajo.cl\/portal\/wp-content\/uploads\/2016\/11\/Evangelicos33.jpg?resize=200%2C132&amp;ssl=1 200w, https:\/\/i0.wp.com\/eltrabajo.cl\/portal\/wp-content\/uploads\/2016\/11\/Evangelicos33.jpg?resize=300%2C198&amp;ssl=1 300w, https:\/\/i0.wp.com\/eltrabajo.cl\/portal\/wp-content\/uploads\/2016\/11\/Evangelicos33.jpg?resize=227%2C150&amp;ssl=1 227w, https:\/\/i0.wp.com\/eltrabajo.cl\/portal\/wp-content\/uploads\/2016\/11\/Evangelicos33.jpg?resize=400%2C264&amp;ssl=1 400w\" sizes=\"auto, (max-width: 530px) 100vw, 530px\" \/><\/a><figcaption id=\"caption-attachment-74946\" class=\"wp-caption-text\">FIESTA NACIONAL.- Este lunes 31 de octubre se celebr\u00f3 en nuestra Plaza de Armas, y en todo el pa\u00eds, el D\u00eda Nacional de las Iglesias Evang\u00e9licas. En la foto vemos a parte de esta comunidad residente en nuestra comuna.<\/figcaption><\/figure>\n<figure id=\"attachment_74947\" aria-describedby=\"caption-attachment-74947\" style=\"width: 530px\" class=\"wp-caption alignleft\"><a href=\"http:\/\/www.eltrabajo.cl\/portal\/con-musica-oraciones-y-alabando-a-dios-evangelicos-celebran-su-dia\/evangelicos-ellas46\/\" rel=\"attachment wp-att-74947\"><img data-recalc-dims=\"1\" loading=\"lazy\" decoding=\"async\" class=\"size-full wp-image-74947\" src=\"https:\/\/i0.wp.com\/www.eltrabajo.cl\/portal\/wp-content\/uploads\/2016\/11\/evangelicos-Ellas46.jpg?resize=530%2C349\" alt=\"ELLAS TAMBI\u00c9N.- Las mujeres tambi\u00e9n se lanzaron a las calles para exaltar el nombre de Dios, pues en Su Nombre se reunieron.\" width=\"530\" height=\"349\" srcset=\"https:\/\/i0.wp.com\/eltrabajo.cl\/portal\/wp-content\/uploads\/2016\/11\/evangelicos-Ellas46.jpg?w=530&amp;ssl=1 530w, https:\/\/i0.wp.com\/eltrabajo.cl\/portal\/wp-content\/uploads\/2016\/11\/evangelicos-Ellas46.jpg?resize=200%2C132&amp;ssl=1 200w, https:\/\/i0.wp.com\/eltrabajo.cl\/portal\/wp-content\/uploads\/2016\/11\/evangelicos-Ellas46.jpg?resize=300%2C198&amp;ssl=1 300w, https:\/\/i0.wp.com\/eltrabajo.cl\/portal\/wp-content\/uploads\/2016\/11\/evangelicos-Ellas46.jpg?resize=228%2C150&amp;ssl=1 228w, https:\/\/i0.wp.com\/eltrabajo.cl\/portal\/wp-content\/uploads\/2016\/11\/evangelicos-Ellas46.jpg?resize=400%2C263&amp;ssl=1 400w\" sizes=\"auto, (max-width: 530px) 100vw, 530px\" \/><\/a><figcaption id=\"caption-attachment-74947\" class=\"wp-caption-text\">ELLAS TAMBI\u00c9N.- Las mujeres tambi\u00e9n se lanzaron a las calles para exaltar el nombre de Dios, pues en Su Nombre se reunieron.<\/figcaption><\/figure>\n<figure id=\"attachment_74948\" aria-describedby=\"caption-attachment-74948\" style=\"width: 530px\" class=\"wp-caption alignleft\"><a href=\"http:\/\/www.eltrabajo.cl\/portal\/con-musica-oraciones-y-alabando-a-dios-evangelicos-celebran-su-dia\/evangelicos-ellos1\/\" rel=\"attachment wp-att-74948\"><img data-recalc-dims=\"1\" loading=\"lazy\" decoding=\"async\" class=\"size-full wp-image-74948\" src=\"https:\/\/i0.wp.com\/www.eltrabajo.cl\/portal\/wp-content\/uploads\/2016\/11\/evangelicos-Ellos1.jpg?resize=530%2C350\" alt=\"IMPARABLES.- Aqu\u00ed tenemos todo el fervor religioso de los evang\u00e9licos del Valle Aconcagua, celebrando con alegr\u00eda esta fecha tan especial.\" width=\"530\" height=\"350\" srcset=\"https:\/\/i0.wp.com\/eltrabajo.cl\/portal\/wp-content\/uploads\/2016\/11\/evangelicos-Ellos1.jpg?w=530&amp;ssl=1 530w, https:\/\/i0.wp.com\/eltrabajo.cl\/portal\/wp-content\/uploads\/2016\/11\/evangelicos-Ellos1.jpg?resize=200%2C132&amp;ssl=1 200w, https:\/\/i0.wp.com\/eltrabajo.cl\/portal\/wp-content\/uploads\/2016\/11\/evangelicos-Ellos1.jpg?resize=300%2C198&amp;ssl=1 300w, https:\/\/i0.wp.com\/eltrabajo.cl\/portal\/wp-content\/uploads\/2016\/11\/evangelicos-Ellos1.jpg?resize=227%2C150&amp;ssl=1 227w, https:\/\/i0.wp.com\/eltrabajo.cl\/portal\/wp-content\/uploads\/2016\/11\/evangelicos-Ellos1.jpg?resize=400%2C264&amp;ssl=1 400w\" sizes=\"auto, (max-width: 530px) 100vw, 530px\" \/><\/a><figcaption id=\"caption-attachment-74948\" class=\"wp-caption-text\">IMPARABLES.- Aqu\u00ed tenemos todo el fervor religioso de los evang\u00e9licos del Valle Aconcagua, celebrando con alegr\u00eda esta fecha tan especial.<\/figcaption><\/figure>\n<figure id=\"attachment_74949\" aria-describedby=\"caption-attachment-74949\" style=\"width: 530px\" class=\"wp-caption alignleft\"><a href=\"http:\/\/www.eltrabajo.cl\/portal\/con-musica-oraciones-y-alabando-a-dios-evangelicos-celebran-su-dia\/evangelicos-peluqueria1\/\" rel=\"attachment wp-att-74949\"><img data-recalc-dims=\"1\" loading=\"lazy\" decoding=\"async\" class=\"size-full wp-image-74949\" src=\"https:\/\/i0.wp.com\/www.eltrabajo.cl\/portal\/wp-content\/uploads\/2016\/11\/evangelicos-Peluqueria1.jpg?resize=530%2C349\" alt=\"GRAN OPERATIVO.- Hubo tambi\u00e9n operativo de peluquer\u00eda, podolog\u00eda, asesor\u00eda jur\u00eddica, comercial y psicol\u00f3gica.\" width=\"530\" height=\"349\" srcset=\"https:\/\/i0.wp.com\/eltrabajo.cl\/portal\/wp-content\/uploads\/2016\/11\/evangelicos-Peluqueria1.jpg?w=530&amp;ssl=1 530w, https:\/\/i0.wp.com\/eltrabajo.cl\/portal\/wp-content\/uploads\/2016\/11\/evangelicos-Peluqueria1.jpg?resize=200%2C132&amp;ssl=1 200w, https:\/\/i0.wp.com\/eltrabajo.cl\/portal\/wp-content\/uploads\/2016\/11\/evangelicos-Peluqueria1.jpg?resize=300%2C198&amp;ssl=1 300w, https:\/\/i0.wp.com\/eltrabajo.cl\/portal\/wp-content\/uploads\/2016\/11\/evangelicos-Peluqueria1.jpg?resize=228%2C150&amp;ssl=1 228w, https:\/\/i0.wp.com\/eltrabajo.cl\/portal\/wp-content\/uploads\/2016\/11\/evangelicos-Peluqueria1.jpg?resize=400%2C263&amp;ssl=1 400w\" sizes=\"auto, (max-width: 530px) 100vw, 530px\" \/><\/a><figcaption id=\"caption-attachment-74949\" class=\"wp-caption-text\">GRAN OPERATIVO.- Hubo tambi\u00e9n operativo de peluquer\u00eda, podolog\u00eda, asesor\u00eda jur\u00eddica, comercial y psicol\u00f3gica.<\/figcaption><\/figure>\n","protected":false},"excerpt":{"rendered":"<p>Cristianos se tomaron la ciudad con gran operativo: Muchos de nuestros lectores se preguntar\u00e1n por qu\u00e9 raz\u00f3n hubo un fin de semana tan pero tan largo, esto se explica porque dos feriados&#8230;<\/p>\n","protected":false},"author":1,"featured_media":74948,"comment_status":"open","ping_status":"open","sticky":false,"template":"","format":"standard","meta":{"advanced_seo_description":"","jetpack_seo_html_title":"","jetpack_seo_noindex":false,"_jetpack_memberships_contains_paid_content":false,"footnotes":""},"categories":[15],"tags":[],"class_list":["post-74945","post","type-post","status-publish","format-standard","has-post-thumbnail","hentry","category-comunidad"],"jetpack_featured_media_url":"https:\/\/i0.wp.com\/eltrabajo.cl\/portal\/wp-content\/uploads\/2016\/11\/evangelicos-Ellos1.jpg?fit=530%2C350&ssl=1","jetpack_sharing_enabled":true,"jetpack_likes_enabled":true,"jetpack-related-posts":[],"_links":{"self":[{"href":"https:\/\/eltrabajo.cl\/portal\/wp-json\/wp\/v2\/posts\/74945","targetHints":{"allow":["GET"]}}],"collection":[{"href":"https:\/\/eltrabajo.cl\/portal\/wp-json\/wp\/v2\/posts"}],"about":[{"href":"https:\/\/eltrabajo.cl\/portal\/wp-json\/wp\/v2\/types\/post"}],"author":[{"embeddable":true,"href":"https:\/\/eltrabajo.cl\/portal\/wp-json\/wp\/v2\/users\/1"}],"replies":[{"embeddable":true,"href":"https:\/\/eltrabajo.cl\/portal\/wp-json\/wp\/v2\/comments?post=74945"}],"version-history":[{"count":0,"href":"https:\/\/eltrabajo.cl\/portal\/wp-json\/wp\/v2\/posts\/74945\/revisions"}],"wp:featuredmedia":[{"embeddable":true,"href":"https:\/\/eltrabajo.cl\/portal\/wp-json\/wp\/v2\/media\/74948"}],"wp:attachment":[{"href":"https:\/\/eltrabajo.cl\/portal\/wp-json\/wp\/v2\/media?parent=74945"}],"wp:term":[{"taxonomy":"category","embeddable":true,"href":"https:\/\/eltrabajo.cl\/portal\/wp-json\/wp\/v2\/categories?post=74945"},{"taxonomy":"post_tag","embeddable":true,"href":"https:\/\/eltrabajo.cl\/portal\/wp-json\/wp\/v2\/tags?post=74945"}],"curies":[{"name":"wp","href":"https:\/\/api.w.org\/{rel}","templated":true}]}}