{"id":74952,"date":"2016-11-02T08:25:02","date_gmt":"2016-11-02T11:25:02","guid":{"rendered":"http:\/\/www.eltrabajo.cl\/portal\/?p=74952"},"modified":"2016-11-02T08:25:02","modified_gmt":"2016-11-02T11:25:02","slug":"joven-candidata-de-las-cuatro-villas-busca-ser-reina-de-la-primavera-2016","status":"publish","type":"post","link":"https:\/\/eltrabajo.cl\/portal\/joven-candidata-de-las-cuatro-villas-busca-ser-reina-de-la-primavera-2016\/","title":{"rendered":"Joven candidata de las Cuatro Villas busca ser Reina de la Primavera 2016"},"content":{"rendered":"<ul>\n<li><strong>Bell\u00edsima sanfelipe\u00f1a de 20 a\u00f1os visit\u00f3 Diario El Trabajo:<\/strong><\/li>\n<\/ul>\n<p>La Fiesta de la Primavera, est\u00e1 pronto a realizarse en nuestra comuna, pues el s\u00e1bado 19 de noviembre decenas de candidatas sanfelipe\u00f1as desfilar\u00e1n por nuestra ciudad con sus carros aleg\u00f3ricos; su mejor traje de princesas y hasta con su Rey Feo.<br \/>\nEs por eso que hoy en Diario El Trabajo, te presentamos a una de las candidatas a reina, de esta popular fiesta comunitaria. Se trata de la bell\u00edsima jovencita, de apenas 20 a\u00f1os, Javiera Vergara Tapia, quien visit\u00f3 nuestra Sala de Redacci\u00f3n en compa\u00f1\u00eda de su acompa\u00f1ante (Rey Feo) Rodrigo Porras Moncada, de 18 a\u00f1os.<br \/>\n\u00abRepresento a las Cuatro Villas (Industrial, 250 A\u00f1os, Sol Naciente y Renacer), es la primera vez que participo en esta actividad. Como parte de mis iniciativas realizadas puedo se\u00f1alar que he visitado varios medios de comunicaci\u00f3n de la comuna, tambi\u00e9n pude desarrollar varios encuentros con organizaciones de bien social, como el Club del Adulto Mayor Santa Mar\u00eda de la esperanza, de Villa Industrial, en donde los usuarios compartieron conmigo un poco de su tiempo, lo pasamos muy bien y en lugar de yo animarlos, ellos fueron quienes me alegraron el d\u00eda\u00bb, dijo la candidata a Diario El Trabajo.<br \/>\n<strong>Roberto Gonz\u00e1lez Short<\/strong><\/p>\n<figure id=\"attachment_74953\" aria-describedby=\"caption-attachment-74953\" style=\"width: 530px\" class=\"wp-caption alignleft\"><a href=\"http:\/\/www.eltrabajo.cl\/portal\/joven-candidata-de-las-cuatro-villas-busca-ser-reina-de-la-primavera-2016\/abuelos1-34\/\" rel=\"attachment wp-att-74953\"><img data-recalc-dims=\"1\" loading=\"lazy\" decoding=\"async\" class=\"size-full wp-image-74953\" src=\"https:\/\/i0.wp.com\/www.eltrabajo.cl\/portal\/wp-content\/uploads\/2016\/11\/Abuelos1.jpg?resize=530%2C350\" alt=\"ABUELOS REGALONES.- Nuestra bella candidata comparti\u00f3 tiernamente con los abuelos del Club del Adulto Mayor Santa Mar\u00eda de la esperanza, de Villa Industrial, como parte de sus actividades sociales del concurso.\" width=\"530\" height=\"350\" srcset=\"https:\/\/i0.wp.com\/eltrabajo.cl\/portal\/wp-content\/uploads\/2016\/11\/Abuelos1.jpg?w=530&amp;ssl=1 530w, https:\/\/i0.wp.com\/eltrabajo.cl\/portal\/wp-content\/uploads\/2016\/11\/Abuelos1.jpg?resize=200%2C132&amp;ssl=1 200w, https:\/\/i0.wp.com\/eltrabajo.cl\/portal\/wp-content\/uploads\/2016\/11\/Abuelos1.jpg?resize=300%2C198&amp;ssl=1 300w, https:\/\/i0.wp.com\/eltrabajo.cl\/portal\/wp-content\/uploads\/2016\/11\/Abuelos1.jpg?resize=227%2C150&amp;ssl=1 227w, https:\/\/i0.wp.com\/eltrabajo.cl\/portal\/wp-content\/uploads\/2016\/11\/Abuelos1.jpg?resize=400%2C264&amp;ssl=1 400w\" sizes=\"auto, (max-width: 530px) 100vw, 530px\" \/><\/a><figcaption id=\"caption-attachment-74953\" class=\"wp-caption-text\">ABUELOS REGALONES.- Nuestra bella candidata comparti\u00f3 tiernamente con los abuelos del Club del Adulto Mayor Santa Mar\u00eda de la esperanza, de Villa Industrial, como parte de sus actividades sociales del concurso.<\/figcaption><\/figure>\n<figure id=\"attachment_74954\" aria-describedby=\"caption-attachment-74954\" style=\"width: 530px\" class=\"wp-caption alignleft\"><a href=\"http:\/\/www.eltrabajo.cl\/portal\/joven-candidata-de-las-cuatro-villas-busca-ser-reina-de-la-primavera-2016\/abuelos2-12\/\" rel=\"attachment wp-att-74954\"><img data-recalc-dims=\"1\" loading=\"lazy\" decoding=\"async\" class=\"size-full wp-image-74954\" src=\"https:\/\/i0.wp.com\/www.eltrabajo.cl\/portal\/wp-content\/uploads\/2016\/11\/Abuelos2.jpg?resize=530%2C349\" alt=\"TRABAJO EN EQUIPO.- Esta candidata tom\u00f3 su tiempo para tambi\u00e9n apoyar a las usuarias del club en su actividad.\" width=\"530\" height=\"349\" srcset=\"https:\/\/i0.wp.com\/eltrabajo.cl\/portal\/wp-content\/uploads\/2016\/11\/Abuelos2.jpg?w=530&amp;ssl=1 530w, https:\/\/i0.wp.com\/eltrabajo.cl\/portal\/wp-content\/uploads\/2016\/11\/Abuelos2.jpg?resize=200%2C132&amp;ssl=1 200w, https:\/\/i0.wp.com\/eltrabajo.cl\/portal\/wp-content\/uploads\/2016\/11\/Abuelos2.jpg?resize=300%2C198&amp;ssl=1 300w, https:\/\/i0.wp.com\/eltrabajo.cl\/portal\/wp-content\/uploads\/2016\/11\/Abuelos2.jpg?resize=228%2C150&amp;ssl=1 228w, https:\/\/i0.wp.com\/eltrabajo.cl\/portal\/wp-content\/uploads\/2016\/11\/Abuelos2.jpg?resize=400%2C263&amp;ssl=1 400w\" sizes=\"auto, (max-width: 530px) 100vw, 530px\" \/><\/a><figcaption id=\"caption-attachment-74954\" class=\"wp-caption-text\">TRABAJO EN EQUIPO.- Esta candidata tom\u00f3 su tiempo para tambi\u00e9n apoyar a las usuarias del club en su actividad.<\/figcaption><\/figure>\n<figure id=\"attachment_74955\" aria-describedby=\"caption-attachment-74955\" style=\"width: 530px\" class=\"wp-caption alignleft\"><a href=\"http:\/\/www.eltrabajo.cl\/portal\/joven-candidata-de-las-cuatro-villas-busca-ser-reina-de-la-primavera-2016\/reyes1-11\/\" rel=\"attachment wp-att-74955\"><img data-recalc-dims=\"1\" loading=\"lazy\" decoding=\"async\" class=\"size-full wp-image-74955\" src=\"https:\/\/i0.wp.com\/www.eltrabajo.cl\/portal\/wp-content\/uploads\/2016\/11\/Reyes1.jpg?resize=530%2C349\" alt=\"JUNTOS EN PROYECTO.- Ellos son la ventia\u00f1era Javiera Vergara Tapia, quien visit\u00f3 nuestra Sala de Redacci\u00f3n en compa\u00f1\u00eda de su acompa\u00f1ante (Rey Feo) Rodrigo Porras Moncada, de 18 a\u00f1os.\" width=\"530\" height=\"349\" srcset=\"https:\/\/i0.wp.com\/eltrabajo.cl\/portal\/wp-content\/uploads\/2016\/11\/Reyes1.jpg?w=530&amp;ssl=1 530w, https:\/\/i0.wp.com\/eltrabajo.cl\/portal\/wp-content\/uploads\/2016\/11\/Reyes1.jpg?resize=200%2C132&amp;ssl=1 200w, https:\/\/i0.wp.com\/eltrabajo.cl\/portal\/wp-content\/uploads\/2016\/11\/Reyes1.jpg?resize=300%2C198&amp;ssl=1 300w, https:\/\/i0.wp.com\/eltrabajo.cl\/portal\/wp-content\/uploads\/2016\/11\/Reyes1.jpg?resize=228%2C150&amp;ssl=1 228w, https:\/\/i0.wp.com\/eltrabajo.cl\/portal\/wp-content\/uploads\/2016\/11\/Reyes1.jpg?resize=400%2C263&amp;ssl=1 400w\" sizes=\"auto, (max-width: 530px) 100vw, 530px\" \/><\/a><figcaption id=\"caption-attachment-74955\" class=\"wp-caption-text\">JUNTOS EN PROYECTO.- Ellos son la ventia\u00f1era Javiera Vergara Tapia, quien visit\u00f3 nuestra Sala de Redacci\u00f3n en compa\u00f1\u00eda de su acompa\u00f1ante (Rey Feo) Rodrigo Porras Moncada, de 18 a\u00f1os.<\/figcaption><\/figure>\n","protected":false},"excerpt":{"rendered":"<p>Bell\u00edsima sanfelipe\u00f1a de 20 a\u00f1os visit\u00f3 Diario El Trabajo: La Fiesta de la Primavera, est\u00e1 pronto a realizarse en nuestra comuna, pues el s\u00e1bado 19 de noviembre decenas de candidatas sanfelipe\u00f1as desfilar\u00e1n&#8230;<\/p>\n","protected":false},"author":1,"featured_media":74953,"comment_status":"open","ping_status":"open","sticky":false,"template":"","format":"standard","meta":{"advanced_seo_description":"","jetpack_seo_html_title":"","jetpack_seo_noindex":false,"_jetpack_memberships_contains_paid_content":false,"footnotes":""},"categories":[15],"tags":[],"class_list":["post-74952","post","type-post","status-publish","format-standard","has-post-thumbnail","hentry","category-comunidad"],"jetpack_featured_media_url":"https:\/\/i0.wp.com\/eltrabajo.cl\/portal\/wp-content\/uploads\/2016\/11\/Abuelos1.jpg?fit=530%2C350&ssl=1","jetpack_sharing_enabled":true,"jetpack_likes_enabled":true,"jetpack-related-posts":[],"_links":{"self":[{"href":"https:\/\/eltrabajo.cl\/portal\/wp-json\/wp\/v2\/posts\/74952","targetHints":{"allow":["GET"]}}],"collection":[{"href":"https:\/\/eltrabajo.cl\/portal\/wp-json\/wp\/v2\/posts"}],"about":[{"href":"https:\/\/eltrabajo.cl\/portal\/wp-json\/wp\/v2\/types\/post"}],"author":[{"embeddable":true,"href":"https:\/\/eltrabajo.cl\/portal\/wp-json\/wp\/v2\/users\/1"}],"replies":[{"embeddable":true,"href":"https:\/\/eltrabajo.cl\/portal\/wp-json\/wp\/v2\/comments?post=74952"}],"version-history":[{"count":0,"href":"https:\/\/eltrabajo.cl\/portal\/wp-json\/wp\/v2\/posts\/74952\/revisions"}],"wp:featuredmedia":[{"embeddable":true,"href":"https:\/\/eltrabajo.cl\/portal\/wp-json\/wp\/v2\/media\/74953"}],"wp:attachment":[{"href":"https:\/\/eltrabajo.cl\/portal\/wp-json\/wp\/v2\/media?parent=74952"}],"wp:term":[{"taxonomy":"category","embeddable":true,"href":"https:\/\/eltrabajo.cl\/portal\/wp-json\/wp\/v2\/categories?post=74952"},{"taxonomy":"post_tag","embeddable":true,"href":"https:\/\/eltrabajo.cl\/portal\/wp-json\/wp\/v2\/tags?post=74952"}],"curies":[{"name":"wp","href":"https:\/\/api.w.org\/{rel}","templated":true}]}}