{"id":74977,"date":"2016-11-03T09:04:05","date_gmt":"2016-11-03T12:04:05","guid":{"rendered":"http:\/\/www.eltrabajo.cl\/portal\/?p=74977"},"modified":"2016-11-03T09:04:05","modified_gmt":"2016-11-03T12:04:05","slug":"trabajadores-publicos-continuaran-movilizados-en-el-valle-de-aconcagua","status":"publish","type":"post","link":"https:\/\/eltrabajo.cl\/portal\/trabajadores-publicos-continuaran-movilizados-en-el-valle-de-aconcagua\/","title":{"rendered":"Trabajadores P\u00fablicos continuar\u00e1n movilizados en el Valle de Aconcagua"},"content":{"rendered":"<ul>\n<li><strong><span style=\"color: #ff0000;\">Hasta que el Ejecutivo haga una nueva propuesta de reajuste salarial 2017:<\/span>\u00a0Si bien el parlamento rechaz\u00f3 el proyecto de ley de reajuste salarial para el sector p\u00fablico, trabajadores no depondr\u00e1n paralizaci\u00f3n hasta conocer una nueva oferta gubernamental.<\/strong><\/li>\n<\/ul>\n<p>Un verdadero espaldarazo recibi\u00f3 la Mesa Directiva del Sector P\u00fablico, luego que en una primera instancia por unanimidad la C\u00e1mara de Diputados y, posteriormente una comisi\u00f3n mixta del Parlamento, rechazaran el proyecto de ley de Reajuste Salarial del 3.2 % enviado por el Gobierno, hecho que mantiene movilizados y en paro a los distintos servicios p\u00fablicos del pa\u00eds.<\/p>\n<figure id=\"attachment_74978\" aria-describedby=\"caption-attachment-74978\" style=\"width: 300px\" class=\"wp-caption alignleft\"><a href=\"http:\/\/www.eltrabajo.cl\/portal\/trabajadores-publicos-continuaran-movilizados-en-el-valle-de-aconcagua\/sergio-gutierrez-gonzalez\/\" rel=\"attachment wp-att-74978\"><img data-recalc-dims=\"1\" loading=\"lazy\" decoding=\"async\" class=\"size-medium wp-image-74978\" src=\"https:\/\/i0.wp.com\/www.eltrabajo.cl\/portal\/wp-content\/uploads\/2016\/11\/SERGIO-GUTIERREZ-GONZALEZ-300x197.jpg?resize=300%2C197\" alt=\"Sergio Guti\u00e9rrez, presidente de la Federaci\u00f3n Nacional de Trabajadores de la Salud, Fenats, del Hospital San Camilo.\" width=\"300\" height=\"197\" srcset=\"https:\/\/i0.wp.com\/eltrabajo.cl\/portal\/wp-content\/uploads\/2016\/11\/SERGIO-GUTIERREZ-GONZALEZ.jpg?resize=300%2C197&amp;ssl=1 300w, https:\/\/i0.wp.com\/eltrabajo.cl\/portal\/wp-content\/uploads\/2016\/11\/SERGIO-GUTIERREZ-GONZALEZ.jpg?resize=200%2C131&amp;ssl=1 200w, https:\/\/i0.wp.com\/eltrabajo.cl\/portal\/wp-content\/uploads\/2016\/11\/SERGIO-GUTIERREZ-GONZALEZ.jpg?resize=228%2C150&amp;ssl=1 228w, https:\/\/i0.wp.com\/eltrabajo.cl\/portal\/wp-content\/uploads\/2016\/11\/SERGIO-GUTIERREZ-GONZALEZ.jpg?resize=400%2C263&amp;ssl=1 400w, https:\/\/i0.wp.com\/eltrabajo.cl\/portal\/wp-content\/uploads\/2016\/11\/SERGIO-GUTIERREZ-GONZALEZ.jpg?w=530&amp;ssl=1 530w\" sizes=\"auto, (max-width: 300px) 100vw, 300px\" \/><\/a><figcaption id=\"caption-attachment-74978\" class=\"wp-caption-text\">Sergio Guti\u00e9rrez, presidente de la Federaci\u00f3n Nacional de Trabajadores de la Salud, Fenats, del Hospital San Camilo.<\/figcaption><\/figure>\n<p>Pese a esto, el conflicto est\u00e1 lejos de tener una resoluci\u00f3n que implique una pr\u00f3xima vuelta a la normalidad y que los empleados p\u00fablicos regresen a sus funciones, as\u00ed lo manifest\u00f3 Sergio Guti\u00e9rrez, presidente de la Federaci\u00f3n Nacional de Trabajadores de la Salud, Fenats, del Hospital San Camilo, quien aclar\u00f3 que, ahora el Ejecutivo, tendr\u00e1 que elaborar un nuevo proyecto que satisfaga las pretensiones del gremio.<br \/>\n\u201cMientras la determinaci\u00f3n no sea clara y categ\u00f3rica, mientras no se mejoren las condiciones salariales de los trabajadores a trav\u00e9s de este proyecto de ley, los trabajadores del sector p\u00fablico y en especial, los del Hospital San Camilo, nos mantendremos movilizados, hemos dicho claramente que esto es un paro de car\u00e1cter indefinido a partir del d\u00eda de hoy (ayer)\u201d, enfatiz\u00f3 Guti\u00e9rrez.<br \/>\nAs\u00ed mismo, el dirigente lament\u00f3 que los usuarios se vean afectados por este conflicto y atendiendo esta situaci\u00f3n es que, a nivel local, se ha dispuesto atender los casos que demandan respuestas urgentes, afirmando que \u201cla responsabilidad que tienen los trabajadores de la salud respecto de nuestros usuarios, nos obliga a tener que seguir atendiendo nuestras atenciones de urgencia de forma impecable, no tenemos problemas en ese \u00e1mbito, hay otras atenciones que no se siguen dando pero no son las de urgencia. Nosotros hemos establecido turnos de car\u00e1cter prioritario en las unidades cr\u00edticas, las cuales, van a seguir funcionando de manera normal, no vamos a poner en riesgo la salud de la poblaci\u00f3n\u201d, puntualiz\u00f3.<br \/>\nRespecto a si la decisi\u00f3n tomada por el parlamento de rechazar el proyecto presentado desde Hacienda, le abre una puerta para conseguir la cifra del 7% demandada para el 2017, Guti\u00e9rrez, detall\u00f3 que \u201cdesde el mi\u00e9rcoles de la semana pasada, cuando nosotros comenzamos este proceso de movilizaci\u00f3n, se ha demostrado en la calle, la disconformidad con los miles de trabajadores que han avanzado en las diferentes marchas que se han generado ac\u00e1 en Valpara\u00edso, le han dicho al Gobierno claramente en su cara que no est\u00e1n de acuerdo con el porcentaje de reajuste, ni con los bonos que est\u00e1 ofreciendo para el mejoramiento salarial y eso se ha respaldado con hoy (ayer) en la c\u00e1mara de diputados en primera instancia (\u2026)\u201d.<br \/>\nEn relaci\u00f3n con la posibilidad de llegar a una cifra de consenso con el Ejecutivo, el gremialista fue claro en advertir que \u201cnosotros empezamos con un 7.5 %, bajamos la punter\u00eda a un 7 y el Gobierno en primera instancia nos ofreci\u00f3 un 2.8, luego 2.9 y ahora 3.2, nosotros seguimos apuntando a un 7 % de reajuste salarial\u201d, determin\u00f3 Guti\u00e9rrez.<\/p>\n<figure id=\"attachment_74879\" aria-describedby=\"caption-attachment-74879\" style=\"width: 530px\" class=\"wp-caption alignleft\"><a href=\"http:\/\/www.eltrabajo.cl\/portal\/servicios-publicos-volveran-a-atender-recien-el-miercoles-4-de-noviembre\/foto-2-con-fonaza\/\" rel=\"attachment wp-att-74879\"><img data-recalc-dims=\"1\" loading=\"lazy\" decoding=\"async\" class=\"wp-image-74879 size-full\" src=\"https:\/\/i0.wp.com\/www.eltrabajo.cl\/portal\/wp-content\/uploads\/2016\/10\/FOTO-2-CON-FONAZA.jpg?resize=530%2C350\" alt=\"Con Fonasa y el IPS paralizados, la Caja Los Andes debe atender solicitudes de bono, provocando largas y tediosas esperas por parte de los usuarios.\" width=\"530\" height=\"350\" srcset=\"https:\/\/i0.wp.com\/eltrabajo.cl\/portal\/wp-content\/uploads\/2016\/10\/FOTO-2-CON-FONAZA.jpg?w=530&amp;ssl=1 530w, https:\/\/i0.wp.com\/eltrabajo.cl\/portal\/wp-content\/uploads\/2016\/10\/FOTO-2-CON-FONAZA.jpg?resize=200%2C132&amp;ssl=1 200w, https:\/\/i0.wp.com\/eltrabajo.cl\/portal\/wp-content\/uploads\/2016\/10\/FOTO-2-CON-FONAZA.jpg?resize=300%2C198&amp;ssl=1 300w, https:\/\/i0.wp.com\/eltrabajo.cl\/portal\/wp-content\/uploads\/2016\/10\/FOTO-2-CON-FONAZA.jpg?resize=227%2C150&amp;ssl=1 227w, https:\/\/i0.wp.com\/eltrabajo.cl\/portal\/wp-content\/uploads\/2016\/10\/FOTO-2-CON-FONAZA.jpg?resize=400%2C264&amp;ssl=1 400w\" sizes=\"auto, (max-width: 530px) 100vw, 530px\" \/><\/a><figcaption id=\"caption-attachment-74879\" class=\"wp-caption-text\">Con Fonasa y el IPS paralizados, la Caja Los Andes debe atender solicitudes de bono, provocando largas y tediosas esperas por parte de los usuarios.<\/figcaption><\/figure>\n<p>&nbsp;<\/p>\n","protected":false},"excerpt":{"rendered":"<p>Hasta que el Ejecutivo haga una nueva propuesta de reajuste salarial 2017:\u00a0Si bien el parlamento rechaz\u00f3 el proyecto de ley de reajuste salarial para el sector p\u00fablico, trabajadores no depondr\u00e1n paralizaci\u00f3n hasta&#8230;<\/p>\n","protected":false},"author":1,"featured_media":74879,"comment_status":"open","ping_status":"open","sticky":false,"template":"","format":"standard","meta":{"advanced_seo_description":"","jetpack_seo_html_title":"","jetpack_seo_noindex":false,"_jetpack_memberships_contains_paid_content":false,"footnotes":""},"categories":[1],"tags":[],"class_list":["post-74977","post","type-post","status-publish","format-standard","has-post-thumbnail","hentry","category-cronica"],"jetpack_featured_media_url":"https:\/\/i0.wp.com\/eltrabajo.cl\/portal\/wp-content\/uploads\/2016\/10\/FOTO-2-CON-FONAZA.jpg?fit=530%2C350&ssl=1","jetpack_sharing_enabled":true,"jetpack_likes_enabled":true,"jetpack-related-posts":[],"_links":{"self":[{"href":"https:\/\/eltrabajo.cl\/portal\/wp-json\/wp\/v2\/posts\/74977","targetHints":{"allow":["GET"]}}],"collection":[{"href":"https:\/\/eltrabajo.cl\/portal\/wp-json\/wp\/v2\/posts"}],"about":[{"href":"https:\/\/eltrabajo.cl\/portal\/wp-json\/wp\/v2\/types\/post"}],"author":[{"embeddable":true,"href":"https:\/\/eltrabajo.cl\/portal\/wp-json\/wp\/v2\/users\/1"}],"replies":[{"embeddable":true,"href":"https:\/\/eltrabajo.cl\/portal\/wp-json\/wp\/v2\/comments?post=74977"}],"version-history":[{"count":0,"href":"https:\/\/eltrabajo.cl\/portal\/wp-json\/wp\/v2\/posts\/74977\/revisions"}],"wp:featuredmedia":[{"embeddable":true,"href":"https:\/\/eltrabajo.cl\/portal\/wp-json\/wp\/v2\/media\/74879"}],"wp:attachment":[{"href":"https:\/\/eltrabajo.cl\/portal\/wp-json\/wp\/v2\/media?parent=74977"}],"wp:term":[{"taxonomy":"category","embeddable":true,"href":"https:\/\/eltrabajo.cl\/portal\/wp-json\/wp\/v2\/categories?post=74977"},{"taxonomy":"post_tag","embeddable":true,"href":"https:\/\/eltrabajo.cl\/portal\/wp-json\/wp\/v2\/tags?post=74977"}],"curies":[{"name":"wp","href":"https:\/\/api.w.org\/{rel}","templated":true}]}}