{"id":74985,"date":"2016-11-03T09:10:15","date_gmt":"2016-11-03T12:10:15","guid":{"rendered":"http:\/\/www.eltrabajo.cl\/portal\/?p=74985"},"modified":"2016-11-03T09:10:16","modified_gmt":"2016-11-03T12:10:16","slug":"adultos-mayores-participan-de-una-gira-turistica-por-la-iv-region","status":"publish","type":"post","link":"https:\/\/eltrabajo.cl\/portal\/adultos-mayores-participan-de-una-gira-turistica-por-la-iv-region\/","title":{"rendered":"Adultos mayores participan de una gira tur\u00edstica por la IV Regi\u00f3n"},"content":{"rendered":"<ul>\n<li><strong>Integrantes del taller Chi- Kung del Cesfam SIT:<\/strong><\/li>\n<\/ul>\n<p>El taller de Chi-Kung San Felipe, del Cesfam Segismundo Iturra Taito, viaj\u00f3 este fin de semana a las ciudades de La Serena y Coquimbo, adem\u00e1s de un recorrido por el sector de \u2018Punta de Choro\u2019, para lo cual, cada viajero gestion\u00f3 sus gastos en dicho viaje. Participaron de este recorrido tur\u00edstico, un total de 88 personas de San Felipe, Santa Mar\u00eda, San Rafael, Curim\u00f3n y Tierras Blancas.<br \/>\nEste taller, pertenece al Departamento de Salud Mental del Cesfam y lo dirige el profesor Robinson Pradenas Fuentes, quien realiz\u00f3 las gestiones pertinentes para poder visitar varios de los atractivos tur\u00edsticos con los que cuenta la Regi\u00f3n de Coquimbo.<br \/>\nFue un viaje placentero y alegre, donde los abuelitos pudieron encontrar en su visita una clase magistral de terapia, observaci\u00f3n y admiraci\u00f3n de estos hermosos lugares tur\u00edsticos.<br \/>\nLa tercera edad merece vivir en armon\u00eda, estar contentos y regocijados para as\u00ed, reencantarse con la larga y a veces dolorosa vida que les ha tocado recorrer.<\/p>\n<figure id=\"attachment_74986\" aria-describedby=\"caption-attachment-74986\" style=\"width: 530px\" class=\"wp-caption alignleft\"><a href=\"http:\/\/www.eltrabajo.cl\/portal\/adultos-mayores-participan-de-una-gira-turistica-por-la-iv-region\/chi-kung-1\/\" rel=\"attachment wp-att-74986\"><img data-recalc-dims=\"1\" loading=\"lazy\" decoding=\"async\" class=\"size-full wp-image-74986\" src=\"https:\/\/i0.wp.com\/www.eltrabajo.cl\/portal\/wp-content\/uploads\/2016\/11\/CHI-KUNG-1.jpg?resize=530%2C349\" alt=\"Los abuelitos, recorrieron algunos lugares como: las ciudades de La Serena, Coquimbo y el sector de \u2018Punta de Choro\u2019.\" width=\"530\" height=\"349\" srcset=\"https:\/\/i0.wp.com\/eltrabajo.cl\/portal\/wp-content\/uploads\/2016\/11\/CHI-KUNG-1.jpg?w=530&amp;ssl=1 530w, https:\/\/i0.wp.com\/eltrabajo.cl\/portal\/wp-content\/uploads\/2016\/11\/CHI-KUNG-1.jpg?resize=200%2C132&amp;ssl=1 200w, https:\/\/i0.wp.com\/eltrabajo.cl\/portal\/wp-content\/uploads\/2016\/11\/CHI-KUNG-1.jpg?resize=300%2C198&amp;ssl=1 300w, https:\/\/i0.wp.com\/eltrabajo.cl\/portal\/wp-content\/uploads\/2016\/11\/CHI-KUNG-1.jpg?resize=228%2C150&amp;ssl=1 228w, https:\/\/i0.wp.com\/eltrabajo.cl\/portal\/wp-content\/uploads\/2016\/11\/CHI-KUNG-1.jpg?resize=400%2C263&amp;ssl=1 400w\" sizes=\"auto, (max-width: 530px) 100vw, 530px\" \/><\/a><figcaption id=\"caption-attachment-74986\" class=\"wp-caption-text\">Los abuelitos, recorrieron algunos lugares como: las ciudades de La Serena, Coquimbo y el sector de \u2018Punta de Choro\u2019.<\/figcaption><\/figure>\n<figure id=\"attachment_74987\" aria-describedby=\"caption-attachment-74987\" style=\"width: 530px\" class=\"wp-caption alignleft\"><a href=\"http:\/\/www.eltrabajo.cl\/portal\/adultos-mayores-participan-de-una-gira-turistica-por-la-iv-region\/chi-kung-2\/\" rel=\"attachment wp-att-74987\"><img data-recalc-dims=\"1\" loading=\"lazy\" decoding=\"async\" class=\"size-full wp-image-74987\" src=\"https:\/\/i0.wp.com\/www.eltrabajo.cl\/portal\/wp-content\/uploads\/2016\/11\/CHI-KUNG-2.jpg?resize=530%2C349\" alt=\"ARMONIA.- Los adultos mayores, pudieron encontrar en su visita, una clase magistral de terapia, observaci\u00f3n y admiraci\u00f3n de estos hermosos lugares tur\u00edsticos.\" width=\"530\" height=\"349\" srcset=\"https:\/\/i0.wp.com\/eltrabajo.cl\/portal\/wp-content\/uploads\/2016\/11\/CHI-KUNG-2.jpg?w=530&amp;ssl=1 530w, https:\/\/i0.wp.com\/eltrabajo.cl\/portal\/wp-content\/uploads\/2016\/11\/CHI-KUNG-2.jpg?resize=200%2C132&amp;ssl=1 200w, https:\/\/i0.wp.com\/eltrabajo.cl\/portal\/wp-content\/uploads\/2016\/11\/CHI-KUNG-2.jpg?resize=300%2C198&amp;ssl=1 300w, https:\/\/i0.wp.com\/eltrabajo.cl\/portal\/wp-content\/uploads\/2016\/11\/CHI-KUNG-2.jpg?resize=228%2C150&amp;ssl=1 228w, https:\/\/i0.wp.com\/eltrabajo.cl\/portal\/wp-content\/uploads\/2016\/11\/CHI-KUNG-2.jpg?resize=400%2C263&amp;ssl=1 400w\" sizes=\"auto, (max-width: 530px) 100vw, 530px\" \/><\/a><figcaption id=\"caption-attachment-74987\" class=\"wp-caption-text\">ARMONIA.- Los adultos mayores, pudieron encontrar en su visita, una clase magistral de terapia, observaci\u00f3n y admiraci\u00f3n de estos hermosos lugares tur\u00edsticos.<\/figcaption><\/figure>\n","protected":false},"excerpt":{"rendered":"<p>Integrantes del taller Chi- Kung del Cesfam SIT: El taller de Chi-Kung San Felipe, del Cesfam Segismundo Iturra Taito, viaj\u00f3 este fin de semana a las ciudades de La Serena y Coquimbo,&#8230;<\/p>\n","protected":false},"author":1,"featured_media":74986,"comment_status":"open","ping_status":"open","sticky":false,"template":"","format":"standard","meta":{"advanced_seo_description":"","jetpack_seo_html_title":"","jetpack_seo_noindex":false,"_jetpack_memberships_contains_paid_content":false,"footnotes":""},"categories":[1],"tags":[],"class_list":["post-74985","post","type-post","status-publish","format-standard","has-post-thumbnail","hentry","category-cronica"],"jetpack_featured_media_url":"https:\/\/i0.wp.com\/eltrabajo.cl\/portal\/wp-content\/uploads\/2016\/11\/CHI-KUNG-1.jpg?fit=530%2C349&ssl=1","jetpack_sharing_enabled":true,"jetpack_likes_enabled":true,"jetpack-related-posts":[],"_links":{"self":[{"href":"https:\/\/eltrabajo.cl\/portal\/wp-json\/wp\/v2\/posts\/74985","targetHints":{"allow":["GET"]}}],"collection":[{"href":"https:\/\/eltrabajo.cl\/portal\/wp-json\/wp\/v2\/posts"}],"about":[{"href":"https:\/\/eltrabajo.cl\/portal\/wp-json\/wp\/v2\/types\/post"}],"author":[{"embeddable":true,"href":"https:\/\/eltrabajo.cl\/portal\/wp-json\/wp\/v2\/users\/1"}],"replies":[{"embeddable":true,"href":"https:\/\/eltrabajo.cl\/portal\/wp-json\/wp\/v2\/comments?post=74985"}],"version-history":[{"count":0,"href":"https:\/\/eltrabajo.cl\/portal\/wp-json\/wp\/v2\/posts\/74985\/revisions"}],"wp:featuredmedia":[{"embeddable":true,"href":"https:\/\/eltrabajo.cl\/portal\/wp-json\/wp\/v2\/media\/74986"}],"wp:attachment":[{"href":"https:\/\/eltrabajo.cl\/portal\/wp-json\/wp\/v2\/media?parent=74985"}],"wp:term":[{"taxonomy":"category","embeddable":true,"href":"https:\/\/eltrabajo.cl\/portal\/wp-json\/wp\/v2\/categories?post=74985"},{"taxonomy":"post_tag","embeddable":true,"href":"https:\/\/eltrabajo.cl\/portal\/wp-json\/wp\/v2\/tags?post=74985"}],"curies":[{"name":"wp","href":"https:\/\/api.w.org\/{rel}","templated":true}]}}