{"id":74998,"date":"2016-11-03T09:21:58","date_gmt":"2016-11-03T12:21:58","guid":{"rendered":"http:\/\/www.eltrabajo.cl\/portal\/?p=74998"},"modified":"2016-11-03T09:21:58","modified_gmt":"2016-11-03T12:21:58","slug":"trabajadores-santa-isabel-piden-locomocion-para-quienes-salen-en-la-noche","status":"publish","type":"post","link":"https:\/\/eltrabajo.cl\/portal\/trabajadores-santa-isabel-piden-locomocion-para-quienes-salen-en-la-noche\/","title":{"rendered":"Trabajadores Santa Isabel piden locomoci\u00f3n para quienes salen en la noche"},"content":{"rendered":"<ul>\n<li><strong>Tras violento asalto a tres empleados cuando se dirig\u00edan a sus domicilios:<\/strong><\/li>\n<\/ul>\n<p>Un llamado a la empresa a disponer de locomoci\u00f3n de acercamiento para los trabajadores que salen tarde por las noches formul\u00f3 el director del Sindicato GAL del Supermercado Santa Isabel de Yungay, Luis Vega Barraza, quien nos visit\u00f3 para denunciar el reciente asalto con arma blanca sufrido por tres funcionarios, dos mujeres y un hombre, que se desempe\u00f1an como cajeros en dicho establecimiento, los cuales fueron violentamente asaltados cuando se dirig\u00edan a su domicilio en el sector poniente de la ciudad.<br \/>\nEl asalto se registr\u00f3 el lunes 24 de octubre, alrededor de las 23,30 horas, cuando los funcionarios se dirig\u00edan a sus domicilios por Benigno Caldera al poniente. Al llegar a la altura de la animita existente en el lugar, donde comienzan los block de departamentos en Parras\u00eda, fueron abordados por dos sujetos que cuchillo en mano intentaron quitarles los bolsos, oponiendo tenaz resistencia por lo que fueron golpeados, aunque sin lograr arrebatarles sus pertenencias ya que respondieron a los golpes y junto con los gritos de auxilio lograron ahuyentar a los maleantes.<br \/>\nSeg\u00fan explic\u00f3 Vega, una de las cajeras a\u00fan tiene hematomas en la cara, mientras la otra mujer que se defendi\u00f3 sufri\u00f3 un esguince en una mano: \u00abLa verdad es que los trabajadores quedaron bien complicados, hay una de las ni\u00f1as que tuvo que ir al psic\u00f3logo, porque ellos recibieron golpes, ellos tambi\u00e9n pegaron porque tuvieron que defenderse, pero recibieron golpes, entonces lo que queremos es que se les ponga locomoci\u00f3n de acercamiento\u00bb.<br \/>\nAgreg\u00f3 Vega que como Director del Sindicato, al enterarse pidi\u00f3 v\u00eda correo \u00aba la empresa que se pronunciara y vieran la posibilidad de poner ellos una locomoci\u00f3n de acercamiento. En Santiago traspasaron el correo al gerente divisional que tenemos para que viera el caso y la verdad es que hasta hoy no hay soluci\u00f3n, lo \u00fanico que se hizo fue que a los trabajadores le pusieron un radiotaxi, pero cada uno tiene que pagar. Para m\u00ed esa no es una soluci\u00f3n, la soluci\u00f3n era que la empresa pague como lo hace supermercado L\u00edder aqu\u00ed en San Felipe, que ellos les ponen locomoci\u00f3n en la noche a los trabajadores que salen tarde, todos los d\u00edas, con costo de la empresa\u00bb.<br \/>\n<strong>&#8211; \u00bfCu\u00e1ntos son los trabajadores que necesitan este acercamiento?<\/strong><br \/>\n&#8211; No son m\u00e1s que 4 \u00f3 5 personas, no m\u00e1s. Entonces no es tanto, se gastan millones en publicidad, en implementar algunas campa\u00f1as que despu\u00e9s todo se bota, entonces cinco mil pesos no es nada para la empresa.<br \/>\nAgreg\u00f3 el dirigente que lamentablemente \u00aba la empresa no le interesan los trabajadores, a ellos le interesa la venta pero los trabajadores no les interesan. En el local tenemos dos sindicatos, el sindicato Gal que yo represento y el sindicato Sisa que es mas pro empresa, y la verdad es que ellos ni siquiera le han preguntado a su socia como est\u00e1. De los tres involucrados, dos son socios de nuestro sindicato, y una de las ni\u00f1as es del otro sindicato, pero ese sindicato ni siquiera se ha pronunciado, nosotros s\u00ed porque nos interesa una soluci\u00f3n y no solo para nuestros socios, sino para todos los que salen tarde. Hay un turno que es viernes y s\u00e1bado en la noche, que salen a la una de la madrugada, a ellos s\u00ed les ponen locomoci\u00f3n, pero a los otros no\u00bb.<\/p>\n<p><strong>CRITICAS A CARABINEROS<\/strong><br \/>\nJunto a lo anterior, Luis Vega asegur\u00f3 que \u00e9l tambi\u00e9n vive en la calle Benigno Caldera \u00aby la verdad es que hay asaltos bien seguido, incluso en horas del d\u00eda, por eso tambi\u00e9n quiero hacer una cr\u00edtica porque el plan cuadrante es un fracaso, por lo menos en esa calle que es una arteria principal en San Felipe nunca se ven carabineros, no se ven patrullas ni funcionarios de a pie, entonces falta presencia policial, por eso el plan cuadrante al menos en ese sector es un fracaso, porque uno llama y tampoco llegan. Ese d\u00eda del asalto, seg\u00fan informaci\u00f3n de las ni\u00f1as, Carabineros lleg\u00f3 como a las dos horas despu\u00e9s\u00bb.<br \/>\nPor otra parte el dirigente se refiri\u00f3 a un hecho bastante grave y del cual somos testigos, pues al enterarnos de este asalto al d\u00eda siguiente de ocurrido, acudimos a Carabineros para requerir informaci\u00f3n oficial, sin embargo se nos dijo que no hab\u00eda existido tal asalto, que no ten\u00edan ning\u00fan antecedente al respecto, raz\u00f3n por la cual nos contactamos con el dirigente, quien sobre lo mismo manifest\u00f3:<br \/>\n\u00abTengo entendido que Carabineros no tiene el procedimiento, y ellos mismos llevaron a las personas a constatar lesiones al hospital San Camilo y despu\u00e9s a la comisar\u00eda, entonces el hecho es grave porque si no hay registro de eso en Carabineros, los seguros, las secuelas posteriores que pueden tener estos trabajadores, la mutual lo primero que pide es un parte de Carabineros, pide una constancia, y si Carabineros dice que no hay eso, es grave, ya que los trabajadores s\u00ed fueron a Carabineros (&#8230;). Una de las afectadas fue a preguntar y le dijeron que s\u00ed estaba ese parte, entonces aqu\u00ed alguien est\u00e1 mintiendo y me parece que es Carabineros, porque las ni\u00f1as fueron llevadas por Carabineros a constatar lesiones y despu\u00e9s a la comisar\u00eda para que hicieran el denuncio\u00bb.<\/p>\n<figure id=\"attachment_74999\" aria-describedby=\"caption-attachment-74999\" style=\"width: 530px\" class=\"wp-caption alignleft\"><a href=\"http:\/\/www.eltrabajo.cl\/portal\/trabajadores-santa-isabel-piden-locomocion-para-quienes-salen-en-la-noche\/luis-vega-barraza\/\" rel=\"attachment wp-att-74999\"><img data-recalc-dims=\"1\" loading=\"lazy\" decoding=\"async\" class=\"size-full wp-image-74999\" src=\"https:\/\/i0.wp.com\/www.eltrabajo.cl\/portal\/wp-content\/uploads\/2016\/11\/luis-vega-barraza.jpg?resize=530%2C348\" alt=\"Luis Vega Barraza, Director del Sindicato GAL del supermercado Santa Isabel de Yungay, pidi\u00f3 de la empresa una soluci\u00f3n para los trabajadores.\" width=\"530\" height=\"348\" srcset=\"https:\/\/i0.wp.com\/eltrabajo.cl\/portal\/wp-content\/uploads\/2016\/11\/luis-vega-barraza.jpg?w=530&amp;ssl=1 530w, https:\/\/i0.wp.com\/eltrabajo.cl\/portal\/wp-content\/uploads\/2016\/11\/luis-vega-barraza.jpg?resize=200%2C131&amp;ssl=1 200w, https:\/\/i0.wp.com\/eltrabajo.cl\/portal\/wp-content\/uploads\/2016\/11\/luis-vega-barraza.jpg?resize=300%2C197&amp;ssl=1 300w, https:\/\/i0.wp.com\/eltrabajo.cl\/portal\/wp-content\/uploads\/2016\/11\/luis-vega-barraza.jpg?resize=228%2C150&amp;ssl=1 228w, https:\/\/i0.wp.com\/eltrabajo.cl\/portal\/wp-content\/uploads\/2016\/11\/luis-vega-barraza.jpg?resize=400%2C263&amp;ssl=1 400w\" sizes=\"auto, (max-width: 530px) 100vw, 530px\" \/><\/a><figcaption id=\"caption-attachment-74999\" class=\"wp-caption-text\">Luis Vega Barraza, Director del Sindicato GAL del supermercado Santa Isabel de Yungay, pidi\u00f3 de la empresa una soluci\u00f3n para los trabajadores.<\/figcaption><\/figure>\n","protected":false},"excerpt":{"rendered":"<p>Tras violento asalto a tres empleados cuando se dirig\u00edan a sus domicilios: Un llamado a la empresa a disponer de locomoci\u00f3n de acercamiento para los trabajadores que salen tarde por las noches&#8230;<\/p>\n","protected":false},"author":1,"featured_media":74999,"comment_status":"open","ping_status":"open","sticky":false,"template":"","format":"standard","meta":{"advanced_seo_description":"","jetpack_seo_html_title":"","jetpack_seo_noindex":false,"_jetpack_memberships_contains_paid_content":false,"footnotes":""},"categories":[15],"tags":[],"class_list":["post-74998","post","type-post","status-publish","format-standard","has-post-thumbnail","hentry","category-comunidad"],"jetpack_featured_media_url":"https:\/\/i0.wp.com\/eltrabajo.cl\/portal\/wp-content\/uploads\/2016\/11\/luis-vega-barraza.jpg?fit=530%2C348&ssl=1","jetpack_sharing_enabled":true,"jetpack_likes_enabled":true,"jetpack-related-posts":[],"_links":{"self":[{"href":"https:\/\/eltrabajo.cl\/portal\/wp-json\/wp\/v2\/posts\/74998","targetHints":{"allow":["GET"]}}],"collection":[{"href":"https:\/\/eltrabajo.cl\/portal\/wp-json\/wp\/v2\/posts"}],"about":[{"href":"https:\/\/eltrabajo.cl\/portal\/wp-json\/wp\/v2\/types\/post"}],"author":[{"embeddable":true,"href":"https:\/\/eltrabajo.cl\/portal\/wp-json\/wp\/v2\/users\/1"}],"replies":[{"embeddable":true,"href":"https:\/\/eltrabajo.cl\/portal\/wp-json\/wp\/v2\/comments?post=74998"}],"version-history":[{"count":0,"href":"https:\/\/eltrabajo.cl\/portal\/wp-json\/wp\/v2\/posts\/74998\/revisions"}],"wp:featuredmedia":[{"embeddable":true,"href":"https:\/\/eltrabajo.cl\/portal\/wp-json\/wp\/v2\/media\/74999"}],"wp:attachment":[{"href":"https:\/\/eltrabajo.cl\/portal\/wp-json\/wp\/v2\/media?parent=74998"}],"wp:term":[{"taxonomy":"category","embeddable":true,"href":"https:\/\/eltrabajo.cl\/portal\/wp-json\/wp\/v2\/categories?post=74998"},{"taxonomy":"post_tag","embeddable":true,"href":"https:\/\/eltrabajo.cl\/portal\/wp-json\/wp\/v2\/tags?post=74998"}],"curies":[{"name":"wp","href":"https:\/\/api.w.org\/{rel}","templated":true}]}}