{"id":75002,"date":"2016-11-03T09:26:38","date_gmt":"2016-11-03T12:26:38","guid":{"rendered":"http:\/\/www.eltrabajo.cl\/portal\/?p=75002"},"modified":"2016-11-03T09:26:38","modified_gmt":"2016-11-03T12:26:38","slug":"nos-vamos-a-organizar-los-comerciantes-para-realizar-una-gran-protesta","status":"publish","type":"post","link":"https:\/\/eltrabajo.cl\/portal\/nos-vamos-a-organizar-los-comerciantes-para-realizar-una-gran-protesta\/","title":{"rendered":"\u201cNos vamos a organizar los comerciantes para realizar una gran protesta\u201d"},"content":{"rendered":"<ul>\n<li><strong><span style=\"color: #ff0000;\">Marcelo Ruiz Herrera, joven emprendedor indignado tras robo a su cafeter\u00eda:\u00a0<\/span>V\u00edctima demanda inexistencia de un plan de contingencia durante fines de semana largos y cree que las autoridades \u201cse lavan las manos\u201d ante el accionar de los delincuentes.<\/strong><\/li>\n<\/ul>\n<p>Marcelo Ruiz Herrera es uno de los j\u00f3venes empresarios de la moderna cafeter\u00eda que ser\u00eda inaugurada dentro de dos semanas en pleno centro de San Felipe, la que el fin de semana reci\u00e9n pasado fue v\u00edctima de un millonario robo de equipamiento que a\u00fan no encuentra responsables.<\/p>\n<figure id=\"attachment_75003\" aria-describedby=\"caption-attachment-75003\" style=\"width: 300px\" class=\"wp-caption alignleft\"><a href=\"http:\/\/www.eltrabajo.cl\/portal\/nos-vamos-a-organizar-los-comerciantes-para-realizar-una-gran-protesta\/foto-1-marcelo-ruiz-herrera\/\" rel=\"attachment wp-att-75003\"><img data-recalc-dims=\"1\" loading=\"lazy\" decoding=\"async\" class=\"size-medium wp-image-75003\" src=\"https:\/\/i0.wp.com\/www.eltrabajo.cl\/portal\/wp-content\/uploads\/2016\/11\/Foto-1-Marcelo-Ruiz-Herrera-300x197.jpg?resize=300%2C197\" alt=\"Marcelo Ruiz Herrera, joven empresario due\u00f1o de cafeter\u00eda afectada por millonario robo el pasado fin de semana.\" width=\"300\" height=\"197\" srcset=\"https:\/\/i0.wp.com\/eltrabajo.cl\/portal\/wp-content\/uploads\/2016\/11\/Foto-1-Marcelo-Ruiz-Herrera.jpg?resize=300%2C197&amp;ssl=1 300w, https:\/\/i0.wp.com\/eltrabajo.cl\/portal\/wp-content\/uploads\/2016\/11\/Foto-1-Marcelo-Ruiz-Herrera.jpg?resize=200%2C131&amp;ssl=1 200w, https:\/\/i0.wp.com\/eltrabajo.cl\/portal\/wp-content\/uploads\/2016\/11\/Foto-1-Marcelo-Ruiz-Herrera.jpg?resize=228%2C150&amp;ssl=1 228w, https:\/\/i0.wp.com\/eltrabajo.cl\/portal\/wp-content\/uploads\/2016\/11\/Foto-1-Marcelo-Ruiz-Herrera.jpg?resize=400%2C263&amp;ssl=1 400w, https:\/\/i0.wp.com\/eltrabajo.cl\/portal\/wp-content\/uploads\/2016\/11\/Foto-1-Marcelo-Ruiz-Herrera.jpg?w=530&amp;ssl=1 530w\" sizes=\"auto, (max-width: 300px) 100vw, 300px\" \/><\/a><figcaption id=\"caption-attachment-75003\" class=\"wp-caption-text\">Marcelo Ruiz Herrera, joven empresario due\u00f1o de cafeter\u00eda afectada por millonario robo el pasado fin de semana.<\/figcaption><\/figure>\n<p>Junto con criticar el procedimiento utilizado por la empresa de seguridad ADT, Ruiz Herrera es categ\u00f3rico al momento de analizar el contexto en el que se suceden uno tras otro los robos a comerciantes sanfelipe\u00f1os, hecho que -seg\u00fan afirma- se agudiza durante los fines de semana largos, como el que acaba de pasar.<br \/>\n\u201cHay que hacer un llamado a la comunidad, sentar un precedente, no puede ser que durante un fin de semana largo, las autoridades descansando, echados guatita al sol compadre y la gente que tiene negocios queda desprotegida. En un fin de semana largo no s\u00e9 cu\u00e1ntos robos hubo, creo que varios, pero ac\u00e1 ya no se puede vivir, no hay un plan de contingencia, yo no vi a nadie, ninguna autoridad advirtiendo al menos que hay que resguardarse\u201d, expuso Ruiz.<br \/>\n\u201cNo puede ser que los fines de semana largo queda la cag\u00e1 (sic) ac\u00e1, las autoridades se lavan las manos y los delincuentes hacen lo que quieren (\u2026) que las autoridades sepan que nos vamos a asociar todos los peque\u00f1os comerciantes de San Felipe y vamos a hacer una gran protesta, porque no puede ser que un fin de semana largo no haya un plan de contingencia ad hoc para una ciudad que tiene niveles de delincuencia exacerbados\u201d, agreg\u00f3 de forma enf\u00e1tica el afectado por este millonario delito.<br \/>\nDel mismo modo, este joven empresario se mostr\u00f3 resignado a no recuperar los equipos robados desde la cafeter\u00eda, sin embargo, insisti\u00f3 en que es momento de que se tomen cartas en el asunto y que termine la complacencia de las autoridades encargadas de velar por la seguridad de las personas, manifestando que \u201ceste es un llamado a las autoridades, para que los fines de semana se pongan los pantalones bien puestos y creen un plan de contingencia como se debe para una ciudad grande como San Felipe\u201d, apunt\u00f3.<br \/>\n\u201cNosotros trabajamos todo el fin de semana largo para poder abrir dentro de dos semanas, no est\u00e1bamos hueviando (sic), el lunes nos levantamos a abrirle al el\u00e9ctrico y nos encontramos con el robo, \u00edbamos a trabajar lunes y martes, independiente que fuera feriado\u201d, cont\u00f3 Herrera.<\/p>\n<figure id=\"attachment_74961\" aria-describedby=\"caption-attachment-74961\" style=\"width: 530px\" class=\"wp-caption alignleft\"><a href=\"http:\/\/www.eltrabajo.cl\/portal\/roban-10-millones-en-nuevo-local-de-cafe-dias-antes-de-ser-inaugurado\/robo-escena1\/\" rel=\"attachment wp-att-74961\"><img data-recalc-dims=\"1\" loading=\"lazy\" decoding=\"async\" class=\"size-full wp-image-74961\" src=\"https:\/\/i0.wp.com\/www.eltrabajo.cl\/portal\/wp-content\/uploads\/2016\/11\/robo-Escena1.jpg?resize=530%2C349\" alt=\"EN INVESTIGACI\u00d3N.- Carabineros inici\u00f3 sus pesquisas en direcci\u00f3n a localizar tanto a los hampones como las cosas robadas.\" width=\"530\" height=\"349\" srcset=\"https:\/\/i0.wp.com\/eltrabajo.cl\/portal\/wp-content\/uploads\/2016\/11\/robo-Escena1.jpg?w=530&amp;ssl=1 530w, https:\/\/i0.wp.com\/eltrabajo.cl\/portal\/wp-content\/uploads\/2016\/11\/robo-Escena1.jpg?resize=200%2C132&amp;ssl=1 200w, https:\/\/i0.wp.com\/eltrabajo.cl\/portal\/wp-content\/uploads\/2016\/11\/robo-Escena1.jpg?resize=300%2C198&amp;ssl=1 300w, https:\/\/i0.wp.com\/eltrabajo.cl\/portal\/wp-content\/uploads\/2016\/11\/robo-Escena1.jpg?resize=228%2C150&amp;ssl=1 228w, https:\/\/i0.wp.com\/eltrabajo.cl\/portal\/wp-content\/uploads\/2016\/11\/robo-Escena1.jpg?resize=400%2C263&amp;ssl=1 400w\" sizes=\"auto, (max-width: 530px) 100vw, 530px\" \/><\/a><figcaption id=\"caption-attachment-74961\" class=\"wp-caption-text\">EN INVESTIGACI\u00d3N.- Carabineros inici\u00f3 sus pesquisas en direcci\u00f3n a localizar tanto a los hampones como las cosas robadas.<\/figcaption><\/figure>\n","protected":false},"excerpt":{"rendered":"<p>Marcelo Ruiz Herrera, joven emprendedor indignado tras robo a su cafeter\u00eda:\u00a0V\u00edctima demanda inexistencia de un plan de contingencia durante fines de semana largos y cree que las autoridades \u201cse lavan las manos\u201d&#8230;<\/p>\n","protected":false},"author":1,"featured_media":74961,"comment_status":"open","ping_status":"open","sticky":false,"template":"","format":"standard","meta":{"advanced_seo_description":"","jetpack_seo_html_title":"","jetpack_seo_noindex":false,"_jetpack_memberships_contains_paid_content":false,"footnotes":""},"categories":[15],"tags":[],"class_list":["post-75002","post","type-post","status-publish","format-standard","has-post-thumbnail","hentry","category-comunidad"],"jetpack_featured_media_url":"https:\/\/i0.wp.com\/eltrabajo.cl\/portal\/wp-content\/uploads\/2016\/11\/robo-Escena1.jpg?fit=530%2C349&ssl=1","jetpack_sharing_enabled":true,"jetpack_likes_enabled":true,"jetpack-related-posts":[],"_links":{"self":[{"href":"https:\/\/eltrabajo.cl\/portal\/wp-json\/wp\/v2\/posts\/75002","targetHints":{"allow":["GET"]}}],"collection":[{"href":"https:\/\/eltrabajo.cl\/portal\/wp-json\/wp\/v2\/posts"}],"about":[{"href":"https:\/\/eltrabajo.cl\/portal\/wp-json\/wp\/v2\/types\/post"}],"author":[{"embeddable":true,"href":"https:\/\/eltrabajo.cl\/portal\/wp-json\/wp\/v2\/users\/1"}],"replies":[{"embeddable":true,"href":"https:\/\/eltrabajo.cl\/portal\/wp-json\/wp\/v2\/comments?post=75002"}],"version-history":[{"count":0,"href":"https:\/\/eltrabajo.cl\/portal\/wp-json\/wp\/v2\/posts\/75002\/revisions"}],"wp:featuredmedia":[{"embeddable":true,"href":"https:\/\/eltrabajo.cl\/portal\/wp-json\/wp\/v2\/media\/74961"}],"wp:attachment":[{"href":"https:\/\/eltrabajo.cl\/portal\/wp-json\/wp\/v2\/media?parent=75002"}],"wp:term":[{"taxonomy":"category","embeddable":true,"href":"https:\/\/eltrabajo.cl\/portal\/wp-json\/wp\/v2\/categories?post=75002"},{"taxonomy":"post_tag","embeddable":true,"href":"https:\/\/eltrabajo.cl\/portal\/wp-json\/wp\/v2\/tags?post=75002"}],"curies":[{"name":"wp","href":"https:\/\/api.w.org\/{rel}","templated":true}]}}