{"id":75006,"date":"2016-11-04T08:44:28","date_gmt":"2016-11-04T11:44:28","guid":{"rendered":"http:\/\/www.eltrabajo.cl\/portal\/?p=75006"},"modified":"2016-11-04T08:44:28","modified_gmt":"2016-11-04T11:44:28","slug":"gobernador-recomienda-no-autorizar-trabajo-minero-en-campo-jahuel","status":"publish","type":"post","link":"https:\/\/eltrabajo.cl\/portal\/gobernador-recomienda-no-autorizar-trabajo-minero-en-campo-jahuel\/","title":{"rendered":"Gobernador recomienda\u00a0no autorizar trabajo minero en Campo Jahuel"},"content":{"rendered":"<ul>\n<li><strong><span style=\"color: #ff0000;\">Ante inminente contaminaci\u00f3n de aguas en Santa Mar\u00eda:<\/span>\u00a0En respuesta a una solicitud del Juez de Letras de San Felipe, la m\u00e1xima autoridad provincial fue tajante al se\u00f1alar que trabajos de Minera Nueva Esperanza afectan directamente aguas de riego y consumo humano.<\/strong><\/li>\n<\/ul>\n<p>El gobernador de la Provincia de San Felipe, Eduardo Le\u00f3n Lazcano, pareciera haberle dado un corte definitivo al conflicto existente entre la Comunidad de Campo Jahuel y la Sociedad Minera Nueva Esperanza, tras despachar un informe al Primer Juzgado de Letras en lo Civil de San Felipe,en el que \u201cNo autoriza el funcionamiento de la faena minera en cuesti\u00f3n\u201d; argumentando la existencia de antecedentes t\u00e9cnicos y asesor\u00eda profesional de organismos especializados, que constatan la afectaci\u00f3n directa que esta actividad econ\u00f3mica provoca a las fuentes de abastecimiento de agua de riego y consumo humano en los sectores de El Zaino, Jahuel y Santa Filomena, en la comuna de Santa Mar\u00eda.<br \/>\nDe acuerdo con el escrito emanado al Juez Letrado en lo Civil del 1\u00b0 Juzgado San Felipe, la determinaci\u00f3n de Le\u00f3n est\u00e1 amparada en el art\u00edculo 17 del C\u00f3digo de Miner\u00eda, el cual, considera la autorizaci\u00f3n del gobernador para este tipo de faenas, inciso en el que Le\u00f3n se sustent\u00f3 para argumentar que \u201c nosotros hemos ido a terreno, hemos revisado los expedientes e informes t\u00e9cnicos y la respuesta es bastante clara: no est\u00e1n las condiciones para que esta minera opere en el lugar, ni \u00e9sta, ni otra, la verdad es que la captaci\u00f3n de agua y su abastecimiento est\u00e1n siendo muy afectados\u201d, sentenci\u00f3 la m\u00e1xima autoridad provincial.<br \/>\nEl abogado de la Gobernaci\u00f3n Provincial de San Felipe, Adolfo Pizarro, se encarg\u00f3 de fundamentar legalmente los dichos de Le\u00f3n y precis\u00f3 que \u201chay que partir por aclarar que la Gobernaci\u00f3n no est\u00e1 cerrando, ni clausurando la explotaci\u00f3n minera, sino que, est\u00e1 respondiendo conforme al art\u00edculo 17 del C\u00f3digo Minero, una consulta que se le present\u00f3 en el proceso judicial y conforme a las facultades que la norma le otorga al gobernador, \u00e9l emiti\u00f3 su pronunciamiento\u201d, fundament\u00f3 el letrado.<br \/>\nAs\u00ed mismo, Pizarro aclar\u00f3 que \u201ceste documento es una m\u00e1s de las condiciones que el fallo le impuso a la empresa minera, le realiz\u00f3 una bater\u00eda de exigencias, t\u00e9cnicas y legales que deb\u00eda cumplir\u201d, concluy\u00f3.<\/p>\n<figure id=\"attachment_75007\" aria-describedby=\"caption-attachment-75007\" style=\"width: 530px\" class=\"wp-caption alignleft\"><a href=\"http:\/\/www.eltrabajo.cl\/portal\/gobernador-recomienda-no-autorizar-trabajo-minero-en-campo-jahuel\/foto-1-eduardo-leon\/\" rel=\"attachment wp-att-75007\"><img data-recalc-dims=\"1\" loading=\"lazy\" decoding=\"async\" class=\"size-full wp-image-75007\" src=\"https:\/\/i0.wp.com\/www.eltrabajo.cl\/portal\/wp-content\/uploads\/2016\/11\/FOTO-1-EDUARDO-LEON.jpg?resize=530%2C350\" alt=\"Gobernador de la Provincia de San Felipe, Eduardo Le\u00f3n Lazcano junto al abogado de la Gobernaci\u00f3n Provincial, Adolfo Pizarro (a la izquierda).\" width=\"530\" height=\"350\" srcset=\"https:\/\/i0.wp.com\/eltrabajo.cl\/portal\/wp-content\/uploads\/2016\/11\/FOTO-1-EDUARDO-LEON.jpg?w=530&amp;ssl=1 530w, https:\/\/i0.wp.com\/eltrabajo.cl\/portal\/wp-content\/uploads\/2016\/11\/FOTO-1-EDUARDO-LEON.jpg?resize=200%2C132&amp;ssl=1 200w, https:\/\/i0.wp.com\/eltrabajo.cl\/portal\/wp-content\/uploads\/2016\/11\/FOTO-1-EDUARDO-LEON.jpg?resize=300%2C198&amp;ssl=1 300w, https:\/\/i0.wp.com\/eltrabajo.cl\/portal\/wp-content\/uploads\/2016\/11\/FOTO-1-EDUARDO-LEON.jpg?resize=227%2C150&amp;ssl=1 227w, https:\/\/i0.wp.com\/eltrabajo.cl\/portal\/wp-content\/uploads\/2016\/11\/FOTO-1-EDUARDO-LEON.jpg?resize=400%2C264&amp;ssl=1 400w\" sizes=\"auto, (max-width: 530px) 100vw, 530px\" \/><\/a><figcaption id=\"caption-attachment-75007\" class=\"wp-caption-text\">Gobernador de la Provincia de San Felipe, Eduardo Le\u00f3n Lazcano junto al abogado de la Gobernaci\u00f3n Provincial, Adolfo Pizarro (a la izquierda).<\/figcaption><\/figure>\n","protected":false},"excerpt":{"rendered":"<p>Ante inminente contaminaci\u00f3n de aguas en Santa Mar\u00eda:\u00a0En respuesta a una solicitud del Juez de Letras de San Felipe, la m\u00e1xima autoridad provincial fue tajante al se\u00f1alar que trabajos de Minera Nueva&#8230;<\/p>\n","protected":false},"author":1,"featured_media":75007,"comment_status":"open","ping_status":"open","sticky":false,"template":"","format":"standard","meta":{"advanced_seo_description":"","jetpack_seo_html_title":"","jetpack_seo_noindex":false,"_jetpack_memberships_contains_paid_content":false,"footnotes":""},"categories":[1],"tags":[],"class_list":["post-75006","post","type-post","status-publish","format-standard","has-post-thumbnail","hentry","category-cronica"],"jetpack_featured_media_url":"https:\/\/i0.wp.com\/eltrabajo.cl\/portal\/wp-content\/uploads\/2016\/11\/FOTO-1-EDUARDO-LEON.jpg?fit=530%2C350&ssl=1","jetpack_sharing_enabled":true,"jetpack_likes_enabled":true,"jetpack-related-posts":[],"_links":{"self":[{"href":"https:\/\/eltrabajo.cl\/portal\/wp-json\/wp\/v2\/posts\/75006","targetHints":{"allow":["GET"]}}],"collection":[{"href":"https:\/\/eltrabajo.cl\/portal\/wp-json\/wp\/v2\/posts"}],"about":[{"href":"https:\/\/eltrabajo.cl\/portal\/wp-json\/wp\/v2\/types\/post"}],"author":[{"embeddable":true,"href":"https:\/\/eltrabajo.cl\/portal\/wp-json\/wp\/v2\/users\/1"}],"replies":[{"embeddable":true,"href":"https:\/\/eltrabajo.cl\/portal\/wp-json\/wp\/v2\/comments?post=75006"}],"version-history":[{"count":0,"href":"https:\/\/eltrabajo.cl\/portal\/wp-json\/wp\/v2\/posts\/75006\/revisions"}],"wp:featuredmedia":[{"embeddable":true,"href":"https:\/\/eltrabajo.cl\/portal\/wp-json\/wp\/v2\/media\/75007"}],"wp:attachment":[{"href":"https:\/\/eltrabajo.cl\/portal\/wp-json\/wp\/v2\/media?parent=75006"}],"wp:term":[{"taxonomy":"category","embeddable":true,"href":"https:\/\/eltrabajo.cl\/portal\/wp-json\/wp\/v2\/categories?post=75006"},{"taxonomy":"post_tag","embeddable":true,"href":"https:\/\/eltrabajo.cl\/portal\/wp-json\/wp\/v2\/tags?post=75006"}],"curies":[{"name":"wp","href":"https:\/\/api.w.org\/{rel}","templated":true}]}}