{"id":75019,"date":"2016-11-04T09:09:28","date_gmt":"2016-11-04T12:09:28","guid":{"rendered":"http:\/\/www.eltrabajo.cl\/portal\/?p=75019"},"modified":"2016-11-04T09:09:28","modified_gmt":"2016-11-04T12:09:28","slug":"todo-listo-para-la-xi-version-internacional-conciertos-de-coros-2016","status":"publish","type":"post","link":"https:\/\/eltrabajo.cl\/portal\/todo-listo-para-la-xi-version-internacional-conciertos-de-coros-2016\/","title":{"rendered":"Todo listo para la XI Versi\u00f3n Internacional Conciertos de Coros 2016"},"content":{"rendered":"<ul>\n<li><strong><span style=\"color: #ff0000;\">Camerata Aconcagua ser\u00e1 Anfitri\u00f3n en San Felipe:<\/span>\u00a0Coros de varios pa\u00edses se presentar\u00e1n de forma simult\u00e1nea en distintas partes del Valle. En San Felipe actuar\u00e1n varios coros extranjeros, y Camerata como Anfitri\u00f3n.<\/strong><\/li>\n<\/ul>\n<p>El Valle de Aconcagua se llenar\u00e1 de m\u00fasica con la XI Versi\u00f3n Internacional Conciertos de Coros 2016, la que desde 2015 incluye a la ciudad de San Felipe. Ser\u00e1n 435 voces de 16 coros los que nos deleitar\u00e1n con su arte y entusiasmo en distintos escenarios del valle.<br \/>\nSeg\u00fan inform\u00f3 a Diario El Trabajo el director de esta Camerata Aconcagua, Jorge Gaete, \u00abempezaremos la inauguraci\u00f3n el viernes 11 de noviembre a las 18:00 horas en el gimnasio del Liceo Max Salas Marchant, de Los Andes, concierto inaugural a cargo de la Universidad Cat\u00f3lica de Temuco, y a las 20:00 horas\u00bb.<\/p>\n<p><strong>GRANDES CONCIERTOS<\/strong><br \/>\nAqu\u00ed ofrecemos algunos datos sobre esta jornada de conciertos, los que se desarrollar\u00e1n en simult\u00e1nea en varias comunas de Aconcagua:<br \/>\nCentro Cultural Pedro Aguirre Cerda, Pocuro, Calle Larga, Asociaci\u00f3n Coral Chapec\u00f3, Chapeco, Brasil, Voces de La Araucan\u00eda, Temuco, Chile<br \/>\nCoro ProM\u00fasica, Treinta y tres, Uruguay.<br \/>\nEn nuestra comuna por ejemplo y siempre a las 20:00 horas, la acci\u00f3n estar\u00e1 en la Iglesia Museo del Buen Pastor: Coro Amigos de siempre, de Mendoza, Argentina. Coral Viva Valencia, tambi\u00e9n de Mendoza, siempre de esa ciudad trasandina se presentar\u00e1 el Coro Damas Andaluz y Camerata Aconcagua, de San Felipe.<br \/>\nTambi\u00e9n el s\u00e1bado 12 al Mediod\u00eda, habr\u00e1n varios conciertos en varias partes del valle, por ejemplo tendremos conciertos en Santuario de Auco; intervenciones urbanas en las distintas comunas; concierto en Vi\u00f1a S\u00e1nchez de Loria en Panquehue y otros en Vi\u00f1a del Mar, Valpara\u00edso. Este evento es organizado por Jos\u00e9 Ram\u00f3n Toro, cultor de Los Andes.<br \/>\n\u00abEstamos felices de poder participar con Camerata Aconcagua en este prestigioso encuentro coral que se hace cada a\u00f1o y adem\u00e1s de ser la agrupaci\u00f3n anfitriona en nuestra ciudad. Recibiremos a tres coros argentinos que suman m\u00e1s de 100 personas, lo que beneficiar\u00e1 mucho el comercio, los locales de comida y el turismo en general, adem\u00e1s del tremendo aporte cultural a nuestra tierra\u00bb, dijo Jorge Gaete Calder\u00f3n, director de Camerata Aconcagua.<br \/>\n<strong>Roberto Gonz\u00e1lez Short<\/strong><\/p>\n<figure id=\"attachment_75020\" aria-describedby=\"caption-attachment-75020\" style=\"width: 530px\" class=\"wp-caption alignleft\"><a href=\"http:\/\/www.eltrabajo.cl\/portal\/todo-listo-para-la-xi-version-internacional-conciertos-de-coros-2016\/camerata1-3\/\" rel=\"attachment wp-att-75020\"><img data-recalc-dims=\"1\" loading=\"lazy\" decoding=\"async\" class=\"size-full wp-image-75020\" src=\"https:\/\/i0.wp.com\/www.eltrabajo.cl\/portal\/wp-content\/uploads\/2016\/11\/Camerata1.jpg?resize=530%2C349\" alt=\"CAMERATA ACONCAGUA.- Ellos son: Gladys Hern\u00e1ndez, Ximena Gonz\u00e1lez, Norma Ulloa, Carolina Iturrieta, Jorge Gaete y Lorena Fern\u00e1ndez.\" width=\"530\" height=\"349\" srcset=\"https:\/\/i0.wp.com\/eltrabajo.cl\/portal\/wp-content\/uploads\/2016\/11\/Camerata1.jpg?w=530&amp;ssl=1 530w, https:\/\/i0.wp.com\/eltrabajo.cl\/portal\/wp-content\/uploads\/2016\/11\/Camerata1.jpg?resize=200%2C132&amp;ssl=1 200w, https:\/\/i0.wp.com\/eltrabajo.cl\/portal\/wp-content\/uploads\/2016\/11\/Camerata1.jpg?resize=300%2C198&amp;ssl=1 300w, https:\/\/i0.wp.com\/eltrabajo.cl\/portal\/wp-content\/uploads\/2016\/11\/Camerata1.jpg?resize=228%2C150&amp;ssl=1 228w, https:\/\/i0.wp.com\/eltrabajo.cl\/portal\/wp-content\/uploads\/2016\/11\/Camerata1.jpg?resize=400%2C263&amp;ssl=1 400w\" sizes=\"auto, (max-width: 530px) 100vw, 530px\" \/><\/a><figcaption id=\"caption-attachment-75020\" class=\"wp-caption-text\">CAMERATA ACONCAGUA.- Ellos son: Gladys Hern\u00e1ndez, Ximena Gonz\u00e1lez, Norma Ulloa, Carolina Iturrieta, Jorge Gaete y Lorena Fern\u00e1ndez.<\/figcaption><\/figure>\n","protected":false},"excerpt":{"rendered":"<p>Camerata Aconcagua ser\u00e1 Anfitri\u00f3n en San Felipe:\u00a0Coros de varios pa\u00edses se presentar\u00e1n de forma simult\u00e1nea en distintas partes del Valle. En San Felipe actuar\u00e1n varios coros extranjeros, y Camerata como Anfitri\u00f3n. El&#8230;<\/p>\n","protected":false},"author":1,"featured_media":75020,"comment_status":"open","ping_status":"open","sticky":false,"template":"","format":"standard","meta":{"advanced_seo_description":"","jetpack_seo_html_title":"","jetpack_seo_noindex":false,"_jetpack_memberships_contains_paid_content":false,"footnotes":""},"categories":[20],"tags":[],"class_list":["post-75019","post","type-post","status-publish","format-standard","has-post-thumbnail","hentry","category-arte-y-cultura"],"jetpack_featured_media_url":"https:\/\/i0.wp.com\/eltrabajo.cl\/portal\/wp-content\/uploads\/2016\/11\/Camerata1.jpg?fit=530%2C349&ssl=1","jetpack_sharing_enabled":true,"jetpack_likes_enabled":true,"jetpack-related-posts":[],"_links":{"self":[{"href":"https:\/\/eltrabajo.cl\/portal\/wp-json\/wp\/v2\/posts\/75019","targetHints":{"allow":["GET"]}}],"collection":[{"href":"https:\/\/eltrabajo.cl\/portal\/wp-json\/wp\/v2\/posts"}],"about":[{"href":"https:\/\/eltrabajo.cl\/portal\/wp-json\/wp\/v2\/types\/post"}],"author":[{"embeddable":true,"href":"https:\/\/eltrabajo.cl\/portal\/wp-json\/wp\/v2\/users\/1"}],"replies":[{"embeddable":true,"href":"https:\/\/eltrabajo.cl\/portal\/wp-json\/wp\/v2\/comments?post=75019"}],"version-history":[{"count":0,"href":"https:\/\/eltrabajo.cl\/portal\/wp-json\/wp\/v2\/posts\/75019\/revisions"}],"wp:featuredmedia":[{"embeddable":true,"href":"https:\/\/eltrabajo.cl\/portal\/wp-json\/wp\/v2\/media\/75020"}],"wp:attachment":[{"href":"https:\/\/eltrabajo.cl\/portal\/wp-json\/wp\/v2\/media?parent=75019"}],"wp:term":[{"taxonomy":"category","embeddable":true,"href":"https:\/\/eltrabajo.cl\/portal\/wp-json\/wp\/v2\/categories?post=75019"},{"taxonomy":"post_tag","embeddable":true,"href":"https:\/\/eltrabajo.cl\/portal\/wp-json\/wp\/v2\/tags?post=75019"}],"curies":[{"name":"wp","href":"https:\/\/api.w.org\/{rel}","templated":true}]}}