{"id":75027,"date":"2016-11-04T09:13:41","date_gmt":"2016-11-04T12:13:41","guid":{"rendered":"http:\/\/www.eltrabajo.cl\/portal\/?p=75027"},"modified":"2016-11-04T09:13:41","modified_gmt":"2016-11-04T12:13:41","slug":"manifestantes-quemaron-neumaticos-frente-a-hospital-san-camilo","status":"publish","type":"post","link":"https:\/\/eltrabajo.cl\/portal\/manifestantes-quemaron-neumaticos-frente-a-hospital-san-camilo\/","title":{"rendered":"Manifestantes quemaron neum\u00e1ticos frente a Hospital San Camilo"},"content":{"rendered":"<ul>\n<li><strong><span style=\"color: #ff0000;\">Movimiento del Sector P\u00fablico comienza agudizarse:<\/span>\u00a0Trabajadores comienzan a perder la paciencia y s\u00f3lo un nuevo proyecto de reajuste salarial, podr\u00eda detener un conflicto que amenaza con encenderse.<\/strong><\/li>\n<\/ul>\n<p>El conflicto entre el Gobierno y trabajadores del sector p\u00fablico se ha transformado en un verdadero drama y est\u00e1 atravesando su momento m\u00e1s \u00e1lgido: de la paralizaci\u00f3n y las marchas, en San Felipe, dirigentes y trabajadores dela Federaci\u00f3n Nacional de Trabajadores de la Salud, Fenats Aconcagua, pasaron a una manifestaci\u00f3n m\u00e1s dr\u00e1stica y al mediod\u00eda de ayer, encendieron neum\u00e1ticos e interrumpieron el tr\u00e1nsito en la intersecci\u00f3n de avenida Miraflores con Hermanos Carrera, lugar hasta donde debi\u00f3 concurrir personal de Bomberos para extinguir el fuego y Carabineros para dispersar a los manifestantes y restituir el flujo vehicular<br \/>\nSeg\u00fan el tesorero de Fenats Aconcagua, Alejandro Aguilar, el movimiento podr\u00eda seguir radicaliz\u00e1ndose, si es que el Gobierno no se toma en serio la complejidad que ha tomado la demanda de los trabajadores.<br \/>\n\u201cLa gente evidentemente est\u00e1 perdiendo la paciencia, hay un cansancio, un hast\u00edo que se est\u00e1 produciendo entre los trabajadores, al ver que el Gobierno no se visualiza en una disposici\u00f3n para llegar a acuerdo y eso provoca que la gente vaya perdiendo la paciencia y atrevi\u00e9ndose a desarrollar acciones m\u00e1s radicales\u201d, apunt\u00f3 Aguilar.<br \/>\nRespecto de cu\u00e1les son las acciones a seguir, el dirigente asegur\u00f3 que las movilizaciones contin\u00faan hasta que el Gobierno se muestre dispuesto a negociar y presente un nuevo proyecto de reajuste salarial para los trabajadores, mientras tanto, \u201cla instrucci\u00f3n que tenemos es parar hoy y ma\u00f1ana (ayer y hoy), ma\u00f1ana nos juntaremos con la marcha que realiza la coordinadora No + AFP, que ac\u00e1 en Aconcagua est\u00e1 convocando a juntarse a las 11 de la ma\u00f1ana en la esquina colorada y all\u00ed estaremos todos los trabajadores del sector p\u00fablico marchando por el centro de San Felipe\u201d, advirti\u00f3.<br \/>\nDe acuerdo a lo manifestado por Aguilar, la cifra que debiera proponer el Gobierno en el nuevo proyecto de ley de reajuste salarial, debiera acercarse lo m\u00e1s posible al 7% que demandan los trabajadores, advirtiendo que \u201cun monto que tal vez sea equidistante, hay disposici\u00f3n a bajar posiciones para llegar a un acuerdo, pero en lo que no estamos de acuerdo es en el bono de t\u00e9rmino de negociaci\u00f3n y la l\u00ednea de corte que ha decidido, porque all\u00ed se nos queda mucha gente abajo, por ejemplo todo el magisterio, los profesionales de la salud tampoco (\u2026) por lo tanto el Gobierno tiene que subir la punter\u00eda\u201d, adujo el dirigente<br \/>\n\u201cLa derrota pol\u00edtica que sufri\u00f3 el Gobierno en la jornada de ayer (mi\u00e9rcoles), donde tanto la c\u00e1mara de Diputados, como la comisi\u00f3n mixta, rechazaron el proyecto de ley, nos deja en un escenario bastante impensado, porque es primera vez en la historia de este pa\u00eds en los \u00faltimos 26 a\u00f1os, en que un proyecto de ley del Gobierno, no es apoyado por ninguno de sus partidarios\u201d, concluy\u00f3Aguilar.<br \/>\nFuentes extraoficiales, aseguran que la marcha de ma\u00f1ana entre No + AFP y trabajadores del sector p\u00fablico, tendr\u00e1 una masiva convocatoria y que, probablemente los manifestantes, interrumpan el tr\u00e1nsito en algunos lugares de alta congesti\u00f3n vehicular, as\u00ed como tambi\u00e9n, en alguno de los accesos a San Felipe y caminos interurbanos.<\/p>\n<figure id=\"attachment_75028\" aria-describedby=\"caption-attachment-75028\" style=\"width: 530px\" class=\"wp-caption alignleft\"><a href=\"http:\/\/www.eltrabajo.cl\/portal\/manifestantes-quemaron-neumaticos-frente-a-hospital-san-camilo\/trabajadores-hospital-san-camilo\/\" rel=\"attachment wp-att-75028\"><img data-recalc-dims=\"1\" loading=\"lazy\" decoding=\"async\" class=\"size-full wp-image-75028\" src=\"https:\/\/i0.wp.com\/www.eltrabajo.cl\/portal\/wp-content\/uploads\/2016\/11\/TRABAJADORES-HOSPITAL-SAN-CAMILO.jpg?resize=530%2C350\" alt=\"Trabajadores del Hospital San Camilo quemaron un neum\u00e1tico frente al establecimiento. (Foto Rafael P\u00e9rez)\" width=\"530\" height=\"350\" srcset=\"https:\/\/i0.wp.com\/eltrabajo.cl\/portal\/wp-content\/uploads\/2016\/11\/TRABAJADORES-HOSPITAL-SAN-CAMILO.jpg?w=530&amp;ssl=1 530w, https:\/\/i0.wp.com\/eltrabajo.cl\/portal\/wp-content\/uploads\/2016\/11\/TRABAJADORES-HOSPITAL-SAN-CAMILO.jpg?resize=200%2C132&amp;ssl=1 200w, https:\/\/i0.wp.com\/eltrabajo.cl\/portal\/wp-content\/uploads\/2016\/11\/TRABAJADORES-HOSPITAL-SAN-CAMILO.jpg?resize=300%2C198&amp;ssl=1 300w, https:\/\/i0.wp.com\/eltrabajo.cl\/portal\/wp-content\/uploads\/2016\/11\/TRABAJADORES-HOSPITAL-SAN-CAMILO.jpg?resize=227%2C150&amp;ssl=1 227w, https:\/\/i0.wp.com\/eltrabajo.cl\/portal\/wp-content\/uploads\/2016\/11\/TRABAJADORES-HOSPITAL-SAN-CAMILO.jpg?resize=400%2C264&amp;ssl=1 400w\" sizes=\"auto, (max-width: 530px) 100vw, 530px\" \/><\/a><figcaption id=\"caption-attachment-75028\" class=\"wp-caption-text\">Trabajadores del Hospital San Camilo quemaron un neum\u00e1tico frente al establecimiento. (Foto Rafael P\u00e9rez)<\/figcaption><\/figure>\n","protected":false},"excerpt":{"rendered":"<p>Movimiento del Sector P\u00fablico comienza agudizarse:\u00a0Trabajadores comienzan a perder la paciencia y s\u00f3lo un nuevo proyecto de reajuste salarial, podr\u00eda detener un conflicto que amenaza con encenderse. El conflicto entre el Gobierno&#8230;<\/p>\n","protected":false},"author":1,"featured_media":75028,"comment_status":"open","ping_status":"open","sticky":false,"template":"","format":"standard","meta":{"advanced_seo_description":"","jetpack_seo_html_title":"","jetpack_seo_noindex":false,"_jetpack_memberships_contains_paid_content":false,"footnotes":""},"categories":[1],"tags":[],"class_list":["post-75027","post","type-post","status-publish","format-standard","has-post-thumbnail","hentry","category-cronica"],"jetpack_featured_media_url":"https:\/\/i0.wp.com\/eltrabajo.cl\/portal\/wp-content\/uploads\/2016\/11\/TRABAJADORES-HOSPITAL-SAN-CAMILO.jpg?fit=530%2C350&ssl=1","jetpack_sharing_enabled":true,"jetpack_likes_enabled":true,"jetpack-related-posts":[],"_links":{"self":[{"href":"https:\/\/eltrabajo.cl\/portal\/wp-json\/wp\/v2\/posts\/75027","targetHints":{"allow":["GET"]}}],"collection":[{"href":"https:\/\/eltrabajo.cl\/portal\/wp-json\/wp\/v2\/posts"}],"about":[{"href":"https:\/\/eltrabajo.cl\/portal\/wp-json\/wp\/v2\/types\/post"}],"author":[{"embeddable":true,"href":"https:\/\/eltrabajo.cl\/portal\/wp-json\/wp\/v2\/users\/1"}],"replies":[{"embeddable":true,"href":"https:\/\/eltrabajo.cl\/portal\/wp-json\/wp\/v2\/comments?post=75027"}],"version-history":[{"count":0,"href":"https:\/\/eltrabajo.cl\/portal\/wp-json\/wp\/v2\/posts\/75027\/revisions"}],"wp:featuredmedia":[{"embeddable":true,"href":"https:\/\/eltrabajo.cl\/portal\/wp-json\/wp\/v2\/media\/75028"}],"wp:attachment":[{"href":"https:\/\/eltrabajo.cl\/portal\/wp-json\/wp\/v2\/media?parent=75027"}],"wp:term":[{"taxonomy":"category","embeddable":true,"href":"https:\/\/eltrabajo.cl\/portal\/wp-json\/wp\/v2\/categories?post=75027"},{"taxonomy":"post_tag","embeddable":true,"href":"https:\/\/eltrabajo.cl\/portal\/wp-json\/wp\/v2\/tags?post=75027"}],"curies":[{"name":"wp","href":"https:\/\/api.w.org\/{rel}","templated":true}]}}