{"id":75044,"date":"2016-11-07T08:34:39","date_gmt":"2016-11-07T11:34:39","guid":{"rendered":"http:\/\/www.eltrabajo.cl\/portal\/?p=75044"},"modified":"2016-11-07T08:35:12","modified_gmt":"2016-11-07T11:35:12","slug":"alumnos-conmovidos-con-narracion-biografica-de-joven-portadora-de-vih","status":"publish","type":"post","link":"https:\/\/eltrabajo.cl\/portal\/alumnos-conmovidos-con-narracion-biografica-de-joven-portadora-de-vih\/","title":{"rendered":"Alumnos conmovidos con narraci\u00f3n biogr\u00e1fica de joven portadora de VIH"},"content":{"rendered":"<ul>\n<li><strong><span style=\"color: #ff0000;\">Carolina del Real, a trav\u00e9s de una presentaci\u00f3n autorreferente, cont\u00f3 a los j\u00f3venes alumnos del Colegio Panquehue, como se contagi\u00f3 de Sida. Su obra llamada \u2018Que a ti no te Pase\u2019, dej\u00f3 de manifiesto que esta enfermedad no mira clases sociales, por lo tanto llama a cuidarse.<\/span> <\/strong><\/li>\n<\/ul>\n<p><strong>PANQUEHUE.-<\/strong> La sala de la galer\u00eda cultural, estaba casi copada de alumnos del Colegio Panquehue. La invitaci\u00f3n era para participar de una charla sobre cuidados y sexualidad, nadie sin embargo conoc\u00eda el tenor de la presentaci\u00f3n, que una hora y media m\u00e1s tarde los dejar\u00eda en total silencio y m\u00e1s aun tratando de no emocionarse con lo que iban a escuchar.<br \/>\nEn escena, con micr\u00f3fono en mano, flanqueada con una botella de agua mineral, Carolina del Real, iniciaba su monologo con una frase para el bronce \u201cNo soy m\u00e9dico, tampoco autoridad, y estoy parada aqu\u00ed de pura patuda\u201d. Los alumnos del colegio Panquehue, aun no sab\u00edan realmente de que se tratar\u00eda lo que estaban presto a escuchar.<br \/>\n\u201cMe ha tocado bailar con la bonita\u201d, afirma. Lo dice con la tranquilidad de una persona que tiene el apoyo de toda su familia y de sus amigos y que gracias a sus ojos verdes, su pelo rubio y su apellido, como ella misma explica, no sufre la discriminaci\u00f3n que otros con VIH s\u00ed experimentan. Carolina Del Real Robinson, salt\u00f3 a la portada de los medios de comunicaci\u00f3n el a\u00f1o 2013, cuando a trav\u00e9s de su blog confes\u00f3 que estaba contagiada con VIH desde 2010. Su relato frente a los alumnos del colegio Panquehue fue estremecedor, generando al final m\u00faltiple reacciones, pero por sobre todo debate sobre una realidad que en este pa\u00eds todav\u00eda se oculta. Tratando de procesar el impacto de su revelaci\u00f3n y la sobreexposici\u00f3n a la que est\u00e1 sometida, esta joven relacionadora p\u00fablica sigue adelante con su vida, y con una serie de proyectos en carpeta.<br \/>\n\u201cEs necesario sacarle la carga social que tiene esta enfermedad, si esto sigue as\u00ed la gente contagiada seguir\u00e1 viviendo en silencio el VIH y un portador que no quiere hacerse cargo de su realidad, no lo asume, es un peligro para todos\u201d, sentencia al explicar por qu\u00e9 habl\u00f3.<br \/>\nLa historia cuenta sobre su vida, sus estudios y el inicio de su viuda sexual, como toda joven, sin embargo siendo adulta se ve afectada de un fuerte resfr\u00edo, lo que oblig\u00f3 a ser internada en una cl\u00ednica donde se determin\u00f3 que estaba con neumon\u00eda.<br \/>\nDijo que se le hicieron m\u00faltiples ex\u00e1menes para establecer la raz\u00f3n de su complicaci\u00f3n y al final, casi por descarte, le hicieron el test de Elisa, que dio positivo. El doctor, sin ning\u00fan pre\u00e1mbulo le inform\u00f3 que ten\u00eda VIH, y ella, de la misma forma, se lo dijo a su padre. La reacci\u00f3n de \u00e9ste, es una de las cosas que m\u00e1s ha llamado la atenci\u00f3n; fue, se lav\u00f3 las manos y comenz\u00f3 a besarla por todo el cuerpo en se\u00f1al de amor incondicional. Tambi\u00e9n narra que estando en la cl\u00ednica, tom\u00f3 el tel\u00e9fono y contact\u00f3 a todas sus exparejas para informales, y que el \u00faltimo llamado fue el que result\u00f3 positivo e igual de sorpresivo, porque \u00e9l tampoco sab\u00eda de su condici\u00f3n.<br \/>\nEs al final donde cuenta su verdad, invita a todos a asumir el riesgo de esta enfermedad, que se encuentra en todos lados; a tomar precauciones; a hacerse el test antes de iniciar cualquier relaci\u00f3n de pareja; a ser responsable con uno y con el otro.<br \/>\nPara la Directora del Daem de la comuna de Panquehue, Julia Mar\u00edn fue una experiencia estremecedora, pues pone en debate un tema que reviste de suma importancia, para la formaci\u00f3n sexual de los ni\u00f1os.<br \/>\nContactada por el encargado del programa de Vida Sana del Cesfam Panquehue, Sebasti\u00e1n Astudillo, la presentaci\u00f3n de Carolina del Real, dijo a muchos pensando, sobre la importancia del autocuidado y el uso del preservativo, con una conducta responsable.<\/p>\n<figure id=\"attachment_75045\" aria-describedby=\"caption-attachment-75045\" style=\"width: 530px\" class=\"wp-caption alignleft\"><a href=\"http:\/\/www.eltrabajo.cl\/portal\/alumnos-conmovidos-con-narracion-biografica-de-joven-portadora-de-vih\/panq-sida\/\" rel=\"attachment wp-att-75045\"><img data-recalc-dims=\"1\" loading=\"lazy\" decoding=\"async\" class=\"size-full wp-image-75045\" src=\"https:\/\/i0.wp.com\/www.eltrabajo.cl\/portal\/wp-content\/uploads\/2016\/11\/PANQ-SIDA.jpg?resize=530%2C350\" alt=\"La sala de la galer\u00eda cultural, estaba casi copada de alumnos del Colegio Panquehue. La invitaci\u00f3n era para participar de una charla sobre cuidados y sexualidad.\" width=\"530\" height=\"350\" srcset=\"https:\/\/i0.wp.com\/eltrabajo.cl\/portal\/wp-content\/uploads\/2016\/11\/PANQ-SIDA.jpg?w=530&amp;ssl=1 530w, https:\/\/i0.wp.com\/eltrabajo.cl\/portal\/wp-content\/uploads\/2016\/11\/PANQ-SIDA.jpg?resize=200%2C132&amp;ssl=1 200w, https:\/\/i0.wp.com\/eltrabajo.cl\/portal\/wp-content\/uploads\/2016\/11\/PANQ-SIDA.jpg?resize=300%2C198&amp;ssl=1 300w, https:\/\/i0.wp.com\/eltrabajo.cl\/portal\/wp-content\/uploads\/2016\/11\/PANQ-SIDA.jpg?resize=227%2C150&amp;ssl=1 227w, https:\/\/i0.wp.com\/eltrabajo.cl\/portal\/wp-content\/uploads\/2016\/11\/PANQ-SIDA.jpg?resize=400%2C264&amp;ssl=1 400w\" sizes=\"auto, (max-width: 530px) 100vw, 530px\" \/><\/a><figcaption id=\"caption-attachment-75045\" class=\"wp-caption-text\">La sala de la galer\u00eda cultural, estaba casi copada de alumnos del Colegio Panquehue. La invitaci\u00f3n era para participar de una charla sobre cuidados y sexualidad.<\/figcaption><\/figure>\n<figure id=\"attachment_75046\" aria-describedby=\"caption-attachment-75046\" style=\"width: 530px\" class=\"wp-caption alignleft\"><a href=\"http:\/\/www.eltrabajo.cl\/portal\/alumnos-conmovidos-con-narracion-biografica-de-joven-portadora-de-vih\/del-real\/\" rel=\"attachment wp-att-75046\"><img data-recalc-dims=\"1\" loading=\"lazy\" decoding=\"async\" class=\"size-full wp-image-75046\" src=\"https:\/\/i0.wp.com\/www.eltrabajo.cl\/portal\/wp-content\/uploads\/2016\/11\/DEL-REAL.jpg?resize=530%2C349\" alt=\"Carolina del Real, a trav\u00e9s de una presentaci\u00f3n autoreferente, cont\u00f3 a los j\u00f3venes como se contagio de Sida. Su obra llamada \u2018Que a ti no te Pase\u2019, dej\u00f3 de manifiesto que esta enfermedad no mira clases sociales, por lo tanto llama a cuidarse. \" width=\"530\" height=\"349\" srcset=\"https:\/\/i0.wp.com\/eltrabajo.cl\/portal\/wp-content\/uploads\/2016\/11\/DEL-REAL.jpg?w=530&amp;ssl=1 530w, https:\/\/i0.wp.com\/eltrabajo.cl\/portal\/wp-content\/uploads\/2016\/11\/DEL-REAL.jpg?resize=200%2C132&amp;ssl=1 200w, https:\/\/i0.wp.com\/eltrabajo.cl\/portal\/wp-content\/uploads\/2016\/11\/DEL-REAL.jpg?resize=300%2C198&amp;ssl=1 300w, https:\/\/i0.wp.com\/eltrabajo.cl\/portal\/wp-content\/uploads\/2016\/11\/DEL-REAL.jpg?resize=228%2C150&amp;ssl=1 228w, https:\/\/i0.wp.com\/eltrabajo.cl\/portal\/wp-content\/uploads\/2016\/11\/DEL-REAL.jpg?resize=400%2C263&amp;ssl=1 400w\" sizes=\"auto, (max-width: 530px) 100vw, 530px\" \/><\/a><figcaption id=\"caption-attachment-75046\" class=\"wp-caption-text\">Carolina del Real, a trav\u00e9s de una presentaci\u00f3n autoreferente, cont\u00f3 a los j\u00f3venes como se contagio de Sida. Su obra llamada \u2018Que a ti no te Pase\u2019, dej\u00f3 de manifiesto que esta enfermedad no mira clases sociales, por lo tanto llama a cuidarse.<\/figcaption><\/figure>\n","protected":false},"excerpt":{"rendered":"<p>Carolina del Real, a trav\u00e9s de una presentaci\u00f3n autorreferente, cont\u00f3 a los j\u00f3venes alumnos del Colegio Panquehue, como se contagi\u00f3 de Sida. Su obra llamada \u2018Que a ti no te Pase\u2019, dej\u00f3&#8230;<\/p>\n","protected":false},"author":1,"featured_media":75046,"comment_status":"open","ping_status":"open","sticky":false,"template":"","format":"standard","meta":{"advanced_seo_description":"","jetpack_seo_html_title":"","jetpack_seo_noindex":false,"_jetpack_memberships_contains_paid_content":false,"footnotes":""},"categories":[1],"tags":[],"class_list":["post-75044","post","type-post","status-publish","format-standard","has-post-thumbnail","hentry","category-cronica"],"jetpack_featured_media_url":"https:\/\/i0.wp.com\/eltrabajo.cl\/portal\/wp-content\/uploads\/2016\/11\/DEL-REAL.jpg?fit=530%2C349&ssl=1","jetpack_sharing_enabled":true,"jetpack_likes_enabled":true,"jetpack-related-posts":[],"_links":{"self":[{"href":"https:\/\/eltrabajo.cl\/portal\/wp-json\/wp\/v2\/posts\/75044","targetHints":{"allow":["GET"]}}],"collection":[{"href":"https:\/\/eltrabajo.cl\/portal\/wp-json\/wp\/v2\/posts"}],"about":[{"href":"https:\/\/eltrabajo.cl\/portal\/wp-json\/wp\/v2\/types\/post"}],"author":[{"embeddable":true,"href":"https:\/\/eltrabajo.cl\/portal\/wp-json\/wp\/v2\/users\/1"}],"replies":[{"embeddable":true,"href":"https:\/\/eltrabajo.cl\/portal\/wp-json\/wp\/v2\/comments?post=75044"}],"version-history":[{"count":0,"href":"https:\/\/eltrabajo.cl\/portal\/wp-json\/wp\/v2\/posts\/75044\/revisions"}],"wp:featuredmedia":[{"embeddable":true,"href":"https:\/\/eltrabajo.cl\/portal\/wp-json\/wp\/v2\/media\/75046"}],"wp:attachment":[{"href":"https:\/\/eltrabajo.cl\/portal\/wp-json\/wp\/v2\/media?parent=75044"}],"wp:term":[{"taxonomy":"category","embeddable":true,"href":"https:\/\/eltrabajo.cl\/portal\/wp-json\/wp\/v2\/categories?post=75044"},{"taxonomy":"post_tag","embeddable":true,"href":"https:\/\/eltrabajo.cl\/portal\/wp-json\/wp\/v2\/tags?post=75044"}],"curies":[{"name":"wp","href":"https:\/\/api.w.org\/{rel}","templated":true}]}}