{"id":75053,"date":"2016-11-07T08:41:17","date_gmt":"2016-11-07T11:41:17","guid":{"rendered":"http:\/\/www.eltrabajo.cl\/portal\/?p=75053"},"modified":"2016-11-07T08:41:17","modified_gmt":"2016-11-07T11:41:17","slug":"entregan-importante-donativo-a-escuela-de-educacion-especial-de-santa-maria","status":"publish","type":"post","link":"https:\/\/eltrabajo.cl\/portal\/entregan-importante-donativo-a-escuela-de-educacion-especial-de-santa-maria\/","title":{"rendered":"Entregan importante donativo a Escuela de Educaci\u00f3n Especial de Santa Mar\u00eda"},"content":{"rendered":"<p><strong>SANTA MAR\u00cdA.-<\/strong> Varios cientos de miles de pesos, fueron los que recibieron la Escuela de Educaci\u00f3n Especial y el Jard\u00edn Infantil Castillo de Alegr\u00eda, ambos ubicados en San Fernando, por parte de la empresa aconcag\u00fcina Mi Fruta. Se trata del cumplimiento de uno de los par\u00e1metros que exige \u2018Comercio Justo\u2019 a las empresas que cuentan con esta acreditaci\u00f3n internacional.<br \/>\nEntendemos, que hacer y practicar el \u2018Comercio Justo\u2019 no implica necesariamente estar acreditado por alguna membres\u00eda o certificaci\u00f3n, sin embargo, para acceder a algunos mercados es necesario contar con algunas acreditaciones las que tambi\u00e9n avalan buenas pr\u00e1cticas de comercio responsable.<\/p>\n<p><strong>AYUDA DIRECTA<\/strong><br \/>\n\u00abEn esta oportunidad hicimos cuatro donaciones a instituciones del Valle Aconcagua, incluimos a esta escuela especial, en donde entregamos casi $300.000 en material did\u00e1ctico, los chicos estaban muy motivados y creo que eso es lo que nos anima a seguir apoyando, tambi\u00e9n hicimos entrega de recursos y material al Jard\u00edn Castillo de Alegr\u00eda, para que puedan construir una peque\u00f1a bodega, de igual manera incluimos este a\u00f1o a una junta vecinal y otro jard\u00edn infantil, en este caso de San Esteban\u00bb, dijo a Diario El Trabajo el gerente de Mi Fruta, Cristian Lepe.<\/p>\n<p><strong>LLEG\u00d3 DE TODO<\/strong><br \/>\nNuestro medio habl\u00f3 con Helmut Kauffmann, director de la Escuela de Educaci\u00f3n Especial de Santa Mar\u00eda, \u00abeste material did\u00e1ctico, ya est\u00e1 siendo bien aprovechado por nuestra comunidad de estudiantes, llegaron alfabetos gigantes, para que ellos puedan aprender jugando, pues las letras son enormes, tambi\u00e9n ven\u00edan juguetes, libros y pinturas, un paquete de trabajo escolar muy adecuado a las caracter\u00edsticas de nuestra escuela, por lo que agradecemos sinceramente esta importante donaci\u00f3n a la empresa y directorio de Mi Fruta, pues son ellos quienes deciden a qu\u00e9 instituci\u00f3n donar\u00e1n sus recursos\u00bb, dijo Kauffmann a Diario El Trabajo.<\/p>\n<figure id=\"attachment_75054\" aria-describedby=\"caption-attachment-75054\" style=\"width: 530px\" class=\"wp-caption alignleft\"><a href=\"http:\/\/www.eltrabajo.cl\/portal\/entregan-importante-donativo-a-escuela-de-educacion-especial-de-santa-maria\/regalos1-6\/\" rel=\"attachment wp-att-75054\"><img data-recalc-dims=\"1\" loading=\"lazy\" decoding=\"async\" class=\"size-full wp-image-75054\" src=\"https:\/\/i0.wp.com\/www.eltrabajo.cl\/portal\/wp-content\/uploads\/2016\/11\/Regalos1.jpg?resize=530%2C350\" alt=\"ELLOS CONTENTOS.- Aqu\u00ed tenemos a parte del estudiantado de esta escuela especial, ellos est\u00e1n ya disfrutando de este material did\u00e1ctico.\" width=\"530\" height=\"350\" srcset=\"https:\/\/i0.wp.com\/eltrabajo.cl\/portal\/wp-content\/uploads\/2016\/11\/Regalos1.jpg?w=530&amp;ssl=1 530w, https:\/\/i0.wp.com\/eltrabajo.cl\/portal\/wp-content\/uploads\/2016\/11\/Regalos1.jpg?resize=200%2C132&amp;ssl=1 200w, https:\/\/i0.wp.com\/eltrabajo.cl\/portal\/wp-content\/uploads\/2016\/11\/Regalos1.jpg?resize=300%2C198&amp;ssl=1 300w, https:\/\/i0.wp.com\/eltrabajo.cl\/portal\/wp-content\/uploads\/2016\/11\/Regalos1.jpg?resize=227%2C150&amp;ssl=1 227w, https:\/\/i0.wp.com\/eltrabajo.cl\/portal\/wp-content\/uploads\/2016\/11\/Regalos1.jpg?resize=400%2C264&amp;ssl=1 400w\" sizes=\"auto, (max-width: 530px) 100vw, 530px\" \/><\/a><figcaption id=\"caption-attachment-75054\" class=\"wp-caption-text\">ELLOS CONTENTOS.- Aqu\u00ed tenemos a parte del estudiantado de esta escuela especial, ellos est\u00e1n ya disfrutando de este material did\u00e1ctico.<\/figcaption><\/figure>\n<figure id=\"attachment_75055\" aria-describedby=\"caption-attachment-75055\" style=\"width: 530px\" class=\"wp-caption alignleft\"><a href=\"http:\/\/www.eltrabajo.cl\/portal\/entregan-importante-donativo-a-escuela-de-educacion-especial-de-santa-maria\/regalos2-3\/\" rel=\"attachment wp-att-75055\"><img data-recalc-dims=\"1\" loading=\"lazy\" decoding=\"async\" class=\"size-full wp-image-75055\" src=\"https:\/\/i0.wp.com\/www.eltrabajo.cl\/portal\/wp-content\/uploads\/2016\/11\/Regalos2.jpg?resize=530%2C349\" alt=\"MUY \u00daTIL.- Esta peque\u00f1ita muestra a Diario El Trabajo parte del material did\u00e1ctico recibido en esta donaci\u00f3n.\" width=\"530\" height=\"349\" srcset=\"https:\/\/i0.wp.com\/eltrabajo.cl\/portal\/wp-content\/uploads\/2016\/11\/Regalos2.jpg?w=530&amp;ssl=1 530w, https:\/\/i0.wp.com\/eltrabajo.cl\/portal\/wp-content\/uploads\/2016\/11\/Regalos2.jpg?resize=200%2C132&amp;ssl=1 200w, https:\/\/i0.wp.com\/eltrabajo.cl\/portal\/wp-content\/uploads\/2016\/11\/Regalos2.jpg?resize=300%2C198&amp;ssl=1 300w, https:\/\/i0.wp.com\/eltrabajo.cl\/portal\/wp-content\/uploads\/2016\/11\/Regalos2.jpg?resize=228%2C150&amp;ssl=1 228w, https:\/\/i0.wp.com\/eltrabajo.cl\/portal\/wp-content\/uploads\/2016\/11\/Regalos2.jpg?resize=400%2C263&amp;ssl=1 400w\" sizes=\"auto, (max-width: 530px) 100vw, 530px\" \/><\/a><figcaption id=\"caption-attachment-75055\" class=\"wp-caption-text\">MUY \u00daTIL.- Esta peque\u00f1ita muestra a Diario El Trabajo parte del material did\u00e1ctico recibido en esta donaci\u00f3n.<\/figcaption><\/figure>\n<figure id=\"attachment_75056\" aria-describedby=\"caption-attachment-75056\" style=\"width: 530px\" class=\"wp-caption alignleft\"><a href=\"http:\/\/www.eltrabajo.cl\/portal\/entregan-importante-donativo-a-escuela-de-educacion-especial-de-santa-maria\/regalos3-2\/\" rel=\"attachment wp-att-75056\"><img data-recalc-dims=\"1\" loading=\"lazy\" decoding=\"async\" class=\"size-full wp-image-75056\" src=\"https:\/\/i0.wp.com\/www.eltrabajo.cl\/portal\/wp-content\/uploads\/2016\/11\/Regalos3.jpg?resize=530%2C350\" alt=\"EN HORA BUENA.- Aqu\u00ed vemos al director Daem Rosalindo Gonz\u00e1lez, Helmut Kauffmann y una apoderada, recibiendo el donativo por parte de don Cristian Lepe, de la empresa Mi Fruta.\" width=\"530\" height=\"350\" srcset=\"https:\/\/i0.wp.com\/eltrabajo.cl\/portal\/wp-content\/uploads\/2016\/11\/Regalos3.jpg?w=530&amp;ssl=1 530w, https:\/\/i0.wp.com\/eltrabajo.cl\/portal\/wp-content\/uploads\/2016\/11\/Regalos3.jpg?resize=200%2C132&amp;ssl=1 200w, https:\/\/i0.wp.com\/eltrabajo.cl\/portal\/wp-content\/uploads\/2016\/11\/Regalos3.jpg?resize=300%2C198&amp;ssl=1 300w, https:\/\/i0.wp.com\/eltrabajo.cl\/portal\/wp-content\/uploads\/2016\/11\/Regalos3.jpg?resize=227%2C150&amp;ssl=1 227w, https:\/\/i0.wp.com\/eltrabajo.cl\/portal\/wp-content\/uploads\/2016\/11\/Regalos3.jpg?resize=400%2C264&amp;ssl=1 400w\" sizes=\"auto, (max-width: 530px) 100vw, 530px\" \/><\/a><figcaption id=\"caption-attachment-75056\" class=\"wp-caption-text\">EN HORA BUENA.- Aqu\u00ed vemos al director Daem Rosalindo Gonz\u00e1lez, Helmut Kauffmann y una apoderada, recibiendo el donativo por parte de don Cristian Lepe, de la empresa Mi Fruta.<\/figcaption><\/figure>\n","protected":false},"excerpt":{"rendered":"<p>SANTA MAR\u00cdA.- Varios cientos de miles de pesos, fueron los que recibieron la Escuela de Educaci\u00f3n Especial y el Jard\u00edn Infantil Castillo de Alegr\u00eda, ambos ubicados en San Fernando, por parte de&#8230;<\/p>\n","protected":false},"author":1,"featured_media":75054,"comment_status":"open","ping_status":"open","sticky":false,"template":"","format":"standard","meta":{"advanced_seo_description":"","jetpack_seo_html_title":"","jetpack_seo_noindex":false,"_jetpack_memberships_contains_paid_content":false,"footnotes":""},"categories":[15],"tags":[],"class_list":["post-75053","post","type-post","status-publish","format-standard","has-post-thumbnail","hentry","category-comunidad"],"jetpack_featured_media_url":"https:\/\/i0.wp.com\/eltrabajo.cl\/portal\/wp-content\/uploads\/2016\/11\/Regalos1.jpg?fit=530%2C350&ssl=1","jetpack_sharing_enabled":true,"jetpack_likes_enabled":true,"jetpack-related-posts":[],"_links":{"self":[{"href":"https:\/\/eltrabajo.cl\/portal\/wp-json\/wp\/v2\/posts\/75053","targetHints":{"allow":["GET"]}}],"collection":[{"href":"https:\/\/eltrabajo.cl\/portal\/wp-json\/wp\/v2\/posts"}],"about":[{"href":"https:\/\/eltrabajo.cl\/portal\/wp-json\/wp\/v2\/types\/post"}],"author":[{"embeddable":true,"href":"https:\/\/eltrabajo.cl\/portal\/wp-json\/wp\/v2\/users\/1"}],"replies":[{"embeddable":true,"href":"https:\/\/eltrabajo.cl\/portal\/wp-json\/wp\/v2\/comments?post=75053"}],"version-history":[{"count":0,"href":"https:\/\/eltrabajo.cl\/portal\/wp-json\/wp\/v2\/posts\/75053\/revisions"}],"wp:featuredmedia":[{"embeddable":true,"href":"https:\/\/eltrabajo.cl\/portal\/wp-json\/wp\/v2\/media\/75054"}],"wp:attachment":[{"href":"https:\/\/eltrabajo.cl\/portal\/wp-json\/wp\/v2\/media?parent=75053"}],"wp:term":[{"taxonomy":"category","embeddable":true,"href":"https:\/\/eltrabajo.cl\/portal\/wp-json\/wp\/v2\/categories?post=75053"},{"taxonomy":"post_tag","embeddable":true,"href":"https:\/\/eltrabajo.cl\/portal\/wp-json\/wp\/v2\/tags?post=75053"}],"curies":[{"name":"wp","href":"https:\/\/api.w.org\/{rel}","templated":true}]}}