{"id":75059,"date":"2016-11-07T08:47:35","date_gmt":"2016-11-07T11:47:35","guid":{"rendered":"http:\/\/www.eltrabajo.cl\/portal\/?p=75059"},"modified":"2016-11-07T08:47:35","modified_gmt":"2016-11-07T11:47:35","slug":"banda-de-la-escuela-carmela-carvajal-brillo-con-luz-propia-en-chiloe","status":"publish","type":"post","link":"https:\/\/eltrabajo.cl\/portal\/banda-de-la-escuela-carmela-carvajal-brillo-con-luz-propia-en-chiloe\/","title":{"rendered":"Banda de la Escuela Carmela Carvajal brill\u00f3 con luz propia en Chilo\u00e9"},"content":{"rendered":"<p>Una important\u00edsima gira estudiantil, es la que se desarroll\u00f3 esta semana que termin\u00f3 a Isla Grande de Chilo\u00e9, en esta traves\u00eda, viajaron unas 90 personas de la comunidad educativa de la Escuela Carmela Carvajal de Curim\u00f3n. Se trata del Encuentro Nacional de Bandas en esa isla, una participaci\u00f3n oficial que la banda escolar de ese centro estudiantil realiz\u00f3 en varias ciudades de la m\u00edtica Chilo\u00e9.<br \/>\n\u00abLa gira estuvo incluida en el accionar municipal, el mismo alcalde Patricio Freire vino a la escuela a despedir a los chicos. La raz\u00f3n de nuestro viaje estaba justificado por el 50\u00ba aniversario de la Banda de Guerra de Curaco de V\u00e9lez, en esta oportunidad fuimos invitadas las bandas de Freirina del Norte; banda del Colegio Salesiano de Valpara\u00edso; la nuestra y la misma de Curaco de V\u00e9lez en calidad de anfitriona\u00bb, inform\u00f3 a Diario El Trabajo el director de la banda de la Carmela Carvajal, Sebasti\u00e1n V\u00e1squez.<\/p>\n<p><strong>OTRAS CIUDADES<\/strong><br \/>\nPero no crean nuestros lectores que estos chicos s\u00f3lo fueron a brillar con su banda en Curaco de V\u00e9lez, ellos tambi\u00e9n se presentaron, y visitaron otras bellas ciudades del sur.<br \/>\n\u00abTambi\u00e9n nuestra banda desfil\u00f3 con su alegr\u00eda por Castro; visitamos Achao, Ancud y Dalcahue, entre otras. Nos dimos el lujo de hacer un paseo por las aguas del archipi\u00e9lago, pudiendo as\u00ed ver las casitas de Castro pero desde el mar, fue una experiencia de cuatro d\u00edas, muy pero muy estimulante\u00bb, agreg\u00f3 V\u00e1squez.<br \/>\nRoberto Gonz\u00e1lez Short<\/p>\n<figure id=\"attachment_75060\" aria-describedby=\"caption-attachment-75060\" style=\"width: 530px\" class=\"wp-caption alignleft\"><a href=\"http:\/\/www.eltrabajo.cl\/portal\/banda-de-la-escuela-carmela-carvajal-brillo-con-luz-propia-en-chiloe\/tuto1-2\/\" rel=\"attachment wp-att-75060\"><img data-recalc-dims=\"1\" loading=\"lazy\" decoding=\"async\" class=\"size-full wp-image-75060\" src=\"https:\/\/i0.wp.com\/www.eltrabajo.cl\/portal\/wp-content\/uploads\/2016\/11\/Tuto1.jpg?resize=530%2C349\" alt=\"SIN ENERG\u00cdA.- Los chicos regresaron agotados y muy relajados, sabiendo que el nombre de su escuela ahora es muy conocido en tierras del sur.\" width=\"530\" height=\"349\" srcset=\"https:\/\/i0.wp.com\/eltrabajo.cl\/portal\/wp-content\/uploads\/2016\/11\/Tuto1.jpg?w=530&amp;ssl=1 530w, https:\/\/i0.wp.com\/eltrabajo.cl\/portal\/wp-content\/uploads\/2016\/11\/Tuto1.jpg?resize=200%2C132&amp;ssl=1 200w, https:\/\/i0.wp.com\/eltrabajo.cl\/portal\/wp-content\/uploads\/2016\/11\/Tuto1.jpg?resize=300%2C198&amp;ssl=1 300w, https:\/\/i0.wp.com\/eltrabajo.cl\/portal\/wp-content\/uploads\/2016\/11\/Tuto1.jpg?resize=228%2C150&amp;ssl=1 228w, https:\/\/i0.wp.com\/eltrabajo.cl\/portal\/wp-content\/uploads\/2016\/11\/Tuto1.jpg?resize=400%2C263&amp;ssl=1 400w\" sizes=\"auto, (max-width: 530px) 100vw, 530px\" \/><\/a><figcaption id=\"caption-attachment-75060\" class=\"wp-caption-text\">SIN ENERG\u00cdA.- Los chicos regresaron agotados y muy relajados, sabiendo que el nombre de su escuela ahora es muy conocido en tierras del sur.<\/figcaption><\/figure>\n<figure id=\"attachment_75061\" aria-describedby=\"caption-attachment-75061\" style=\"width: 530px\" class=\"wp-caption alignleft\"><a href=\"http:\/\/www.eltrabajo.cl\/portal\/banda-de-la-escuela-carmela-carvajal-brillo-con-luz-propia-en-chiloe\/banda28\/\" rel=\"attachment wp-att-75061\"><img data-recalc-dims=\"1\" loading=\"lazy\" decoding=\"async\" class=\"size-full wp-image-75061\" src=\"https:\/\/i0.wp.com\/www.eltrabajo.cl\/portal\/wp-content\/uploads\/2016\/11\/Banda28.jpg?resize=530%2C349\" alt=\"CONQUISTAN CHILO\u00c9.- Los chilotes disfrutaron en algunas de sus ciudades de esta presentaci\u00f3n estudiantil.\" width=\"530\" height=\"349\" srcset=\"https:\/\/i0.wp.com\/eltrabajo.cl\/portal\/wp-content\/uploads\/2016\/11\/Banda28.jpg?w=530&amp;ssl=1 530w, https:\/\/i0.wp.com\/eltrabajo.cl\/portal\/wp-content\/uploads\/2016\/11\/Banda28.jpg?resize=200%2C132&amp;ssl=1 200w, https:\/\/i0.wp.com\/eltrabajo.cl\/portal\/wp-content\/uploads\/2016\/11\/Banda28.jpg?resize=300%2C198&amp;ssl=1 300w, https:\/\/i0.wp.com\/eltrabajo.cl\/portal\/wp-content\/uploads\/2016\/11\/Banda28.jpg?resize=228%2C150&amp;ssl=1 228w, https:\/\/i0.wp.com\/eltrabajo.cl\/portal\/wp-content\/uploads\/2016\/11\/Banda28.jpg?resize=400%2C263&amp;ssl=1 400w\" sizes=\"auto, (max-width: 530px) 100vw, 530px\" \/><\/a><figcaption id=\"caption-attachment-75061\" class=\"wp-caption-text\">CONQUISTAN CHILO\u00c9.- Los chilotes disfrutaron en algunas de sus ciudades de esta presentaci\u00f3n estudiantil.<\/figcaption><\/figure>\n<figure id=\"attachment_75062\" aria-describedby=\"caption-attachment-75062\" style=\"width: 530px\" class=\"wp-caption alignleft\"><a href=\"http:\/\/www.eltrabajo.cl\/portal\/banda-de-la-escuela-carmela-carvajal-brillo-con-luz-propia-en-chiloe\/banda33-3\/\" rel=\"attachment wp-att-75062\"><img data-recalc-dims=\"1\" loading=\"lazy\" decoding=\"async\" class=\"size-full wp-image-75062\" src=\"https:\/\/i0.wp.com\/www.eltrabajo.cl\/portal\/wp-content\/uploads\/2016\/11\/Banda33.jpg?resize=530%2C350\" alt=\"GRANDE CHIQUILLOS.- En el puro coraz\u00f3n de Castro, nuestros chicos de la banda de la Escuela Carmela Carvajal brillaron con luz propia.\" width=\"530\" height=\"350\" srcset=\"https:\/\/i0.wp.com\/eltrabajo.cl\/portal\/wp-content\/uploads\/2016\/11\/Banda33.jpg?w=530&amp;ssl=1 530w, https:\/\/i0.wp.com\/eltrabajo.cl\/portal\/wp-content\/uploads\/2016\/11\/Banda33.jpg?resize=200%2C132&amp;ssl=1 200w, https:\/\/i0.wp.com\/eltrabajo.cl\/portal\/wp-content\/uploads\/2016\/11\/Banda33.jpg?resize=300%2C198&amp;ssl=1 300w, https:\/\/i0.wp.com\/eltrabajo.cl\/portal\/wp-content\/uploads\/2016\/11\/Banda33.jpg?resize=227%2C150&amp;ssl=1 227w, https:\/\/i0.wp.com\/eltrabajo.cl\/portal\/wp-content\/uploads\/2016\/11\/Banda33.jpg?resize=400%2C264&amp;ssl=1 400w\" sizes=\"auto, (max-width: 530px) 100vw, 530px\" \/><\/a><figcaption id=\"caption-attachment-75062\" class=\"wp-caption-text\">GRANDE CHIQUILLOS.- En el puro coraz\u00f3n de Castro, nuestros chicos de la banda de la Escuela Carmela Carvajal brillaron con luz propia.<\/figcaption><\/figure>\n<figure id=\"attachment_75063\" aria-describedby=\"caption-attachment-75063\" style=\"width: 530px\" class=\"wp-caption alignleft\"><a href=\"http:\/\/www.eltrabajo.cl\/portal\/banda-de-la-escuela-carmela-carvajal-brillo-con-luz-propia-en-chiloe\/bote1\/\" rel=\"attachment wp-att-75063\"><img data-recalc-dims=\"1\" loading=\"lazy\" decoding=\"async\" class=\"size-full wp-image-75063\" src=\"https:\/\/i0.wp.com\/www.eltrabajo.cl\/portal\/wp-content\/uploads\/2016\/11\/Bote1.jpg?resize=530%2C350\" alt=\"APODERADOS TAMBI\u00c9N.- Los apoderados que viajaron tambi\u00e9n disfrutaron con sus ni\u00f1os de algunos paseos en el mar.\" width=\"530\" height=\"350\" srcset=\"https:\/\/i0.wp.com\/eltrabajo.cl\/portal\/wp-content\/uploads\/2016\/11\/Bote1.jpg?w=530&amp;ssl=1 530w, https:\/\/i0.wp.com\/eltrabajo.cl\/portal\/wp-content\/uploads\/2016\/11\/Bote1.jpg?resize=200%2C132&amp;ssl=1 200w, https:\/\/i0.wp.com\/eltrabajo.cl\/portal\/wp-content\/uploads\/2016\/11\/Bote1.jpg?resize=300%2C198&amp;ssl=1 300w, https:\/\/i0.wp.com\/eltrabajo.cl\/portal\/wp-content\/uploads\/2016\/11\/Bote1.jpg?resize=227%2C150&amp;ssl=1 227w, https:\/\/i0.wp.com\/eltrabajo.cl\/portal\/wp-content\/uploads\/2016\/11\/Bote1.jpg?resize=400%2C264&amp;ssl=1 400w\" sizes=\"auto, (max-width: 530px) 100vw, 530px\" \/><\/a><figcaption id=\"caption-attachment-75063\" class=\"wp-caption-text\">APODERADOS TAMBI\u00c9N.- Los apoderados que viajaron tambi\u00e9n disfrutaron con sus ni\u00f1os de algunos paseos en el mar.<\/figcaption><\/figure>\n<figure id=\"attachment_75064\" aria-describedby=\"caption-attachment-75064\" style=\"width: 530px\" class=\"wp-caption alignleft\"><a href=\"http:\/\/www.eltrabajo.cl\/portal\/banda-de-la-escuela-carmela-carvajal-brillo-con-luz-propia-en-chiloe\/portada-alumnos-carmela-carvajal-en-puerto-varas\/\" rel=\"attachment wp-att-75064\"><img data-recalc-dims=\"1\" loading=\"lazy\" decoding=\"async\" class=\"size-full wp-image-75064\" src=\"https:\/\/i0.wp.com\/www.eltrabajo.cl\/portal\/wp-content\/uploads\/2016\/11\/portada-alumnos-carmela-carvajal-en-Puerto-Varas.jpg?resize=530%2C350\" alt=\"Los chicos hicieron algunas pautas en el camino, como en Puerto Varas, lugar en donde respiraron aire libre y se tomaron esta foto para Diario El Trabajo.\" width=\"530\" height=\"350\" srcset=\"https:\/\/i0.wp.com\/eltrabajo.cl\/portal\/wp-content\/uploads\/2016\/11\/portada-alumnos-carmela-carvajal-en-Puerto-Varas.jpg?w=530&amp;ssl=1 530w, https:\/\/i0.wp.com\/eltrabajo.cl\/portal\/wp-content\/uploads\/2016\/11\/portada-alumnos-carmela-carvajal-en-Puerto-Varas.jpg?resize=200%2C132&amp;ssl=1 200w, https:\/\/i0.wp.com\/eltrabajo.cl\/portal\/wp-content\/uploads\/2016\/11\/portada-alumnos-carmela-carvajal-en-Puerto-Varas.jpg?resize=300%2C198&amp;ssl=1 300w, https:\/\/i0.wp.com\/eltrabajo.cl\/portal\/wp-content\/uploads\/2016\/11\/portada-alumnos-carmela-carvajal-en-Puerto-Varas.jpg?resize=227%2C150&amp;ssl=1 227w, https:\/\/i0.wp.com\/eltrabajo.cl\/portal\/wp-content\/uploads\/2016\/11\/portada-alumnos-carmela-carvajal-en-Puerto-Varas.jpg?resize=400%2C264&amp;ssl=1 400w\" sizes=\"auto, (max-width: 530px) 100vw, 530px\" \/><\/a><figcaption id=\"caption-attachment-75064\" class=\"wp-caption-text\">Los chicos hicieron algunas pautas en el camino, como en Puerto Varas, lugar en donde respiraron aire libre y se tomaron esta foto para Diario El Trabajo.<\/figcaption><\/figure>\n<figure id=\"attachment_75065\" aria-describedby=\"caption-attachment-75065\" style=\"width: 530px\" class=\"wp-caption alignleft\"><a href=\"http:\/\/www.eltrabajo.cl\/portal\/banda-de-la-escuela-carmela-carvajal-brillo-con-luz-propia-en-chiloe\/profes33-2\/\" rel=\"attachment wp-att-75065\"><img data-recalc-dims=\"1\" loading=\"lazy\" decoding=\"async\" class=\"size-full wp-image-75065\" src=\"https:\/\/i0.wp.com\/www.eltrabajo.cl\/portal\/wp-content\/uploads\/2016\/11\/Profes33.jpg?resize=530%2C349\" alt=\"PROFES A CARGO.- Aqu\u00ed tenemos a los profesores a cargo de la gira: Patricia Fern\u00e1ndez, Gabriel Urtubia, Silvana Salinas, Edwin Zepeda y Sebasti\u00e1n V\u00e1squez.\" width=\"530\" height=\"349\" srcset=\"https:\/\/i0.wp.com\/eltrabajo.cl\/portal\/wp-content\/uploads\/2016\/11\/Profes33.jpg?w=530&amp;ssl=1 530w, https:\/\/i0.wp.com\/eltrabajo.cl\/portal\/wp-content\/uploads\/2016\/11\/Profes33.jpg?resize=200%2C132&amp;ssl=1 200w, https:\/\/i0.wp.com\/eltrabajo.cl\/portal\/wp-content\/uploads\/2016\/11\/Profes33.jpg?resize=300%2C198&amp;ssl=1 300w, https:\/\/i0.wp.com\/eltrabajo.cl\/portal\/wp-content\/uploads\/2016\/11\/Profes33.jpg?resize=228%2C150&amp;ssl=1 228w, https:\/\/i0.wp.com\/eltrabajo.cl\/portal\/wp-content\/uploads\/2016\/11\/Profes33.jpg?resize=400%2C263&amp;ssl=1 400w\" sizes=\"auto, (max-width: 530px) 100vw, 530px\" \/><\/a><figcaption id=\"caption-attachment-75065\" class=\"wp-caption-text\">PROFES A CARGO.- Aqu\u00ed tenemos a los profesores a cargo de la gira: Patricia Fern\u00e1ndez, Gabriel Urtubia, Silvana Salinas, Edwin Zepeda y Sebasti\u00e1n V\u00e1squez.<\/figcaption><\/figure>\n","protected":false},"excerpt":{"rendered":"<p>Una important\u00edsima gira estudiantil, es la que se desarroll\u00f3 esta semana que termin\u00f3 a Isla Grande de Chilo\u00e9, en esta traves\u00eda, viajaron unas 90 personas de la comunidad educativa de la Escuela&#8230;<\/p>\n","protected":false},"author":1,"featured_media":75064,"comment_status":"open","ping_status":"open","sticky":false,"template":"","format":"standard","meta":{"advanced_seo_description":"","jetpack_seo_html_title":"","jetpack_seo_noindex":false,"_jetpack_memberships_contains_paid_content":false,"footnotes":""},"categories":[15],"tags":[],"class_list":["post-75059","post","type-post","status-publish","format-standard","has-post-thumbnail","hentry","category-comunidad"],"jetpack_featured_media_url":"https:\/\/i0.wp.com\/eltrabajo.cl\/portal\/wp-content\/uploads\/2016\/11\/portada-alumnos-carmela-carvajal-en-Puerto-Varas.jpg?fit=530%2C350&ssl=1","jetpack_sharing_enabled":true,"jetpack_likes_enabled":true,"jetpack-related-posts":[],"_links":{"self":[{"href":"https:\/\/eltrabajo.cl\/portal\/wp-json\/wp\/v2\/posts\/75059","targetHints":{"allow":["GET"]}}],"collection":[{"href":"https:\/\/eltrabajo.cl\/portal\/wp-json\/wp\/v2\/posts"}],"about":[{"href":"https:\/\/eltrabajo.cl\/portal\/wp-json\/wp\/v2\/types\/post"}],"author":[{"embeddable":true,"href":"https:\/\/eltrabajo.cl\/portal\/wp-json\/wp\/v2\/users\/1"}],"replies":[{"embeddable":true,"href":"https:\/\/eltrabajo.cl\/portal\/wp-json\/wp\/v2\/comments?post=75059"}],"version-history":[{"count":0,"href":"https:\/\/eltrabajo.cl\/portal\/wp-json\/wp\/v2\/posts\/75059\/revisions"}],"wp:featuredmedia":[{"embeddable":true,"href":"https:\/\/eltrabajo.cl\/portal\/wp-json\/wp\/v2\/media\/75064"}],"wp:attachment":[{"href":"https:\/\/eltrabajo.cl\/portal\/wp-json\/wp\/v2\/media?parent=75059"}],"wp:term":[{"taxonomy":"category","embeddable":true,"href":"https:\/\/eltrabajo.cl\/portal\/wp-json\/wp\/v2\/categories?post=75059"},{"taxonomy":"post_tag","embeddable":true,"href":"https:\/\/eltrabajo.cl\/portal\/wp-json\/wp\/v2\/tags?post=75059"}],"curies":[{"name":"wp","href":"https:\/\/api.w.org\/{rel}","templated":true}]}}