{"id":75077,"date":"2016-11-07T08:59:01","date_gmt":"2016-11-07T11:59:01","guid":{"rendered":"http:\/\/www.eltrabajo.cl\/portal\/?p=75077"},"modified":"2016-11-07T08:59:01","modified_gmt":"2016-11-07T11:59:01","slug":"dirigente-vecinal-villa-argelia-victima-de-millonario-robo-por-jovenes-vecinos","status":"publish","type":"post","link":"https:\/\/eltrabajo.cl\/portal\/dirigente-vecinal-villa-argelia-victima-de-millonario-robo-por-jovenes-vecinos\/","title":{"rendered":"Dirigente vecinal Villa Argelia v\u00edctima de millonario robo por j\u00f3venes vecinos"},"content":{"rendered":"<ul>\n<li><strong><span style=\"color: #ff0000;\">Sorprendi\u00f3 a tres delincuentes saliendo de su casa:<\/span>\u00a0Rodrigo Llanos, presidente de la Junta de Vecinos Villa Argelia, rog\u00f3 frente a la casa del delincuente para que le devolviera por lo menos el computador que mantiene importante informaci\u00f3n, sin obtener resultados positivos ni la detenci\u00f3n de estos sujetos por parte de Carabineros.<\/strong><\/li>\n<\/ul>\n<p>M\u00e1s de dos millones en electrodom\u00e9sticos, tecnolog\u00eda, vestuario y dinero, rob\u00f3 un grupo de tres individuos, desde una vivienda ubicada en avenida Chile, perteneciente a la Villa Argelia de San Felipe, pasadas las dos de la madrugada de este viernes, resultando como v\u00edctima el conocido dirigente Rodrigo Llanos, presidente de la junta vecinos de este conjunto habitacional y presidente del Consejo Vecinal de Desarrollo del Programa Quiero Mi barrio, que abarca las tres poblaciones: La Escuadra I y II y Villa Argelia.<\/p>\n<figure id=\"attachment_75080\" aria-describedby=\"caption-attachment-75080\" style=\"width: 300px\" class=\"wp-caption alignleft\"><a href=\"http:\/\/www.eltrabajo.cl\/portal\/dirigente-vecinal-villa-argelia-victima-de-millonario-robo-por-jovenes-vecinos\/rodrigo-llanos-5\/\" rel=\"attachment wp-att-75080\"><img data-recalc-dims=\"1\" loading=\"lazy\" decoding=\"async\" class=\"size-medium wp-image-75080\" src=\"https:\/\/i0.wp.com\/www.eltrabajo.cl\/portal\/wp-content\/uploads\/2016\/11\/RODRIGO-LLANOS-300x198.jpg?resize=300%2C198\" alt=\"Presidente de la Junta Vecinos de Villa Argelia y presidente de Consejo Vecinal de Desarrollo, Rodrigo Llanos.\" width=\"300\" height=\"198\" srcset=\"https:\/\/i0.wp.com\/eltrabajo.cl\/portal\/wp-content\/uploads\/2016\/11\/RODRIGO-LLANOS.jpg?resize=300%2C198&amp;ssl=1 300w, https:\/\/i0.wp.com\/eltrabajo.cl\/portal\/wp-content\/uploads\/2016\/11\/RODRIGO-LLANOS.jpg?resize=200%2C132&amp;ssl=1 200w, https:\/\/i0.wp.com\/eltrabajo.cl\/portal\/wp-content\/uploads\/2016\/11\/RODRIGO-LLANOS.jpg?resize=227%2C150&amp;ssl=1 227w, https:\/\/i0.wp.com\/eltrabajo.cl\/portal\/wp-content\/uploads\/2016\/11\/RODRIGO-LLANOS.jpg?resize=400%2C264&amp;ssl=1 400w, https:\/\/i0.wp.com\/eltrabajo.cl\/portal\/wp-content\/uploads\/2016\/11\/RODRIGO-LLANOS.jpg?w=530&amp;ssl=1 530w\" sizes=\"auto, (max-width: 300px) 100vw, 300px\" \/><\/a><figcaption id=\"caption-attachment-75080\" class=\"wp-caption-text\">Presidente de la Junta Vecinos de Villa Argelia y presidente de Consejo Vecinal de Desarrollo, Rodrigo Llanos.<\/figcaption><\/figure>\n<p>La impotencia de este dirigente vecinal queda expresada a trav\u00e9s de esta entrevista concedida a Diario El Trabajo, donde detall\u00f3 que al regresar a su domicilio se percat\u00f3 del robo en su vivienda, observando a tres delincuentes, uno de ellos menor de edad, residentes de la misma villa y La Escuadra que colinda con este sector, sosteniendo el afectado que con anterioridad conoce a estos individuos, llegando incluso con Carabineros hasta una vivienda el d\u00eda de los hechos para lograr recuperar sus especies, sin resultados positivos.<br \/>\nLlanos se refiri\u00f3 a que aquella noche se encontraba a metros en una vivienda vecina celebrando el t\u00e9rmino de la primera parte del proyecto \u2018Quiero Mi Barrio\u2019 que contempla la futura pavimentaci\u00f3n de pasajes y mejoramientos de las sedes y multicanchas, que va en beneficio de todos los vecinos del sector, mismo que persiguen el combate contra la delincuencia, sin embargo ir\u00f3nicamente tras la celebraci\u00f3n del proyecto, el dirigente nunca imagin\u00f3 que se convertir\u00eda en v\u00edctima de estos antisociales.<br \/>\n<strong>&#8211; \u00bfC\u00f3mo se percata del robo?<\/strong><br \/>\n&#8211; Ven\u00eda llegando a mi casa junto a otro vecino y veo a tres sujetos saliendo de mi hogar, a los cuales les grito y se dan vuelta reconociendo de inmediato a dos de ellos, los conozco porque son vecinos del sector, uno de ellos menor de edad, ellos me ven y salen corriendo. Yo sal\u00ed en persecuci\u00f3n tras de ellos y llegu\u00e9 hasta la casa de uno, con rabia les grit\u00e9: \u00abpor qu\u00e9 me hac\u00edan esto, todo lo que he trabajado en beneficio de las poblaciones, siendo que su familia nos colaboran. Incluso le he dado dinero y he dialogado anteriormente con \u00e9l sabiendo de sus antecedentes delictuales.<br \/>\n<strong>&#8211; \u00bfLogr\u00f3 alguna respuesta?<\/strong><br \/>\n&#8211; No, despu\u00e9s fui donde otro sujeto que los conoce y de ah\u00ed vimos al menor de edad saliendo de la casa, al verme se devuelve corriendo. Yo insist\u00ed gritando que por favor me devolvieran por lo menos el computador. Despu\u00e9s lleg\u00f3 Carabineros y con una orden de la Fiscal\u00eda se logr\u00f3 allanar la propiedad, pero no estaban mis pertenencias en ese lugar ni estos sujetos que se fugaron.<br \/>\n<strong>&#8211; \u00bfCu\u00e1ntas especies le robaron?<\/strong><br \/>\n&#8211; Dejaron todo desordenado, destrozaron la chapa el\u00e9ctrica, rompieron la puerta, se llevaron un televisor, una mochila, vestuario, computador, relojes, perfumes, una m\u00e1quina de coser nueva, celulares, pendrives, zapatillas y varias monedas, mochilas, cosas de mis hijos y de los proyectos del Quiero Mi Barrio, yo aval\u00fao todo en m\u00e1s de dos millones de pesos. Como son del sector, fueron llevando las cosas de a poco. Yo conozco a estos tipos, ellos me conocen. La denuncia fue puesta en Carabineros. A trav\u00e9s de muestras fotogr\u00e1ficas los identifiqu\u00e9 para que \u00e9sta polic\u00eda continuara con las diligencias.<br \/>\n<strong>&#8211; \u00bfQu\u00e9 piensa hacer ahora?<\/strong><br \/>\n&#8211; Voy a llegar hasta las \u00faltimas consecuencias, lo que m\u00e1s siento es el computador, porque est\u00e1n todos los proyectos para la poblaci\u00f3n, la historia de los vecinos. Ahora llegar a mi casa se siente distinto, saber que estos delincuentes estuvieron aqu\u00ed.<br \/>\n<strong>&#8211; \u00bfCu\u00e1l es la sensaci\u00f3n que le queda?<\/strong><br \/>\n&#8211; S\u00f3lo falta mano m\u00e1s dura, no queda otra opci\u00f3n, da nostalgia, desmotiva un poco que este tipo de personas perjudiquen a las personas. Estamos sacando adelante a todos los vecinos de la Escuadra I y II adem\u00e1s de Villa Argelia, luchamos por tener un lugar donde vivir, para que los ni\u00f1os puedan jugar a la pelota. Duele, duele que los mismos muchachos del sector est\u00e9n perjudicando\u00bb.<br \/>\n<strong>Pablo Salinas Sald\u00edas<\/strong><\/p>\n<figure id=\"attachment_75078\" aria-describedby=\"caption-attachment-75078\" style=\"width: 530px\" class=\"wp-caption alignleft\"><a href=\"http:\/\/www.eltrabajo.cl\/portal\/dirigente-vecinal-villa-argelia-victima-de-millonario-robo-por-jovenes-vecinos\/desorden-1-2\/\" rel=\"attachment wp-att-75078\"><img data-recalc-dims=\"1\" loading=\"lazy\" decoding=\"async\" class=\"size-full wp-image-75078\" src=\"https:\/\/i0.wp.com\/www.eltrabajo.cl\/portal\/wp-content\/uploads\/2016\/11\/DESORDEN-1.jpg?resize=530%2C350\" alt=\"Los sujetos desordenaron todas las habitaciones para desvalijar la vivienda cerca de las dos de la madrugada del pasado viernes.\" width=\"530\" height=\"350\" srcset=\"https:\/\/i0.wp.com\/eltrabajo.cl\/portal\/wp-content\/uploads\/2016\/11\/DESORDEN-1.jpg?w=530&amp;ssl=1 530w, https:\/\/i0.wp.com\/eltrabajo.cl\/portal\/wp-content\/uploads\/2016\/11\/DESORDEN-1.jpg?resize=200%2C132&amp;ssl=1 200w, https:\/\/i0.wp.com\/eltrabajo.cl\/portal\/wp-content\/uploads\/2016\/11\/DESORDEN-1.jpg?resize=300%2C198&amp;ssl=1 300w, https:\/\/i0.wp.com\/eltrabajo.cl\/portal\/wp-content\/uploads\/2016\/11\/DESORDEN-1.jpg?resize=227%2C150&amp;ssl=1 227w, https:\/\/i0.wp.com\/eltrabajo.cl\/portal\/wp-content\/uploads\/2016\/11\/DESORDEN-1.jpg?resize=400%2C264&amp;ssl=1 400w\" sizes=\"auto, (max-width: 530px) 100vw, 530px\" \/><\/a><figcaption id=\"caption-attachment-75078\" class=\"wp-caption-text\">Los sujetos desordenaron todas las habitaciones para desvalijar la vivienda cerca de las dos de la madrugada del pasado viernes.<\/figcaption><\/figure>\n<figure id=\"attachment_75079\" aria-describedby=\"caption-attachment-75079\" style=\"width: 530px\" class=\"wp-caption alignleft\"><a href=\"http:\/\/www.eltrabajo.cl\/portal\/dirigente-vecinal-villa-argelia-victima-de-millonario-robo-por-jovenes-vecinos\/desorden-2\/\" rel=\"attachment wp-att-75079\"><img data-recalc-dims=\"1\" loading=\"lazy\" decoding=\"async\" class=\"size-full wp-image-75079\" src=\"https:\/\/i0.wp.com\/www.eltrabajo.cl\/portal\/wp-content\/uploads\/2016\/11\/DESORDEN-2.jpg?resize=530%2C350\" alt=\"Los sujetos desordenaron todas las habitaciones para desvalijar la vivienda cerca de las dos de la madrugada del pasado viernes.\" width=\"530\" height=\"350\" srcset=\"https:\/\/i0.wp.com\/eltrabajo.cl\/portal\/wp-content\/uploads\/2016\/11\/DESORDEN-2.jpg?w=530&amp;ssl=1 530w, https:\/\/i0.wp.com\/eltrabajo.cl\/portal\/wp-content\/uploads\/2016\/11\/DESORDEN-2.jpg?resize=200%2C132&amp;ssl=1 200w, https:\/\/i0.wp.com\/eltrabajo.cl\/portal\/wp-content\/uploads\/2016\/11\/DESORDEN-2.jpg?resize=300%2C198&amp;ssl=1 300w, https:\/\/i0.wp.com\/eltrabajo.cl\/portal\/wp-content\/uploads\/2016\/11\/DESORDEN-2.jpg?resize=227%2C150&amp;ssl=1 227w, https:\/\/i0.wp.com\/eltrabajo.cl\/portal\/wp-content\/uploads\/2016\/11\/DESORDEN-2.jpg?resize=400%2C264&amp;ssl=1 400w\" sizes=\"auto, (max-width: 530px) 100vw, 530px\" \/><\/a><figcaption id=\"caption-attachment-75079\" class=\"wp-caption-text\">Los sujetos desordenaron todas las habitaciones para desvalijar la vivienda cerca de las dos de la madrugada del pasado viernes.<\/figcaption><\/figure>\n","protected":false},"excerpt":{"rendered":"<p>Sorprendi\u00f3 a tres delincuentes saliendo de su casa:\u00a0Rodrigo Llanos, presidente de la Junta de Vecinos Villa Argelia, rog\u00f3 frente a la casa del delincuente para que le devolviera por lo menos el&#8230;<\/p>\n","protected":false},"author":1,"featured_media":75079,"comment_status":"open","ping_status":"open","sticky":false,"template":"","format":"standard","meta":{"advanced_seo_description":"","jetpack_seo_html_title":"","jetpack_seo_noindex":false,"_jetpack_memberships_contains_paid_content":false,"footnotes":""},"categories":[1],"tags":[],"class_list":["post-75077","post","type-post","status-publish","format-standard","has-post-thumbnail","hentry","category-cronica"],"jetpack_featured_media_url":"https:\/\/i0.wp.com\/eltrabajo.cl\/portal\/wp-content\/uploads\/2016\/11\/DESORDEN-2.jpg?fit=530%2C350&ssl=1","jetpack_sharing_enabled":true,"jetpack_likes_enabled":true,"jetpack-related-posts":[],"_links":{"self":[{"href":"https:\/\/eltrabajo.cl\/portal\/wp-json\/wp\/v2\/posts\/75077","targetHints":{"allow":["GET"]}}],"collection":[{"href":"https:\/\/eltrabajo.cl\/portal\/wp-json\/wp\/v2\/posts"}],"about":[{"href":"https:\/\/eltrabajo.cl\/portal\/wp-json\/wp\/v2\/types\/post"}],"author":[{"embeddable":true,"href":"https:\/\/eltrabajo.cl\/portal\/wp-json\/wp\/v2\/users\/1"}],"replies":[{"embeddable":true,"href":"https:\/\/eltrabajo.cl\/portal\/wp-json\/wp\/v2\/comments?post=75077"}],"version-history":[{"count":0,"href":"https:\/\/eltrabajo.cl\/portal\/wp-json\/wp\/v2\/posts\/75077\/revisions"}],"wp:featuredmedia":[{"embeddable":true,"href":"https:\/\/eltrabajo.cl\/portal\/wp-json\/wp\/v2\/media\/75079"}],"wp:attachment":[{"href":"https:\/\/eltrabajo.cl\/portal\/wp-json\/wp\/v2\/media?parent=75077"}],"wp:term":[{"taxonomy":"category","embeddable":true,"href":"https:\/\/eltrabajo.cl\/portal\/wp-json\/wp\/v2\/categories?post=75077"},{"taxonomy":"post_tag","embeddable":true,"href":"https:\/\/eltrabajo.cl\/portal\/wp-json\/wp\/v2\/tags?post=75077"}],"curies":[{"name":"wp","href":"https:\/\/api.w.org\/{rel}","templated":true}]}}