{"id":75097,"date":"2016-11-08T09:17:41","date_gmt":"2016-11-08T12:17:41","guid":{"rendered":"http:\/\/www.eltrabajo.cl\/portal\/?p=75097"},"modified":"2016-11-08T09:17:41","modified_gmt":"2016-11-08T12:17:41","slug":"vecinos-de-bucalemu-denuncian-robo-reiterado-de-focos-led-del-alumbrado-publico","status":"publish","type":"post","link":"https:\/\/eltrabajo.cl\/portal\/vecinos-de-bucalemu-denuncian-robo-reiterado-de-focos-led-del-alumbrado-publico\/","title":{"rendered":"Vecinos de Bucalemu denuncian robo reiterado de focos led del alumbrado p\u00fablico"},"content":{"rendered":"<p>Los vecinos del sector Bucalemu, est\u00e1n muy preocupados porque est\u00e1n siendo v\u00edctimas de un robo sistem\u00e1tico, reiterado de focos led que iluminan de mejor manera el sector.<br \/>\nAs\u00ed lo dio a conocer el dirigente del sector Ricardo Carlos Figueroa, quien dijo que todo el esfuerzo realizado por el municipio, el gobierno regional ha quedado en nada por los robos reiterados de estos aparatos \u00abesto lo agradecemos porque el tener focos led mejora la mucho la calidad de los vecinos, de los peatones y automovilistas, sin embargo se est\u00e1 viendo complicado con el robo sistem\u00e1ticos de los focos led, lo que provoca un perjuicio muy grande a los usuarios de esta calles rurales\u00bb sostuvo el dirigente.<br \/>\nEstos robos seg\u00fan la denuncia del dirigente los robos se producen, principalmente los fines de semana, agregando que el \u00faltimo fin de semana largo fue \u2018el acabose\u2019, ya que se han robado ocho unidades.<br \/>\nEl dirigente se\u00f1ala que estos focos deben tener un costo alto al venderlos, porque no se explica c\u00f3mo una persona instala una escalera larga para robarlos dejando s\u00f3lo la parte que los afirma.<br \/>\nAgrega que se ha comunicado con Citelum, pero ellos no tienen orden de retirar esos focos lo que echa por tierra que hay alguna orden de sacarlos.<br \/>\n\u00abLo m\u00e1s complicado es que Citelum los reponen pero por unos antiguos que no alumbran nada, yo no s\u00e9 si no hay presupuestos para reponer con los mismos led que se sacan, este tema nos tiene bastante complicados\u00bb dice Figueroa.<br \/>\nDebido al robo de los focos led hay sectores que est\u00e1n muy oscuros lo que provoca inseguridad en las personas.<br \/>\nLos vecinos sospechan, que deben ser personas de afuera los que est\u00e1n robando y alguien debe estar comprando los focos robados, que adem\u00e1s usan tecnolog\u00eda muy moderna que se nota en su capacidad ahorrativa.<br \/>\nCon todos estos robos dijo el dirigente se est\u00e1n viendo afectadas unas 140 casas del sector.<\/p>\n<figure id=\"attachment_75098\" aria-describedby=\"caption-attachment-75098\" style=\"width: 530px\" class=\"wp-caption alignleft\"><a href=\"http:\/\/www.eltrabajo.cl\/portal\/vecinos-de-bucalemu-denuncian-robo-reiterado-de-focos-led-del-alumbrado-publico\/foto-2-9\/\" rel=\"attachment wp-att-75098\"><img data-recalc-dims=\"1\" loading=\"lazy\" decoding=\"async\" class=\"size-full wp-image-75098\" src=\"https:\/\/i0.wp.com\/www.eltrabajo.cl\/portal\/wp-content\/uploads\/2016\/11\/Foto-2.jpg?resize=530%2C349\" alt=\"Debido al robo de los focos led hay sectores que est\u00e1n muy oscuros lo que provoca inseguridad en las personas.\" width=\"530\" height=\"349\" srcset=\"https:\/\/i0.wp.com\/eltrabajo.cl\/portal\/wp-content\/uploads\/2016\/11\/Foto-2.jpg?w=530&amp;ssl=1 530w, https:\/\/i0.wp.com\/eltrabajo.cl\/portal\/wp-content\/uploads\/2016\/11\/Foto-2.jpg?resize=200%2C132&amp;ssl=1 200w, https:\/\/i0.wp.com\/eltrabajo.cl\/portal\/wp-content\/uploads\/2016\/11\/Foto-2.jpg?resize=300%2C198&amp;ssl=1 300w, https:\/\/i0.wp.com\/eltrabajo.cl\/portal\/wp-content\/uploads\/2016\/11\/Foto-2.jpg?resize=228%2C150&amp;ssl=1 228w, https:\/\/i0.wp.com\/eltrabajo.cl\/portal\/wp-content\/uploads\/2016\/11\/Foto-2.jpg?resize=400%2C263&amp;ssl=1 400w\" sizes=\"auto, (max-width: 530px) 100vw, 530px\" \/><\/a><figcaption id=\"caption-attachment-75098\" class=\"wp-caption-text\">Debido al robo de los focos led hay sectores que est\u00e1n muy oscuros lo que provoca inseguridad en las personas.<\/figcaption><\/figure>\n","protected":false},"excerpt":{"rendered":"<p>Los vecinos del sector Bucalemu, est\u00e1n muy preocupados porque est\u00e1n siendo v\u00edctimas de un robo sistem\u00e1tico, reiterado de focos led que iluminan de mejor manera el sector. As\u00ed lo dio a conocer&#8230;<\/p>\n","protected":false},"author":1,"featured_media":75098,"comment_status":"open","ping_status":"open","sticky":false,"template":"","format":"standard","meta":{"advanced_seo_description":"","jetpack_seo_html_title":"","jetpack_seo_noindex":false,"_jetpack_memberships_contains_paid_content":false,"footnotes":""},"categories":[15],"tags":[],"class_list":["post-75097","post","type-post","status-publish","format-standard","has-post-thumbnail","hentry","category-comunidad"],"jetpack_featured_media_url":"https:\/\/i0.wp.com\/eltrabajo.cl\/portal\/wp-content\/uploads\/2016\/11\/Foto-2.jpg?fit=530%2C349&ssl=1","jetpack_sharing_enabled":true,"jetpack_likes_enabled":true,"jetpack-related-posts":[],"_links":{"self":[{"href":"https:\/\/eltrabajo.cl\/portal\/wp-json\/wp\/v2\/posts\/75097","targetHints":{"allow":["GET"]}}],"collection":[{"href":"https:\/\/eltrabajo.cl\/portal\/wp-json\/wp\/v2\/posts"}],"about":[{"href":"https:\/\/eltrabajo.cl\/portal\/wp-json\/wp\/v2\/types\/post"}],"author":[{"embeddable":true,"href":"https:\/\/eltrabajo.cl\/portal\/wp-json\/wp\/v2\/users\/1"}],"replies":[{"embeddable":true,"href":"https:\/\/eltrabajo.cl\/portal\/wp-json\/wp\/v2\/comments?post=75097"}],"version-history":[{"count":0,"href":"https:\/\/eltrabajo.cl\/portal\/wp-json\/wp\/v2\/posts\/75097\/revisions"}],"wp:featuredmedia":[{"embeddable":true,"href":"https:\/\/eltrabajo.cl\/portal\/wp-json\/wp\/v2\/media\/75098"}],"wp:attachment":[{"href":"https:\/\/eltrabajo.cl\/portal\/wp-json\/wp\/v2\/media?parent=75097"}],"wp:term":[{"taxonomy":"category","embeddable":true,"href":"https:\/\/eltrabajo.cl\/portal\/wp-json\/wp\/v2\/categories?post=75097"},{"taxonomy":"post_tag","embeddable":true,"href":"https:\/\/eltrabajo.cl\/portal\/wp-json\/wp\/v2\/tags?post=75097"}],"curies":[{"name":"wp","href":"https:\/\/api.w.org\/{rel}","templated":true}]}}