{"id":75101,"date":"2016-11-08T09:21:39","date_gmt":"2016-11-08T12:21:39","guid":{"rendered":"http:\/\/www.eltrabajo.cl\/portal\/?p=75101"},"modified":"2016-11-08T09:21:39","modified_gmt":"2016-11-08T12:21:39","slug":"piden-a-los-usuarios-reagendar-horas-ante-el-paro-de-funcionarios-publicos","status":"publish","type":"post","link":"https:\/\/eltrabajo.cl\/portal\/piden-a-los-usuarios-reagendar-horas-ante-el-paro-de-funcionarios-publicos\/","title":{"rendered":"Piden a los usuarios reagendar horas ante el paro de funcionarios p\u00fablicos"},"content":{"rendered":"<p>La Direcci\u00f3n del Cesfam de Cajales inform\u00f3 que est\u00e1n trabajando con el plan de contingencia que envi\u00f3 el Ministerio de Salud, que consiste en tener abierto el vacunatorio, la farmacia, la entrega de leche y la cl\u00ednica de tratamiento para curaciones puntuales. Junto con ello pide a sus usuarios en la medida de los posible concurrir hasta los Some de cada sector a reagendar sus horas m\u00e9dicas.<br \/>\n\u201cHay muchos funcionarios movilizados tenemos m\u00e1s del 50% de funcionarios adherido a movilizaci\u00f3n, pero al menos el plan de contingencia est\u00e1 funcionando como corresponde, tenemos m\u00e9dicos, una dentista y una matrona\u201d dijo la directora del Cesfam Odont\u00f3loga Andrea Rodr\u00edguez.<br \/>\nConsultada sobre las horas m\u00e9dicas asignadas, la directora se\u00f1alo que no vayan al Cesfam San Felipe El Real, \u201csolamente en horas de extensi\u00f3n, estamos supliendo en lo que no podemos hacer en el d\u00eda en morbilidad, que son las consultas que se generan en forma espontanea diariamente\u201d.<br \/>\nEn cuanto al reagendar las horas la profesional sostuvo que \u201ces mejor que la poblaci\u00f3n se acerque en la medida de lo posible a reagendar sus horas a los Some de cada sector, debemos tomar en cuenta que hacemos alrededor de unos 90 ex\u00e1menes y m\u00e1s de cien consultas, es por eso que reitero que ellos mismos se acerquen a los Some de su sector\u201d finalizo la directora.<br \/>\nPor su parte la m\u00e1xima dirigente de los trabajadores del Cesfam San Felipe El Real Isabel Le\u00f3n, dijo que ellos se iban a mantener movilizados este lunes y hoy martes a la espera de lo que se resuelva en el Congreso.<br \/>\nEn cuanto al Cesfam Doctor Segismundo Iturra Taito, tambi\u00e9n se sumaron al paro este lunes continuando hoy martes, atendiendo a ni\u00f1os menores de cinco a\u00f1os, mayores de 65 a\u00f1os, haciendo entrega de medicamentos, leche, alimentos, atendiendo a embarazadas, a personas que estaban citadas para realizarse electrocardiogramas, siguen con los ex\u00e1menes y controles a mayores de 65 a\u00f1os y menores de 5 a\u00f1os.<\/p>\n<figure id=\"attachment_75102\" aria-describedby=\"caption-attachment-75102\" style=\"width: 530px\" class=\"wp-caption alignleft\"><a href=\"http:\/\/www.eltrabajo.cl\/portal\/piden-a-los-usuarios-reagendar-horas-ante-el-paro-de-funcionarios-publicos\/farmacia\/\" rel=\"attachment wp-att-75102\"><img data-recalc-dims=\"1\" loading=\"lazy\" decoding=\"async\" class=\"size-full wp-image-75102\" src=\"https:\/\/i0.wp.com\/www.eltrabajo.cl\/portal\/wp-content\/uploads\/2016\/11\/Farmacia.jpg?resize=530%2C350\" alt=\"Las personas retirando desde la farmacia del Cesfam San Felipe El Real sus medicamentos.\" width=\"530\" height=\"350\" srcset=\"https:\/\/i0.wp.com\/eltrabajo.cl\/portal\/wp-content\/uploads\/2016\/11\/Farmacia.jpg?w=530&amp;ssl=1 530w, https:\/\/i0.wp.com\/eltrabajo.cl\/portal\/wp-content\/uploads\/2016\/11\/Farmacia.jpg?resize=200%2C132&amp;ssl=1 200w, https:\/\/i0.wp.com\/eltrabajo.cl\/portal\/wp-content\/uploads\/2016\/11\/Farmacia.jpg?resize=300%2C198&amp;ssl=1 300w, https:\/\/i0.wp.com\/eltrabajo.cl\/portal\/wp-content\/uploads\/2016\/11\/Farmacia.jpg?resize=227%2C150&amp;ssl=1 227w, https:\/\/i0.wp.com\/eltrabajo.cl\/portal\/wp-content\/uploads\/2016\/11\/Farmacia.jpg?resize=400%2C264&amp;ssl=1 400w\" sizes=\"auto, (max-width: 530px) 100vw, 530px\" \/><\/a><figcaption id=\"caption-attachment-75102\" class=\"wp-caption-text\">Las personas retirando desde la farmacia del Cesfam San Felipe El Real sus medicamentos.<\/figcaption><\/figure>\n<figure id=\"attachment_75103\" aria-describedby=\"caption-attachment-75103\" style=\"width: 530px\" class=\"wp-caption alignleft\"><a href=\"http:\/\/www.eltrabajo.cl\/portal\/piden-a-los-usuarios-reagendar-horas-ante-el-paro-de-funcionarios-publicos\/personal\/\" rel=\"attachment wp-att-75103\"><img data-recalc-dims=\"1\" loading=\"lazy\" decoding=\"async\" class=\"size-full wp-image-75103\" src=\"https:\/\/i0.wp.com\/www.eltrabajo.cl\/portal\/wp-content\/uploads\/2016\/11\/Personal.jpg?resize=530%2C349\" alt=\"El personal del Cesfam San Felipe El Real reunidos en una asamblea.\" width=\"530\" height=\"349\" srcset=\"https:\/\/i0.wp.com\/eltrabajo.cl\/portal\/wp-content\/uploads\/2016\/11\/Personal.jpg?w=530&amp;ssl=1 530w, https:\/\/i0.wp.com\/eltrabajo.cl\/portal\/wp-content\/uploads\/2016\/11\/Personal.jpg?resize=200%2C132&amp;ssl=1 200w, https:\/\/i0.wp.com\/eltrabajo.cl\/portal\/wp-content\/uploads\/2016\/11\/Personal.jpg?resize=300%2C198&amp;ssl=1 300w, https:\/\/i0.wp.com\/eltrabajo.cl\/portal\/wp-content\/uploads\/2016\/11\/Personal.jpg?resize=228%2C150&amp;ssl=1 228w, https:\/\/i0.wp.com\/eltrabajo.cl\/portal\/wp-content\/uploads\/2016\/11\/Personal.jpg?resize=400%2C263&amp;ssl=1 400w\" sizes=\"auto, (max-width: 530px) 100vw, 530px\" \/><\/a><figcaption id=\"caption-attachment-75103\" class=\"wp-caption-text\">El personal del Cesfam San Felipe El Real reunidos en una asamblea.<\/figcaption><\/figure>\n","protected":false},"excerpt":{"rendered":"<p>La Direcci\u00f3n del Cesfam de Cajales inform\u00f3 que est\u00e1n trabajando con el plan de contingencia que envi\u00f3 el Ministerio de Salud, que consiste en tener abierto el vacunatorio, la farmacia, la entrega&#8230;<\/p>\n","protected":false},"author":1,"featured_media":75103,"comment_status":"open","ping_status":"open","sticky":false,"template":"","format":"standard","meta":{"advanced_seo_description":"","jetpack_seo_html_title":"","jetpack_seo_noindex":false,"_jetpack_memberships_contains_paid_content":false,"footnotes":""},"categories":[1],"tags":[],"class_list":["post-75101","post","type-post","status-publish","format-standard","has-post-thumbnail","hentry","category-cronica"],"jetpack_featured_media_url":"https:\/\/i0.wp.com\/eltrabajo.cl\/portal\/wp-content\/uploads\/2016\/11\/Personal.jpg?fit=530%2C349&ssl=1","jetpack_sharing_enabled":true,"jetpack_likes_enabled":true,"jetpack-related-posts":[],"_links":{"self":[{"href":"https:\/\/eltrabajo.cl\/portal\/wp-json\/wp\/v2\/posts\/75101","targetHints":{"allow":["GET"]}}],"collection":[{"href":"https:\/\/eltrabajo.cl\/portal\/wp-json\/wp\/v2\/posts"}],"about":[{"href":"https:\/\/eltrabajo.cl\/portal\/wp-json\/wp\/v2\/types\/post"}],"author":[{"embeddable":true,"href":"https:\/\/eltrabajo.cl\/portal\/wp-json\/wp\/v2\/users\/1"}],"replies":[{"embeddable":true,"href":"https:\/\/eltrabajo.cl\/portal\/wp-json\/wp\/v2\/comments?post=75101"}],"version-history":[{"count":0,"href":"https:\/\/eltrabajo.cl\/portal\/wp-json\/wp\/v2\/posts\/75101\/revisions"}],"wp:featuredmedia":[{"embeddable":true,"href":"https:\/\/eltrabajo.cl\/portal\/wp-json\/wp\/v2\/media\/75103"}],"wp:attachment":[{"href":"https:\/\/eltrabajo.cl\/portal\/wp-json\/wp\/v2\/media?parent=75101"}],"wp:term":[{"taxonomy":"category","embeddable":true,"href":"https:\/\/eltrabajo.cl\/portal\/wp-json\/wp\/v2\/categories?post=75101"},{"taxonomy":"post_tag","embeddable":true,"href":"https:\/\/eltrabajo.cl\/portal\/wp-json\/wp\/v2\/tags?post=75101"}],"curies":[{"name":"wp","href":"https:\/\/api.w.org\/{rel}","templated":true}]}}