{"id":75110,"date":"2016-11-08T09:27:24","date_gmt":"2016-11-08T12:27:24","guid":{"rendered":"http:\/\/www.eltrabajo.cl\/portal\/?p=75110"},"modified":"2016-11-08T09:27:25","modified_gmt":"2016-11-08T12:27:25","slug":"caravana-de-autos-en-apoyo-a-nachito-por-calles-de-santa-maria-y-san-felipe","status":"publish","type":"post","link":"https:\/\/eltrabajo.cl\/portal\/caravana-de-autos-en-apoyo-a-nachito-por-calles-de-santa-maria-y-san-felipe\/","title":{"rendered":"Caravana de autos en apoyo a Nachito por calles de Santa Mar\u00eda y San Felipe"},"content":{"rendered":"<p><strong>SANTA MAR\u00cdA.-<\/strong> Sin duda que el caso del ni\u00f1o Nachito, arrebatado de su hogar en La Higuera, comuna de Santa Mar\u00eda de la provincia de San Felipe, gatillado de un procedimiento determinado por el Juzgado de Familia de San Felipe y respaldado por decisiones del Sename, ha llevado a gran parte de la opini\u00f3n p\u00fablica a adherirse de diversas maneras como forma de protesta, ante una actitud que fue declarada \u201cvulneraci\u00f3n de los derechos de Jos\u00e9 Ignacio\u201d por la Corte de Apelaciones de Valpara\u00edso. En esta oportunidad, los clubes de Tunning de Met, Corsa Aconcagua y Night Riders, acompa\u00f1ados por veh\u00edculos particulares y mucha gente, hicieron una caravana por las calles de Santa Mar\u00eda y San Felipe, para manifestar su apoyo a la familia en esta semana que es decisiva para el caso. La ruidos caravana, tambi\u00e9n hizo una pasada de protesta simb\u00f3lica por calle Prat y pasaron frente al Juzgado de Familia, a modo de demostrar su desacuerdo con el dictamen emitido que ha alejado a Jos\u00e9 Ignacio, Nachito, ya m\u00e1s de un mes de su hogar.<br \/>\nTeresa Herrera, madre de Nachito, quien estuvo presente en la caravana dijo que las horas y d\u00edas han sido angustiantes y siente que la han sometido a ella, a su familia y a Jos\u00e9 Ignacio a un estr\u00e9s incre\u00edble, pero que las manifestaciones de apoyo de la gente le han dado la fuerza para seguir sin caer en lo m\u00e1s profundo de la depresi\u00f3n: \u201cQuiero agradecer a toda la gente. Todo este tiempo he estado angustiada, nerviosa y no hayo la hora para que el mi\u00e9rcoles 9 tengamos una respuesta positiva para obtenerlo de vuelta. Estamos todos con expectativas de que vuelva\u201d.<br \/>\nPor su parte el concejal electo, Danilo Arancibia, quien ha acompa\u00f1ado los sucesos desde el d\u00eda del desafortunado retiro de Nachito, dijo que esto era un mensaje claro a las autoridades pertinentes que se va a seguir hasta las \u00faltimas consecuencias para enmendar este grave error judicial: \u201cCreo que es una injusticia s\u00faper grande. Estamos todos conmovidos en Santa Mar\u00eda y seguimos apoyando y vamos a llegar hasta las \u00faltimas consecuencias. Nosotros vimos el actuar ese d\u00eda, hubo mucha injusticia, mucha prepotencia en cuanto a las se\u00f1oritas que estaban ese d\u00eda actuando y la verdad es que yo creo que el sistema tiene que cambiar si o si, o sea est\u00e1 muy malo. Est\u00e1 mal enfocado, mal evaluado, evidentemente son malos los procedimiento y adem\u00e1s ahora el Sename est\u00e1 en boca de todos, por todo lo que est\u00e1 pasando. As\u00ed es que, creo yo, que es muy importante que el gobierno comunal, el gobierno regional, la Gobernaci\u00f3n tomen conciencia y yo hago un llamado a los diputados, a los senadores que tomen conciencia y se pongan la mano en el coraz\u00f3n por esta familia y toda una comunidad que estaos sufriendo. Todos los d\u00eda pensando en \u00bfd\u00f3nde est\u00e1, que estar\u00e1 haciendo Nachito, estar\u00e1 comiendo, tendr\u00e1 sus medicamentos? As\u00ed es que esto es una manifestaci\u00f3n diciendo que Santa Mar\u00eda est\u00e1 viva y seguiremos buscando enmendar esta injusticia\u201d<br \/>\n<strong>Roberto Mercado Aced<\/strong><\/p>\n<figure id=\"attachment_75111\" aria-describedby=\"caption-attachment-75111\" style=\"width: 530px\" class=\"wp-caption alignleft\"><a href=\"http:\/\/www.eltrabajo.cl\/portal\/caravana-de-autos-en-apoyo-a-nachito-por-calles-de-santa-maria-y-san-felipe\/nachito\/\" rel=\"attachment wp-att-75111\"><img data-recalc-dims=\"1\" loading=\"lazy\" decoding=\"async\" class=\"size-full wp-image-75111\" src=\"https:\/\/i0.wp.com\/www.eltrabajo.cl\/portal\/wp-content\/uploads\/2016\/11\/NACHITO.jpg?resize=530%2C349\" alt=\"TODOS CON NACHITO.- La situaci\u00f3n de Nachito, ha llevado a gran parte de la opini\u00f3n p\u00fablica se adhiera a  diversas maneras de protesta.\" width=\"530\" height=\"349\" srcset=\"https:\/\/i0.wp.com\/eltrabajo.cl\/portal\/wp-content\/uploads\/2016\/11\/NACHITO.jpg?w=530&amp;ssl=1 530w, https:\/\/i0.wp.com\/eltrabajo.cl\/portal\/wp-content\/uploads\/2016\/11\/NACHITO.jpg?resize=200%2C132&amp;ssl=1 200w, https:\/\/i0.wp.com\/eltrabajo.cl\/portal\/wp-content\/uploads\/2016\/11\/NACHITO.jpg?resize=300%2C198&amp;ssl=1 300w, https:\/\/i0.wp.com\/eltrabajo.cl\/portal\/wp-content\/uploads\/2016\/11\/NACHITO.jpg?resize=228%2C150&amp;ssl=1 228w, https:\/\/i0.wp.com\/eltrabajo.cl\/portal\/wp-content\/uploads\/2016\/11\/NACHITO.jpg?resize=400%2C263&amp;ssl=1 400w\" sizes=\"auto, (max-width: 530px) 100vw, 530px\" \/><\/a><figcaption id=\"caption-attachment-75111\" class=\"wp-caption-text\">TODOS CON NACHITO.- La situaci\u00f3n de Nachito, ha llevado a gran parte de la opini\u00f3n p\u00fablica se adhiera a diversas maneras de protesta.<\/figcaption><\/figure>\n<figure id=\"attachment_75112\" aria-describedby=\"caption-attachment-75112\" style=\"width: 530px\" class=\"wp-caption alignleft\"><a href=\"http:\/\/www.eltrabajo.cl\/portal\/caravana-de-autos-en-apoyo-a-nachito-por-calles-de-santa-maria-y-san-felipe\/tuning-nachito-imagen-fija001\/\" rel=\"attachment wp-att-75112\"><img data-recalc-dims=\"1\" loading=\"lazy\" decoding=\"async\" class=\"size-full wp-image-75112\" src=\"https:\/\/i0.wp.com\/www.eltrabajo.cl\/portal\/wp-content\/uploads\/2016\/11\/Tuning-Nachito.Imagen-fija001.jpg?resize=530%2C350\" alt=\"Clubes de Tunning, acompa\u00f1ados por veh\u00edculos particulares y mucha gente, hicieron una caravana por las calles de Santa Mar\u00eda y San Felipe, para manifestar su apoyo a la familia en esta semana que es decisiva para el caso.\" width=\"530\" height=\"350\" srcset=\"https:\/\/i0.wp.com\/eltrabajo.cl\/portal\/wp-content\/uploads\/2016\/11\/Tuning-Nachito.Imagen-fija001.jpg?w=530&amp;ssl=1 530w, https:\/\/i0.wp.com\/eltrabajo.cl\/portal\/wp-content\/uploads\/2016\/11\/Tuning-Nachito.Imagen-fija001.jpg?resize=200%2C132&amp;ssl=1 200w, https:\/\/i0.wp.com\/eltrabajo.cl\/portal\/wp-content\/uploads\/2016\/11\/Tuning-Nachito.Imagen-fija001.jpg?resize=300%2C198&amp;ssl=1 300w, https:\/\/i0.wp.com\/eltrabajo.cl\/portal\/wp-content\/uploads\/2016\/11\/Tuning-Nachito.Imagen-fija001.jpg?resize=227%2C150&amp;ssl=1 227w, https:\/\/i0.wp.com\/eltrabajo.cl\/portal\/wp-content\/uploads\/2016\/11\/Tuning-Nachito.Imagen-fija001.jpg?resize=400%2C264&amp;ssl=1 400w\" sizes=\"auto, (max-width: 530px) 100vw, 530px\" \/><\/a><figcaption id=\"caption-attachment-75112\" class=\"wp-caption-text\">Clubes de Tunning, acompa\u00f1ados por veh\u00edculos particulares y mucha gente, hicieron una caravana por las calles de Santa Mar\u00eda y San Felipe, para manifestar su apoyo a la familia en esta semana que es decisiva para el caso.<\/figcaption><\/figure>\n","protected":false},"excerpt":{"rendered":"<p>SANTA MAR\u00cdA.- Sin duda que el caso del ni\u00f1o Nachito, arrebatado de su hogar en La Higuera, comuna de Santa Mar\u00eda de la provincia de San Felipe, gatillado de un procedimiento determinado&#8230;<\/p>\n","protected":false},"author":1,"featured_media":75111,"comment_status":"open","ping_status":"open","sticky":false,"template":"","format":"standard","meta":{"advanced_seo_description":"","jetpack_seo_html_title":"","jetpack_seo_noindex":false,"_jetpack_memberships_contains_paid_content":false,"footnotes":""},"categories":[15],"tags":[],"class_list":["post-75110","post","type-post","status-publish","format-standard","has-post-thumbnail","hentry","category-comunidad"],"jetpack_featured_media_url":"https:\/\/i0.wp.com\/eltrabajo.cl\/portal\/wp-content\/uploads\/2016\/11\/NACHITO.jpg?fit=530%2C349&ssl=1","jetpack_sharing_enabled":true,"jetpack_likes_enabled":true,"jetpack-related-posts":[],"_links":{"self":[{"href":"https:\/\/eltrabajo.cl\/portal\/wp-json\/wp\/v2\/posts\/75110","targetHints":{"allow":["GET"]}}],"collection":[{"href":"https:\/\/eltrabajo.cl\/portal\/wp-json\/wp\/v2\/posts"}],"about":[{"href":"https:\/\/eltrabajo.cl\/portal\/wp-json\/wp\/v2\/types\/post"}],"author":[{"embeddable":true,"href":"https:\/\/eltrabajo.cl\/portal\/wp-json\/wp\/v2\/users\/1"}],"replies":[{"embeddable":true,"href":"https:\/\/eltrabajo.cl\/portal\/wp-json\/wp\/v2\/comments?post=75110"}],"version-history":[{"count":0,"href":"https:\/\/eltrabajo.cl\/portal\/wp-json\/wp\/v2\/posts\/75110\/revisions"}],"wp:featuredmedia":[{"embeddable":true,"href":"https:\/\/eltrabajo.cl\/portal\/wp-json\/wp\/v2\/media\/75111"}],"wp:attachment":[{"href":"https:\/\/eltrabajo.cl\/portal\/wp-json\/wp\/v2\/media?parent=75110"}],"wp:term":[{"taxonomy":"category","embeddable":true,"href":"https:\/\/eltrabajo.cl\/portal\/wp-json\/wp\/v2\/categories?post=75110"},{"taxonomy":"post_tag","embeddable":true,"href":"https:\/\/eltrabajo.cl\/portal\/wp-json\/wp\/v2\/tags?post=75110"}],"curies":[{"name":"wp","href":"https:\/\/api.w.org\/{rel}","templated":true}]}}