{"id":75124,"date":"2016-11-09T08:41:23","date_gmt":"2016-11-09T11:41:23","guid":{"rendered":"http:\/\/www.eltrabajo.cl\/portal\/?p=75124"},"modified":"2016-11-09T08:41:23","modified_gmt":"2016-11-09T11:41:23","slug":"amplian-plazo-postulacion-a-subsidios-habitacionales-por-paro-sector-publico","status":"publish","type":"post","link":"https:\/\/eltrabajo.cl\/portal\/amplian-plazo-postulacion-a-subsidios-habitacionales-por-paro-sector-publico\/","title":{"rendered":"Ampl\u00edan plazo postulaci\u00f3n a subsidios habitacionales por paro sector p\u00fablico"},"content":{"rendered":"<ul>\n<li><strong>Se extender\u00e1 la misma cantidad de d\u00edas que dure la paralizaci\u00f3n:\u00a0<\/strong><\/li>\n<\/ul>\n<p>La delegada biprovincial del Servicio de Vivienda y Urbanismo (Serviu), Natalia R\u00edos, en compa\u00f1\u00eda del gobernador (s) provincial de Los Andes Alonso Retamales, informaron a la comunidad que, debido al paro del sector p\u00fablicos, el plazo para postular al subsidio habitacional correspondiente al Decreto Supremo N\u00b01 se extender\u00e1 la misma cantidad de d\u00edas que se prolongue la paralizaci\u00f3n.<br \/>\nInicialmente, las postulaciones para optar a subsidios habitacionales se efectuaba entre el 3 y 18 de noviembre. Sin embargo, con motivo de entregar las mismas oportunidades y tranquilizar a la poblaci\u00f3n, dicho plazo se ampliar\u00e1 la misma cantidad de d\u00edas que haya durado el proceso.<br \/>\nLa delegada de Serviu San Felipe &#8211; Los Andes, Natalia R\u00edos, se\u00f1al\u00f3 que \u201cla postulaci\u00f3n correspondiente entre el 3 y 18 de noviembre para el Decreto Supremo N\u00b0 1 en todas sus modalidades, en adquisici\u00f3n de vivienda usada, nueva, entre otras, se extiende los mismos d\u00edas que se estar\u00e1 en paro. A las familias que se acercan a las oficinas de la vivienda o directamente al Serviu les pedimos que comprendan la situaci\u00f3n, ya que nos encontramos en esa situaci\u00f3n, pero el plazo se va a ampliar.<br \/>\nLa idea es brindar la tranquilidad al usuario, el plazo se va a ampliar y las postulaciones se har\u00e1n de igual forma\u201d, asegur\u00f3 R\u00edos.<br \/>\nEl gobernador (s) de la provincia de Los Andes, Alonso Retamales, manifest\u00f3 que \u201cdesde el Servicio de Vivienda y Urbanismo se han hecho todos los esfuerzos para que la poblaci\u00f3n, las familias que quieran optar a beneficios habitacionales puedan hacerlo con tranquilidad y seguridad a pesar del paro del sector p\u00fablico, por lo que resulta importante se\u00f1alar que se ampliar\u00e1 el plazo de postulaci\u00f3n, de entrega de documentos y brindar las mismas oportunidades para todos y todas\u201d.<br \/>\nCabe mencionar que a este beneficio pueden postular todas las personas mayores de 18 a\u00f1os, que tengan su libreta de vivienda con el ahorro correspondiente a la modalidad del subsidio y, en el caso que tengan que acreditar n\u00facleo familiar, el formulario que s\u00ed se est\u00e1 entregando en la delegaci\u00f3n del Serviu para quienes lo necesiten. Tambi\u00e9n se puede acceder a la p\u00e1gina web del Ministerio de Vivienda y Urbanismo e ingresar en el link para la postulaci\u00f3n desde ahora.<\/p>\n<figure id=\"attachment_75125\" aria-describedby=\"caption-attachment-75125\" style=\"width: 300px\" class=\"wp-caption alignleft\"><a href=\"http:\/\/www.eltrabajo.cl\/portal\/amplian-plazo-postulacion-a-subsidios-habitacionales-por-paro-sector-publico\/alonso_retamales_gob\/\" rel=\"attachment wp-att-75125\"><img data-recalc-dims=\"1\" loading=\"lazy\" decoding=\"async\" class=\"size-medium wp-image-75125\" src=\"https:\/\/i0.wp.com\/www.eltrabajo.cl\/portal\/wp-content\/uploads\/2016\/11\/alonso_retamales_gob-300x198.jpg?resize=300%2C198\" alt=\"Gobernador (s) provincial de Los Andes Alonso Retamales. \" width=\"300\" height=\"198\" srcset=\"https:\/\/i0.wp.com\/eltrabajo.cl\/portal\/wp-content\/uploads\/2016\/11\/alonso_retamales_gob.jpg?resize=300%2C198&amp;ssl=1 300w, https:\/\/i0.wp.com\/eltrabajo.cl\/portal\/wp-content\/uploads\/2016\/11\/alonso_retamales_gob.jpg?resize=200%2C132&amp;ssl=1 200w, https:\/\/i0.wp.com\/eltrabajo.cl\/portal\/wp-content\/uploads\/2016\/11\/alonso_retamales_gob.jpg?resize=227%2C150&amp;ssl=1 227w, https:\/\/i0.wp.com\/eltrabajo.cl\/portal\/wp-content\/uploads\/2016\/11\/alonso_retamales_gob.jpg?resize=400%2C264&amp;ssl=1 400w, https:\/\/i0.wp.com\/eltrabajo.cl\/portal\/wp-content\/uploads\/2016\/11\/alonso_retamales_gob.jpg?w=530&amp;ssl=1 530w\" sizes=\"auto, (max-width: 300px) 100vw, 300px\" \/><\/a><figcaption id=\"caption-attachment-75125\" class=\"wp-caption-text\">Gobernador (s) provincial de Los Andes Alonso Retamales.<\/figcaption><\/figure>\n<figure id=\"attachment_75126\" aria-describedby=\"caption-attachment-75126\" style=\"width: 300px\" class=\"wp-caption alignleft\"><a href=\"http:\/\/www.eltrabajo.cl\/portal\/amplian-plazo-postulacion-a-subsidios-habitacionales-por-paro-sector-publico\/nataliarios2\/\" rel=\"attachment wp-att-75126\"><img data-recalc-dims=\"1\" loading=\"lazy\" decoding=\"async\" class=\"size-medium wp-image-75126\" src=\"https:\/\/i0.wp.com\/www.eltrabajo.cl\/portal\/wp-content\/uploads\/2016\/11\/nataliarios2-300x198.jpg?resize=300%2C198\" alt=\"Delegada biprovincial del Servicio de Vivienda y Urbanismo (Serviu), Natalia R\u00edos.\" width=\"300\" height=\"198\" srcset=\"https:\/\/i0.wp.com\/eltrabajo.cl\/portal\/wp-content\/uploads\/2016\/11\/nataliarios2.jpg?resize=300%2C198&amp;ssl=1 300w, https:\/\/i0.wp.com\/eltrabajo.cl\/portal\/wp-content\/uploads\/2016\/11\/nataliarios2.jpg?resize=200%2C132&amp;ssl=1 200w, https:\/\/i0.wp.com\/eltrabajo.cl\/portal\/wp-content\/uploads\/2016\/11\/nataliarios2.jpg?resize=227%2C150&amp;ssl=1 227w, https:\/\/i0.wp.com\/eltrabajo.cl\/portal\/wp-content\/uploads\/2016\/11\/nataliarios2.jpg?resize=400%2C264&amp;ssl=1 400w, https:\/\/i0.wp.com\/eltrabajo.cl\/portal\/wp-content\/uploads\/2016\/11\/nataliarios2.jpg?w=530&amp;ssl=1 530w\" sizes=\"auto, (max-width: 300px) 100vw, 300px\" \/><\/a><figcaption id=\"caption-attachment-75126\" class=\"wp-caption-text\">Delegada biprovincial del Servicio de Vivienda y Urbanismo (Serviu), Natalia R\u00edos.<\/figcaption><\/figure>\n","protected":false},"excerpt":{"rendered":"<p>Se extender\u00e1 la misma cantidad de d\u00edas que dure la paralizaci\u00f3n:\u00a0 La delegada biprovincial del Servicio de Vivienda y Urbanismo (Serviu), Natalia R\u00edos, en compa\u00f1\u00eda del gobernador (s) provincial de Los Andes&#8230;<\/p>\n","protected":false},"author":1,"featured_media":75126,"comment_status":"open","ping_status":"open","sticky":false,"template":"","format":"standard","meta":{"advanced_seo_description":"","jetpack_seo_html_title":"","jetpack_seo_noindex":false,"_jetpack_memberships_contains_paid_content":false,"footnotes":""},"categories":[1],"tags":[],"class_list":["post-75124","post","type-post","status-publish","format-standard","has-post-thumbnail","hentry","category-cronica"],"jetpack_featured_media_url":"https:\/\/i0.wp.com\/eltrabajo.cl\/portal\/wp-content\/uploads\/2016\/11\/nataliarios2.jpg?fit=530%2C350&ssl=1","jetpack_sharing_enabled":true,"jetpack_likes_enabled":true,"jetpack-related-posts":[],"_links":{"self":[{"href":"https:\/\/eltrabajo.cl\/portal\/wp-json\/wp\/v2\/posts\/75124","targetHints":{"allow":["GET"]}}],"collection":[{"href":"https:\/\/eltrabajo.cl\/portal\/wp-json\/wp\/v2\/posts"}],"about":[{"href":"https:\/\/eltrabajo.cl\/portal\/wp-json\/wp\/v2\/types\/post"}],"author":[{"embeddable":true,"href":"https:\/\/eltrabajo.cl\/portal\/wp-json\/wp\/v2\/users\/1"}],"replies":[{"embeddable":true,"href":"https:\/\/eltrabajo.cl\/portal\/wp-json\/wp\/v2\/comments?post=75124"}],"version-history":[{"count":0,"href":"https:\/\/eltrabajo.cl\/portal\/wp-json\/wp\/v2\/posts\/75124\/revisions"}],"wp:featuredmedia":[{"embeddable":true,"href":"https:\/\/eltrabajo.cl\/portal\/wp-json\/wp\/v2\/media\/75126"}],"wp:attachment":[{"href":"https:\/\/eltrabajo.cl\/portal\/wp-json\/wp\/v2\/media?parent=75124"}],"wp:term":[{"taxonomy":"category","embeddable":true,"href":"https:\/\/eltrabajo.cl\/portal\/wp-json\/wp\/v2\/categories?post=75124"},{"taxonomy":"post_tag","embeddable":true,"href":"https:\/\/eltrabajo.cl\/portal\/wp-json\/wp\/v2\/tags?post=75124"}],"curies":[{"name":"wp","href":"https:\/\/api.w.org\/{rel}","templated":true}]}}