{"id":75129,"date":"2016-11-09T08:46:57","date_gmt":"2016-11-09T11:46:57","guid":{"rendered":"http:\/\/www.eltrabajo.cl\/portal\/?p=75129"},"modified":"2016-11-09T08:46:57","modified_gmt":"2016-11-09T11:46:57","slug":"gobernador-reconoce-que-mucha-gente-ha-perdido-la-fe-en-sistema-judicial","status":"publish","type":"post","link":"https:\/\/eltrabajo.cl\/portal\/gobernador-reconoce-que-mucha-gente-ha-perdido-la-fe-en-sistema-judicial\/","title":{"rendered":"Gobernador reconoce que mucha gente ha perdido la fe en sistema judicial"},"content":{"rendered":"<ul>\n<li><strong><span style=\"color: #ff0000;\">Un 45% de los comerciantes no denuncia robos a su propiedad:<\/span> La desinformaci\u00f3n de las polic\u00edas en cuanto a los hurtos ocurridos a la propiedad privada, aumentar\u00eda la conocida cifra negra, que no es otra cosa que los delitos no denunciados.<\/strong><\/li>\n<\/ul>\n<p>En San Felipe durante el fin de semana largo -ese de cuatro d\u00edas- varios locales fueron v\u00edctimas de la delincuencia, entre ellos podemos mencionar un nuevo caf\u00e9 que se iba a abrir en calle Carlos Condell al llegar a Coimas, en este caso fueron unos diez millones de pesos en p\u00e9rdidas para sus due\u00f1os; los robos reiterados a la muebler\u00eda Opazo ubicada en la Avenida Maip\u00fa con Manuel de Lima; los siete millones y medio que robaron delincuentes en la \u00f3ptica Mejor Visi\u00f3n de calle Traslavi\u00f1a.<\/p>\n<figure id=\"attachment_75130\" aria-describedby=\"caption-attachment-75130\" style=\"width: 300px\" class=\"wp-caption alignleft\"><a href=\"http:\/\/www.eltrabajo.cl\/portal\/gobernador-reconoce-que-mucha-gente-ha-perdido-la-fe-en-sistema-judicial\/gobernador-2\/\" rel=\"attachment wp-att-75130\"><img data-recalc-dims=\"1\" loading=\"lazy\" decoding=\"async\" class=\"size-medium wp-image-75130\" src=\"https:\/\/i0.wp.com\/www.eltrabajo.cl\/portal\/wp-content\/uploads\/2016\/11\/Gobernador-300x197.jpg?resize=300%2C197\" alt=\"Gobernador Eduardo Le\u00f3n Lazcano.\" width=\"300\" height=\"197\" srcset=\"https:\/\/i0.wp.com\/eltrabajo.cl\/portal\/wp-content\/uploads\/2016\/11\/Gobernador.jpg?resize=300%2C197&amp;ssl=1 300w, https:\/\/i0.wp.com\/eltrabajo.cl\/portal\/wp-content\/uploads\/2016\/11\/Gobernador.jpg?resize=200%2C131&amp;ssl=1 200w, https:\/\/i0.wp.com\/eltrabajo.cl\/portal\/wp-content\/uploads\/2016\/11\/Gobernador.jpg?resize=228%2C150&amp;ssl=1 228w, https:\/\/i0.wp.com\/eltrabajo.cl\/portal\/wp-content\/uploads\/2016\/11\/Gobernador.jpg?resize=400%2C263&amp;ssl=1 400w, https:\/\/i0.wp.com\/eltrabajo.cl\/portal\/wp-content\/uploads\/2016\/11\/Gobernador.jpg?w=530&amp;ssl=1 530w\" sizes=\"auto, (max-width: 300px) 100vw, 300px\" \/><\/a><figcaption id=\"caption-attachment-75130\" class=\"wp-caption-text\">Gobernador Eduardo Le\u00f3n Lazcano.<\/figcaption><\/figure>\n<p>Al respecto, el gobernador Provincial de San Felipe, Eduardo Le\u00f3n Lazcano, dijo que era lamentable porque a ellos no les gusta que ocurran estas cosas, dice que han efectuado varias reuniones de coordinaci\u00f3n para mejorar.<br \/>\n\u201cLa verdad que Carabineros durante ese fin de semana tuvo una intensa labor, hubo mucho delitos que se evitaron, hubo persecuciones, detenidos, pero lamentablemente muchos delitos se concretaron y eso no nos gusta a nosotros\u201d, dijo.<br \/>\nA\u00f1adi\u00f3 que lo importante en todo este problema, es que los afectados se organicen, se est\u00e1 en contacto con la C\u00e1mara de Comercio para trabajar en forma colegiada con los comerciantes, tambi\u00e9n est\u00e1n en contacto con el fiscal Benjam\u00edn Santib\u00e1\u00f1ez, para ver los temas en conjunto con la Fiscal\u00eda y no de manera aislada, lo que ha generado algunos avances en este sentido.<br \/>\nTambi\u00e9n est\u00e1n en coordinaci\u00f3n con Carabineros y la PDI, se sigue informando lo que ocurre en la ciudad.<br \/>\nSe\u00f1ala que hay que ocupar todo lo que se est\u00e9 al alcance, estar atento a los delitos.<br \/>\n<strong>&#8211; \u00bfQu\u00e9 opini\u00f3n le merece que haya un 45% de comerciantes que no est\u00e1 denunciando los delitos?<\/strong><br \/>\n&#8211; \u201cNosotros hemos tenido varias reuniones con la comunidad organizada, juntas de vecinos, c\u00e1mara de comercio, sabemos que hay gente que no le gusta denunciar, nosotros le explicamos que la denuncia genera una sistematizaci\u00f3n y una programaci\u00f3n de acci\u00f3n, no s\u00f3lo de Carabineros sino de otros servicios, entonces cuando alguien o una comunidad no denuncia, deja en la oscuridad al Estado para actuar. La denuncia no s\u00f3lo tiene que ver con la persecuci\u00f3n y posible resoluci\u00f3n de un delito, sino que tambi\u00e9n para otras labores que son tan importantes, como es la programaci\u00f3n de los servicios de inteligencia de rondas de Carabineros, un proceso investigativo, as\u00ed es que nosotros vamos a seguir trabajando con los comerciantes organizados y no organizados, las puertas de la gobernaci\u00f3n est\u00e1n abiertas\u201d.<br \/>\n<strong>&#8211; \u00bfPor qu\u00e9 cree usted gobernador que la gente no denuncia, por desconfianza en el sistema?<\/strong><br \/>\n&#8211; \u201cMira, yo he hablado con muchas personas, lo primero es el temor, no denuncia es por el temor a la represalia, a que alguien tome represalias contra ellos por haber denunciado, por eso se cre\u00f3 el denuncio seguro, denuncia an\u00f3nimo, la otra no denuncia es que ellos ven como una p\u00e9rdida de tiempo mayor a los da\u00f1os ocurridos por el delito y tambi\u00e9n la p\u00e9rdida de fe en el sistema que son muchos, nosotros tenemos un trabajo que hacer con las distintas polic\u00edas, fiscal\u00eda y explicarles\u201d..<br \/>\n<strong>&#8211; Pero gobernador, \u00bfhay alg\u00fan mea culpa que se pueda hacer en ese sentido? porque se archivan provisoriamente las causas, donde llega esa famosa carta y con eso van perdiendo confianza en el sistema.<\/strong><br \/>\n&#8211; \u201cBueno, el poder judicial ha hablado al respecto, yo no puedo referirme a sus atribuciones, pero evidentemente que San Felipe sea una comuna piloto de esta estrategia territorial de foco delictual tiene que ver con parte de eso\u201d.<br \/>\n<strong>&#8211; \u00bfQu\u00e9 le puede decir a la comunidad gobernador?<\/strong><br \/>\n&#8211; \u201cBueno lo primero que le puedo decir es hacer las denuncias, lo segundo organizarse y a tomar contacto con sus dirigentes para poder trabajar en todos los \u00e1mbitos en el combate a la delincuencia\u201d.<\/p>\n<figure id=\"attachment_75131\" aria-describedby=\"caption-attachment-75131\" style=\"width: 530px\" class=\"wp-caption alignleft\"><a href=\"http:\/\/www.eltrabajo.cl\/portal\/gobernador-reconoce-que-mucha-gente-ha-perdido-la-fe-en-sistema-judicial\/optica\/\" rel=\"attachment wp-att-75131\"><img data-recalc-dims=\"1\" loading=\"lazy\" decoding=\"async\" class=\"size-full wp-image-75131\" src=\"https:\/\/i0.wp.com\/www.eltrabajo.cl\/portal\/wp-content\/uploads\/2016\/11\/Optica.jpg?resize=530%2C350\" alt=\"Esta la \u00d3ptica Mejor Visi\u00f3n lugar de donde los delincuentes se llevaron 7,5 millones en lentes.\" width=\"530\" height=\"350\" srcset=\"https:\/\/i0.wp.com\/eltrabajo.cl\/portal\/wp-content\/uploads\/2016\/11\/Optica.jpg?w=530&amp;ssl=1 530w, https:\/\/i0.wp.com\/eltrabajo.cl\/portal\/wp-content\/uploads\/2016\/11\/Optica.jpg?resize=200%2C132&amp;ssl=1 200w, https:\/\/i0.wp.com\/eltrabajo.cl\/portal\/wp-content\/uploads\/2016\/11\/Optica.jpg?resize=300%2C198&amp;ssl=1 300w, https:\/\/i0.wp.com\/eltrabajo.cl\/portal\/wp-content\/uploads\/2016\/11\/Optica.jpg?resize=227%2C150&amp;ssl=1 227w, https:\/\/i0.wp.com\/eltrabajo.cl\/portal\/wp-content\/uploads\/2016\/11\/Optica.jpg?resize=400%2C264&amp;ssl=1 400w\" sizes=\"auto, (max-width: 530px) 100vw, 530px\" \/><\/a><figcaption id=\"caption-attachment-75131\" class=\"wp-caption-text\">Esta la \u00d3ptica Mejor Visi\u00f3n lugar de donde los delincuentes se llevaron 7,5 millones en lentes.<\/figcaption><\/figure>\n","protected":false},"excerpt":{"rendered":"<p>Un 45% de los comerciantes no denuncia robos a su propiedad: La desinformaci\u00f3n de las polic\u00edas en cuanto a los hurtos ocurridos a la propiedad privada, aumentar\u00eda la conocida cifra negra, que&#8230;<\/p>\n","protected":false},"author":1,"featured_media":75131,"comment_status":"open","ping_status":"open","sticky":false,"template":"","format":"standard","meta":{"advanced_seo_description":"","jetpack_seo_html_title":"","jetpack_seo_noindex":false,"_jetpack_memberships_contains_paid_content":false,"footnotes":""},"categories":[1],"tags":[],"class_list":["post-75129","post","type-post","status-publish","format-standard","has-post-thumbnail","hentry","category-cronica"],"jetpack_featured_media_url":"https:\/\/i0.wp.com\/eltrabajo.cl\/portal\/wp-content\/uploads\/2016\/11\/Optica.jpg?fit=530%2C350&ssl=1","jetpack_sharing_enabled":true,"jetpack_likes_enabled":true,"jetpack-related-posts":[],"_links":{"self":[{"href":"https:\/\/eltrabajo.cl\/portal\/wp-json\/wp\/v2\/posts\/75129","targetHints":{"allow":["GET"]}}],"collection":[{"href":"https:\/\/eltrabajo.cl\/portal\/wp-json\/wp\/v2\/posts"}],"about":[{"href":"https:\/\/eltrabajo.cl\/portal\/wp-json\/wp\/v2\/types\/post"}],"author":[{"embeddable":true,"href":"https:\/\/eltrabajo.cl\/portal\/wp-json\/wp\/v2\/users\/1"}],"replies":[{"embeddable":true,"href":"https:\/\/eltrabajo.cl\/portal\/wp-json\/wp\/v2\/comments?post=75129"}],"version-history":[{"count":0,"href":"https:\/\/eltrabajo.cl\/portal\/wp-json\/wp\/v2\/posts\/75129\/revisions"}],"wp:featuredmedia":[{"embeddable":true,"href":"https:\/\/eltrabajo.cl\/portal\/wp-json\/wp\/v2\/media\/75131"}],"wp:attachment":[{"href":"https:\/\/eltrabajo.cl\/portal\/wp-json\/wp\/v2\/media?parent=75129"}],"wp:term":[{"taxonomy":"category","embeddable":true,"href":"https:\/\/eltrabajo.cl\/portal\/wp-json\/wp\/v2\/categories?post=75129"},{"taxonomy":"post_tag","embeddable":true,"href":"https:\/\/eltrabajo.cl\/portal\/wp-json\/wp\/v2\/tags?post=75129"}],"curies":[{"name":"wp","href":"https:\/\/api.w.org\/{rel}","templated":true}]}}