{"id":75134,"date":"2016-11-09T08:51:18","date_gmt":"2016-11-09T11:51:18","guid":{"rendered":"http:\/\/www.eltrabajo.cl\/portal\/?p=75134"},"modified":"2016-11-09T08:51:18","modified_gmt":"2016-11-09T11:51:18","slug":"alumnas-de-educacion-diferencial-organizan-olimpiadas-especiales-2016","status":"publish","type":"post","link":"https:\/\/eltrabajo.cl\/portal\/alumnas-de-educacion-diferencial-organizan-olimpiadas-especiales-2016\/","title":{"rendered":"Alumnas de Educaci\u00f3n Diferencial organizan Olimpiadas Especiales 2016"},"content":{"rendered":"<p>Este martes en la ma\u00f1ana, las alumnas integrantes de la carrera de Educaci\u00f3n Diferencial de la Upla dieron el vamos a una nueva versi\u00f3n de las olimpiadas especiales 2016.<br \/>\nLa actividad de inauguraci\u00f3n se realiz\u00f3 en la terraza de la plaza de armas de San Felipe, hasta donde llegaron alumnos de diferentes establecimientos educacionales del valle de Aconcagua.<br \/>\nAl respecto el vicerrector de la Upla Campus San Felipe, Patricio Ib\u00e1\u00f1ez Le\u00f3n, dijo que la carrera de Educaci\u00f3n Diferencial de la Universidad, desde hace varios a\u00f1os viene organizando estas olimpiadas, donde participan distintas escuelas especiales del Valle de Aconcagua.<br \/>\n\u201cEs una verdadera fiesta de integraci\u00f3n, donde nuestras estudiantes hacen esta linda fiesta en la plaza, m\u00e1s tarde nos iremos al estadio\u201d, dijo Ib\u00e1\u00f1ez.<br \/>\nEn cuanto a los motivos para realizar esta actividad, el vicerrector se\u00f1al\u00f3: \u201cPrimero es una vinculaci\u00f3n con el medio, nosotros no podemos estar enclaustrados en cuatro paredes, como Universidad tenemos que salir a la comunidad, en parte servir al Valle de Aconcagua, y porque adem\u00e1s el sello nuestro como Universidad es la integraci\u00f3n y por lo tanto esto que hace la carrera diferencial es integrar en competencias deportivas, adaptar a los ni\u00f1os de las escuelas especiales del Valle de Aconcagua\u201d, sostuvo.<br \/>\nDecir que actualmente la Upla, en su carrera de Educaci\u00f3n Diferencial, tiene entre 60 a 70 estudiantes, pero adem\u00e1s hay alumnas de educaci\u00f3n de p\u00e1rvulos, ingl\u00e9s, matem\u00e1ticas, distintos estudiantes de distintas carreras que se entusiasman con esta linda actividad apoy\u00e1ndola.<br \/>\nSobre las consecuencias que debiera tener esta actividad sobre las mismos alumnos, dijo que esto es parte de su formaci\u00f3n y crecimiento profesional: \u201cNosotros cuando hablamos de educaci\u00f3n integral, esto es, que se vinculen con el medio, que conozcan la realidad de estas escuelas donde probablemente pueden ellas llegar a trabajar, entonces esto es ganar\u2026 ganar, gana la comunidad, las escuelas especiales, ganan nuestras estudiantes tambi\u00e9n\u201d finaliz\u00f3 Ib\u00e1\u00f1ez.<br \/>\nSe\u00f1alar que tambi\u00e9n estuvieron presentes, La Estudiantina y Zancos, de la Escuela Jos\u00e9 Manso de Velasco, junto a una agrupaci\u00f3n de batucadas, quienes se lucieron frente a los presentes.<br \/>\nLos colegios participantes fueron, Mundo de Color, Valle Andino, de Los Andes y Brillo de Luna de Llay Llay.<\/p>\n<figure id=\"attachment_75135\" aria-describedby=\"caption-attachment-75135\" style=\"width: 530px\" class=\"wp-caption alignleft\"><a href=\"http:\/\/www.eltrabajo.cl\/portal\/alumnas-de-educacion-diferencial-organizan-olimpiadas-especiales-2016\/alumnos-3\/\" rel=\"attachment wp-att-75135\"><img data-recalc-dims=\"1\" loading=\"lazy\" decoding=\"async\" class=\"size-full wp-image-75135\" src=\"https:\/\/i0.wp.com\/www.eltrabajo.cl\/portal\/wp-content\/uploads\/2016\/11\/Alumnos.jpg?resize=530%2C350\" alt=\"Los alumnos de las escuelas especiales junto a estudiantes de la carrera de Educaci\u00f3n Diferencial comparten durante la actividad.\" width=\"530\" height=\"350\" srcset=\"https:\/\/i0.wp.com\/eltrabajo.cl\/portal\/wp-content\/uploads\/2016\/11\/Alumnos.jpg?w=530&amp;ssl=1 530w, https:\/\/i0.wp.com\/eltrabajo.cl\/portal\/wp-content\/uploads\/2016\/11\/Alumnos.jpg?resize=200%2C132&amp;ssl=1 200w, https:\/\/i0.wp.com\/eltrabajo.cl\/portal\/wp-content\/uploads\/2016\/11\/Alumnos.jpg?resize=300%2C198&amp;ssl=1 300w, https:\/\/i0.wp.com\/eltrabajo.cl\/portal\/wp-content\/uploads\/2016\/11\/Alumnos.jpg?resize=227%2C150&amp;ssl=1 227w, https:\/\/i0.wp.com\/eltrabajo.cl\/portal\/wp-content\/uploads\/2016\/11\/Alumnos.jpg?resize=400%2C264&amp;ssl=1 400w\" sizes=\"auto, (max-width: 530px) 100vw, 530px\" \/><\/a><figcaption id=\"caption-attachment-75135\" class=\"wp-caption-text\">Los alumnos de las escuelas especiales junto a estudiantes de la carrera de Educaci\u00f3n Diferencial comparten durante la actividad.<\/figcaption><\/figure>\n<figure id=\"attachment_75136\" aria-describedby=\"caption-attachment-75136\" style=\"width: 530px\" class=\"wp-caption alignleft\"><a href=\"http:\/\/www.eltrabajo.cl\/portal\/alumnas-de-educacion-diferencial-organizan-olimpiadas-especiales-2016\/batucadas-y-sancos-ok\/\" rel=\"attachment wp-att-75136\"><img data-recalc-dims=\"1\" loading=\"lazy\" decoding=\"async\" class=\"size-full wp-image-75136\" src=\"https:\/\/i0.wp.com\/www.eltrabajo.cl\/portal\/wp-content\/uploads\/2016\/11\/Batucadas-y-Sancos-OK.jpg?resize=530%2C350\" alt=\"Una agrupaci\u00f3n de j\u00f3venes tocan en la batucada mientras otros integrantes de Zancos de la Escuela Jos\u00e9 Manso de Velasco hacen de las suyas en sus zancos.\" width=\"530\" height=\"350\" srcset=\"https:\/\/i0.wp.com\/eltrabajo.cl\/portal\/wp-content\/uploads\/2016\/11\/Batucadas-y-Sancos-OK.jpg?w=530&amp;ssl=1 530w, https:\/\/i0.wp.com\/eltrabajo.cl\/portal\/wp-content\/uploads\/2016\/11\/Batucadas-y-Sancos-OK.jpg?resize=200%2C132&amp;ssl=1 200w, https:\/\/i0.wp.com\/eltrabajo.cl\/portal\/wp-content\/uploads\/2016\/11\/Batucadas-y-Sancos-OK.jpg?resize=300%2C198&amp;ssl=1 300w, https:\/\/i0.wp.com\/eltrabajo.cl\/portal\/wp-content\/uploads\/2016\/11\/Batucadas-y-Sancos-OK.jpg?resize=227%2C150&amp;ssl=1 227w, https:\/\/i0.wp.com\/eltrabajo.cl\/portal\/wp-content\/uploads\/2016\/11\/Batucadas-y-Sancos-OK.jpg?resize=400%2C264&amp;ssl=1 400w\" sizes=\"auto, (max-width: 530px) 100vw, 530px\" \/><\/a><figcaption id=\"caption-attachment-75136\" class=\"wp-caption-text\">Una agrupaci\u00f3n de j\u00f3venes tocan en la batucada mientras otros integrantes de Zancos de la Escuela Jos\u00e9 Manso de Velasco hacen de las suyas en sus zancos.<\/figcaption><\/figure>\n<figure id=\"attachment_75137\" aria-describedby=\"caption-attachment-75137\" style=\"width: 530px\" class=\"wp-caption alignleft\"><a href=\"http:\/\/www.eltrabajo.cl\/portal\/alumnas-de-educacion-diferencial-organizan-olimpiadas-especiales-2016\/ninos-4\/\" rel=\"attachment wp-att-75137\"><img data-recalc-dims=\"1\" loading=\"lazy\" decoding=\"async\" class=\"size-full wp-image-75137\" src=\"https:\/\/i0.wp.com\/www.eltrabajo.cl\/portal\/wp-content\/uploads\/2016\/11\/Ni%C3%B1os..jpg?resize=530%2C350\" alt=\"Los ni\u00f1os disfrutando de las olimpiadas.\" width=\"530\" height=\"350\" srcset=\"https:\/\/i0.wp.com\/eltrabajo.cl\/portal\/wp-content\/uploads\/2016\/11\/Ni%C3%B1os..jpg?w=530&amp;ssl=1 530w, https:\/\/i0.wp.com\/eltrabajo.cl\/portal\/wp-content\/uploads\/2016\/11\/Ni%C3%B1os..jpg?resize=200%2C132&amp;ssl=1 200w, https:\/\/i0.wp.com\/eltrabajo.cl\/portal\/wp-content\/uploads\/2016\/11\/Ni%C3%B1os..jpg?resize=300%2C198&amp;ssl=1 300w, https:\/\/i0.wp.com\/eltrabajo.cl\/portal\/wp-content\/uploads\/2016\/11\/Ni%C3%B1os..jpg?resize=227%2C150&amp;ssl=1 227w, https:\/\/i0.wp.com\/eltrabajo.cl\/portal\/wp-content\/uploads\/2016\/11\/Ni%C3%B1os..jpg?resize=400%2C264&amp;ssl=1 400w\" sizes=\"auto, (max-width: 530px) 100vw, 530px\" \/><\/a><figcaption id=\"caption-attachment-75137\" class=\"wp-caption-text\">Los ni\u00f1os disfrutando de las olimpiadas.<\/figcaption><\/figure>\n<figure id=\"attachment_75138\" aria-describedby=\"caption-attachment-75138\" style=\"width: 530px\" class=\"wp-caption alignleft\"><a href=\"http:\/\/www.eltrabajo.cl\/portal\/alumnas-de-educacion-diferencial-organizan-olimpiadas-especiales-2016\/superman\/\" rel=\"attachment wp-att-75138\"><img data-recalc-dims=\"1\" loading=\"lazy\" decoding=\"async\" class=\"size-full wp-image-75138\" src=\"https:\/\/i0.wp.com\/www.eltrabajo.cl\/portal\/wp-content\/uploads\/2016\/11\/Superman.jpg?resize=530%2C350\" alt=\"Hasta Superman se hizo presente en esta ocasi\u00f3n en las olimpiadas especiales.\" width=\"530\" height=\"350\" srcset=\"https:\/\/i0.wp.com\/eltrabajo.cl\/portal\/wp-content\/uploads\/2016\/11\/Superman.jpg?w=530&amp;ssl=1 530w, https:\/\/i0.wp.com\/eltrabajo.cl\/portal\/wp-content\/uploads\/2016\/11\/Superman.jpg?resize=200%2C132&amp;ssl=1 200w, https:\/\/i0.wp.com\/eltrabajo.cl\/portal\/wp-content\/uploads\/2016\/11\/Superman.jpg?resize=300%2C198&amp;ssl=1 300w, https:\/\/i0.wp.com\/eltrabajo.cl\/portal\/wp-content\/uploads\/2016\/11\/Superman.jpg?resize=227%2C150&amp;ssl=1 227w, https:\/\/i0.wp.com\/eltrabajo.cl\/portal\/wp-content\/uploads\/2016\/11\/Superman.jpg?resize=400%2C264&amp;ssl=1 400w\" sizes=\"auto, (max-width: 530px) 100vw, 530px\" \/><\/a><figcaption id=\"caption-attachment-75138\" class=\"wp-caption-text\">Hasta Superman se hizo presente en esta ocasi\u00f3n en las olimpiadas especiales.<\/figcaption><\/figure>\n","protected":false},"excerpt":{"rendered":"<p>Este martes en la ma\u00f1ana, las alumnas integrantes de la carrera de Educaci\u00f3n Diferencial de la Upla dieron el vamos a una nueva versi\u00f3n de las olimpiadas especiales 2016. La actividad de&#8230;<\/p>\n","protected":false},"author":1,"featured_media":75135,"comment_status":"open","ping_status":"open","sticky":false,"template":"","format":"standard","meta":{"advanced_seo_description":"","jetpack_seo_html_title":"","jetpack_seo_noindex":false,"_jetpack_memberships_contains_paid_content":false,"footnotes":""},"categories":[15],"tags":[],"class_list":["post-75134","post","type-post","status-publish","format-standard","has-post-thumbnail","hentry","category-comunidad"],"jetpack_featured_media_url":"https:\/\/i0.wp.com\/eltrabajo.cl\/portal\/wp-content\/uploads\/2016\/11\/Alumnos.jpg?fit=530%2C350&ssl=1","jetpack_sharing_enabled":true,"jetpack_likes_enabled":true,"jetpack-related-posts":[],"_links":{"self":[{"href":"https:\/\/eltrabajo.cl\/portal\/wp-json\/wp\/v2\/posts\/75134","targetHints":{"allow":["GET"]}}],"collection":[{"href":"https:\/\/eltrabajo.cl\/portal\/wp-json\/wp\/v2\/posts"}],"about":[{"href":"https:\/\/eltrabajo.cl\/portal\/wp-json\/wp\/v2\/types\/post"}],"author":[{"embeddable":true,"href":"https:\/\/eltrabajo.cl\/portal\/wp-json\/wp\/v2\/users\/1"}],"replies":[{"embeddable":true,"href":"https:\/\/eltrabajo.cl\/portal\/wp-json\/wp\/v2\/comments?post=75134"}],"version-history":[{"count":0,"href":"https:\/\/eltrabajo.cl\/portal\/wp-json\/wp\/v2\/posts\/75134\/revisions"}],"wp:featuredmedia":[{"embeddable":true,"href":"https:\/\/eltrabajo.cl\/portal\/wp-json\/wp\/v2\/media\/75135"}],"wp:attachment":[{"href":"https:\/\/eltrabajo.cl\/portal\/wp-json\/wp\/v2\/media?parent=75134"}],"wp:term":[{"taxonomy":"category","embeddable":true,"href":"https:\/\/eltrabajo.cl\/portal\/wp-json\/wp\/v2\/categories?post=75134"},{"taxonomy":"post_tag","embeddable":true,"href":"https:\/\/eltrabajo.cl\/portal\/wp-json\/wp\/v2\/tags?post=75134"}],"curies":[{"name":"wp","href":"https:\/\/api.w.org\/{rel}","templated":true}]}}