{"id":75141,"date":"2016-11-09T08:56:40","date_gmt":"2016-11-09T11:56:40","guid":{"rendered":"http:\/\/www.eltrabajo.cl\/portal\/?p=75141"},"modified":"2016-11-09T08:56:40","modified_gmt":"2016-11-09T11:56:40","slug":"realizan-atractivo-campeonato-interescolar-de-danza-en-el-corina-urbina","status":"publish","type":"post","link":"https:\/\/eltrabajo.cl\/portal\/realizan-atractivo-campeonato-interescolar-de-danza-en-el-corina-urbina\/","title":{"rendered":"Realizan atractivo Campeonato Interescolar de Danza en el Corina Urbina"},"content":{"rendered":"<p>Una destacada participaci\u00f3n tuvo la Escuela Carmela Carvajal de Prat en el Primer Certamen de Danza Deportiva realizado el pasado viernes en el Gimnasio del Liceo de Ni\u00f1as Corina Urbina.<br \/>\nLos objetivos de esta actividad se fundamentaron en estimular el desarrollo de la creatividad y la imaginaci\u00f3n de los ni\u00f1os, a partir de elementos art\u00edstico-t\u00e9cnicos de la danza, adem\u00e1s de compartir estas experiencias art\u00edsticas con otras escuelas y colegios y de esta manera contribuir al desarrollo de las cualidades art\u00edsticas de los bailarines, fomentando la participaci\u00f3n de ellos en actividades de inter\u00e9s com\u00fan, potenciando la motivaci\u00f3n de los peque\u00f1os actores por las expresiones art\u00edsticas.<br \/>\nEste certamen fue organizado por el grupo de danza del Liceo de Ni\u00f1as Corina Urbina que desarroll\u00f3 su primer campeonato, donde grupos de danza de escuelas y colegios tuvieron la posibilidad de compartir experiencias art\u00edsticas. Est\u00e1s tuvieron diferentes categor\u00edas de participaci\u00f3n con alumnas de ense\u00f1anza b\u00e1sica, entre ellas categor\u00edas como Pre-Mini (alumnas de pr\u00e9basica), Categor\u00eda Mini (alumnas de 1\u00b0 a 4\u00b0 b\u00e1sico) y Categor\u00eda Junior (alumnas de 5\u00b0 a 8\u00b0 b\u00e1sico).<br \/>\nAsimismo se cont\u00f3 con diferentes divisiones de competencia entre ellas, ya sea Individuales, Duplas y Grupales, en los estilos de Jazz y Pomps.<br \/>\nLa Escuela Carmela Carvajal, que es dirigida por su profesora\u2019 Gabriela Lazcano Tapia, particip\u00f3 con su grupo de danza \u2018ECC Danza y Coreograf\u00eda\u2019 en todas las categor\u00edas, con diferentes bailes, obteniendo excelentes resultados, teniendo como competencia a los colegios Pir\u00e1mide, Liceo Mixto, Liceo de Ni\u00f1as, Grupo de danza Estrellitas, entre otros.<br \/>\nLas alumnas participantes fueron Piera Figueroa, prekinder; Anahis Cisternas, segundo b\u00e1sico; Noelia Lazcano, segundo b\u00e1sico; Paz Orrego, segundo b\u00e1sico; Paskal Figueroa, tercero b\u00e1sico; Valentina Allendes, tercero b\u00e1sico; Fernanda Estay, tercero b\u00e1sico; Daniela Henr\u00edquez, tercero b\u00e1sico y Soph\u00eda Valdivia, sexto b\u00e1sico, quienes con su perseverancia, compromiso y responsabilidad lograron los siguientes lugares: Grupal Can-Can, Primer Lugar Fernanda Estay, Paskal Figueroa y Anah\u00eds Cisternas; Grupal Mira Ni\u00f1ita, Segundo Lugar Noelia Lazcano, Paskal Figueroa, Anah\u00eds Cisternas, Fernanda Estay, Daniela Henr\u00edquez, Paz Orrego y Valentina Allendes; Grupal Candy Man, Cuarto Lugar Noelia Lazcano, Valentina Allendes, Daniela Henr\u00edquez y Paz Orrego; Solista Piera Figueroa, Primer Lugar; Solista Anah\u00eds Cisternas, Tercer Lugar; Solista Fernanda Estay, Segundo Lugar; Solista Soph\u00eda Valdivia, Segundo Lugar.<\/p>\n<figure id=\"attachment_75142\" aria-describedby=\"caption-attachment-75142\" style=\"width: 530px\" class=\"wp-caption alignleft\"><a href=\"http:\/\/www.eltrabajo.cl\/portal\/realizan-atractivo-campeonato-interescolar-de-danza-en-el-corina-urbina\/danza-corina-1\/\" rel=\"attachment wp-att-75142\"><img data-recalc-dims=\"1\" loading=\"lazy\" decoding=\"async\" class=\"size-full wp-image-75142\" src=\"https:\/\/i0.wp.com\/www.eltrabajo.cl\/portal\/wp-content\/uploads\/2016\/11\/DANZA-CORINA-1.jpg?resize=530%2C350\" alt=\"Anah\u00eds Cisternas, derrochando en la pista todo su talento para encantar al jurado y al respetable.\" width=\"530\" height=\"350\" srcset=\"https:\/\/i0.wp.com\/eltrabajo.cl\/portal\/wp-content\/uploads\/2016\/11\/DANZA-CORINA-1.jpg?w=530&amp;ssl=1 530w, https:\/\/i0.wp.com\/eltrabajo.cl\/portal\/wp-content\/uploads\/2016\/11\/DANZA-CORINA-1.jpg?resize=200%2C132&amp;ssl=1 200w, https:\/\/i0.wp.com\/eltrabajo.cl\/portal\/wp-content\/uploads\/2016\/11\/DANZA-CORINA-1.jpg?resize=300%2C198&amp;ssl=1 300w, https:\/\/i0.wp.com\/eltrabajo.cl\/portal\/wp-content\/uploads\/2016\/11\/DANZA-CORINA-1.jpg?resize=227%2C150&amp;ssl=1 227w, https:\/\/i0.wp.com\/eltrabajo.cl\/portal\/wp-content\/uploads\/2016\/11\/DANZA-CORINA-1.jpg?resize=400%2C264&amp;ssl=1 400w\" sizes=\"auto, (max-width: 530px) 100vw, 530px\" \/><\/a><figcaption id=\"caption-attachment-75142\" class=\"wp-caption-text\">Anah\u00eds Cisternas, derrochando en la pista todo su talento para encantar al jurado y al respetable.<\/figcaption><\/figure>\n<figure id=\"attachment_75143\" aria-describedby=\"caption-attachment-75143\" style=\"width: 530px\" class=\"wp-caption alignleft\"><a href=\"http:\/\/www.eltrabajo.cl\/portal\/realizan-atractivo-campeonato-interescolar-de-danza-en-el-corina-urbina\/danza-corina-2\/\" rel=\"attachment wp-att-75143\"><img data-recalc-dims=\"1\" loading=\"lazy\" decoding=\"async\" class=\"size-full wp-image-75143\" src=\"https:\/\/i0.wp.com\/www.eltrabajo.cl\/portal\/wp-content\/uploads\/2016\/11\/DANZA-CORINA-2.jpg?resize=530%2C348\" alt=\"Brillante estuvo la presentaci\u00f3n de  Fernanda Estay.\" width=\"530\" height=\"348\" srcset=\"https:\/\/i0.wp.com\/eltrabajo.cl\/portal\/wp-content\/uploads\/2016\/11\/DANZA-CORINA-2.jpg?w=530&amp;ssl=1 530w, https:\/\/i0.wp.com\/eltrabajo.cl\/portal\/wp-content\/uploads\/2016\/11\/DANZA-CORINA-2.jpg?resize=200%2C131&amp;ssl=1 200w, https:\/\/i0.wp.com\/eltrabajo.cl\/portal\/wp-content\/uploads\/2016\/11\/DANZA-CORINA-2.jpg?resize=300%2C197&amp;ssl=1 300w, https:\/\/i0.wp.com\/eltrabajo.cl\/portal\/wp-content\/uploads\/2016\/11\/DANZA-CORINA-2.jpg?resize=228%2C150&amp;ssl=1 228w, https:\/\/i0.wp.com\/eltrabajo.cl\/portal\/wp-content\/uploads\/2016\/11\/DANZA-CORINA-2.jpg?resize=400%2C263&amp;ssl=1 400w\" sizes=\"auto, (max-width: 530px) 100vw, 530px\" \/><\/a><figcaption id=\"caption-attachment-75143\" class=\"wp-caption-text\">Brillante estuvo la presentaci\u00f3n de Fernanda Estay.<\/figcaption><\/figure>\n<figure id=\"attachment_75144\" aria-describedby=\"caption-attachment-75144\" style=\"width: 530px\" class=\"wp-caption alignleft\"><a href=\"http:\/\/www.eltrabajo.cl\/portal\/realizan-atractivo-campeonato-interescolar-de-danza-en-el-corina-urbina\/danza-corina-3\/\" rel=\"attachment wp-att-75144\"><img data-recalc-dims=\"1\" loading=\"lazy\" decoding=\"async\" class=\"size-full wp-image-75144\" src=\"https:\/\/i0.wp.com\/www.eltrabajo.cl\/portal\/wp-content\/uploads\/2016\/11\/DANZA-CORINA-3.jpg?resize=530%2C348\" alt=\"Aplausos y suspiros se apreciaron en el desarrollo de la presentaci\u00f3n art\u00edstica de la tierna Piera Figueroa.\" width=\"530\" height=\"348\" srcset=\"https:\/\/i0.wp.com\/eltrabajo.cl\/portal\/wp-content\/uploads\/2016\/11\/DANZA-CORINA-3.jpg?w=530&amp;ssl=1 530w, https:\/\/i0.wp.com\/eltrabajo.cl\/portal\/wp-content\/uploads\/2016\/11\/DANZA-CORINA-3.jpg?resize=200%2C131&amp;ssl=1 200w, https:\/\/i0.wp.com\/eltrabajo.cl\/portal\/wp-content\/uploads\/2016\/11\/DANZA-CORINA-3.jpg?resize=300%2C197&amp;ssl=1 300w, https:\/\/i0.wp.com\/eltrabajo.cl\/portal\/wp-content\/uploads\/2016\/11\/DANZA-CORINA-3.jpg?resize=228%2C150&amp;ssl=1 228w, https:\/\/i0.wp.com\/eltrabajo.cl\/portal\/wp-content\/uploads\/2016\/11\/DANZA-CORINA-3.jpg?resize=400%2C263&amp;ssl=1 400w\" sizes=\"auto, (max-width: 530px) 100vw, 530px\" \/><\/a><figcaption id=\"caption-attachment-75144\" class=\"wp-caption-text\">Aplausos y suspiros se apreciaron en el desarrollo de la presentaci\u00f3n art\u00edstica de la tierna Piera Figueroa.<\/figcaption><\/figure>\n","protected":false},"excerpt":{"rendered":"<p>Una destacada participaci\u00f3n tuvo la Escuela Carmela Carvajal de Prat en el Primer Certamen de Danza Deportiva realizado el pasado viernes en el Gimnasio del Liceo de Ni\u00f1as Corina Urbina. Los objetivos&#8230;<\/p>\n","protected":false},"author":1,"featured_media":75142,"comment_status":"open","ping_status":"open","sticky":false,"template":"","format":"standard","meta":{"advanced_seo_description":"","jetpack_seo_html_title":"","jetpack_seo_noindex":false,"_jetpack_memberships_contains_paid_content":false,"footnotes":""},"categories":[15],"tags":[],"class_list":["post-75141","post","type-post","status-publish","format-standard","has-post-thumbnail","hentry","category-comunidad"],"jetpack_featured_media_url":"https:\/\/i0.wp.com\/eltrabajo.cl\/portal\/wp-content\/uploads\/2016\/11\/DANZA-CORINA-1.jpg?fit=530%2C350&ssl=1","jetpack_sharing_enabled":true,"jetpack_likes_enabled":true,"jetpack-related-posts":[],"_links":{"self":[{"href":"https:\/\/eltrabajo.cl\/portal\/wp-json\/wp\/v2\/posts\/75141","targetHints":{"allow":["GET"]}}],"collection":[{"href":"https:\/\/eltrabajo.cl\/portal\/wp-json\/wp\/v2\/posts"}],"about":[{"href":"https:\/\/eltrabajo.cl\/portal\/wp-json\/wp\/v2\/types\/post"}],"author":[{"embeddable":true,"href":"https:\/\/eltrabajo.cl\/portal\/wp-json\/wp\/v2\/users\/1"}],"replies":[{"embeddable":true,"href":"https:\/\/eltrabajo.cl\/portal\/wp-json\/wp\/v2\/comments?post=75141"}],"version-history":[{"count":0,"href":"https:\/\/eltrabajo.cl\/portal\/wp-json\/wp\/v2\/posts\/75141\/revisions"}],"wp:featuredmedia":[{"embeddable":true,"href":"https:\/\/eltrabajo.cl\/portal\/wp-json\/wp\/v2\/media\/75142"}],"wp:attachment":[{"href":"https:\/\/eltrabajo.cl\/portal\/wp-json\/wp\/v2\/media?parent=75141"}],"wp:term":[{"taxonomy":"category","embeddable":true,"href":"https:\/\/eltrabajo.cl\/portal\/wp-json\/wp\/v2\/categories?post=75141"},{"taxonomy":"post_tag","embeddable":true,"href":"https:\/\/eltrabajo.cl\/portal\/wp-json\/wp\/v2\/tags?post=75141"}],"curies":[{"name":"wp","href":"https:\/\/api.w.org\/{rel}","templated":true}]}}