{"id":75151,"date":"2016-11-09T09:05:02","date_gmt":"2016-11-09T12:05:02","guid":{"rendered":"http:\/\/www.eltrabajo.cl\/portal\/?p=75151"},"modified":"2016-11-09T09:05:02","modified_gmt":"2016-11-09T12:05:02","slug":"pide-a-conductor-que-lo-atropello-se-haga-responsable-por-su-estado-de-salud","status":"publish","type":"post","link":"https:\/\/eltrabajo.cl\/portal\/pide-a-conductor-que-lo-atropello-se-haga-responsable-por-su-estado-de-salud\/","title":{"rendered":"Pide a conductor que lo atropell\u00f3 se haga responsable por su estado de salud"},"content":{"rendered":"<ul>\n<li><strong>Cristian Patricio Hern\u00e1ndez Gald\u00e1mez, persona discapacitada:<\/strong><\/li>\n<\/ul>\n<p>El cinco de marzo del a\u00f1o 2015, fue un d\u00eda que cambi\u00f3 completamente la vida de Cristian Patricio Hern\u00e1ndez Gald\u00e1mez. Ese d\u00eda a eso de las 21:40 horas, fue atropellado por un autom\u00f3vil cuyo conductor, seg\u00fan Cristian, no se detuvo, atropell\u00e1ndolo violentamente.<br \/>\nEl hecho, ocurrido en el sector El Pino de Tocornal, donde hay unas casas nuevas, cuando Cristian se baj\u00f3 del bus y cruz\u00f3 la calzada.<br \/>\n&#8211; \u201cYo me bajo de la micro, avis\u00e9 y ah\u00ed un auto me atropell\u00f3, el cual no quiso parar. Ah\u00ed me atropellaron, me dijeron que hab\u00eda sido un Mercedes Benz al parecer, el conductor me vio, pero lo peor fue que no par\u00f3 cuando debi\u00f3 hacerlo\u201d, relata el afectado.<br \/>\n<strong>&#8211; \u00bfQu\u00e9 te pas\u00f3 a consecuencia del accidente?<\/strong><br \/>\n&#8211; \u201cQued\u00e9 con epilepsia, perd\u00ed mis dientes, no puedo caminar porque qued\u00e9 con una lesi\u00f3n en un pie, me debo movilizar con un burrito, m\u00e1s adelante debo hacerlo con muletas, pero todav\u00eda no\u201d.<br \/>\nAdem\u00e1s nos cuenta que para subsistir debe vender productos en la calle como parches curitas, \u2018mentitas\u2019, y para llevar a cabo este trabajo debe juntar dinero para pagar locomoci\u00f3n, debido a que se traslada desde el sector de La Higuera de Santa Mar\u00eda a San Felipe, en este trayecto gasta cinco mil pesos en total, dos mil cuando se viene y tres mil cuando se va.<br \/>\n<strong>&#8211; \u00bfQu\u00e9 le pides a la persona que te atropell\u00f3?<\/strong><br \/>\n&#8211; \u201cQue me ayude con algo\u201d.<br \/>\nNos cuenta que al otro d\u00eda del accidente falleci\u00f3 su mam\u00e1.<br \/>\nContarles a nuestros lectores, que junto con sus problemas f\u00edsicos, tambi\u00e9n tiene problemas para hablar, le cuesta expresarse bien.<br \/>\nNos dice que sigue esperando el otorgamiento de una pensi\u00f3n, la cual est\u00e1 en tr\u00e1mite, esperando la visita de una Asistente Social.<br \/>\n\u201cEspero que el hombre que me atropell\u00f3 se acuerde, porque yo estoy as\u00ed por culpa de \u00e9l\u201d, se\u00f1ala.<br \/>\nA Cristian Hern\u00e1ndez lo podemos encontrar diariamente en calle Coimas o Prat de San Felipe.<\/p>\n<figure id=\"attachment_75152\" aria-describedby=\"caption-attachment-75152\" style=\"width: 530px\" class=\"wp-caption alignleft\"><a href=\"http:\/\/www.eltrabajo.cl\/portal\/pide-a-conductor-que-lo-atropello-se-haga-responsable-por-su-estado-de-salud\/cristian\/\" rel=\"attachment wp-att-75152\"><img data-recalc-dims=\"1\" loading=\"lazy\" decoding=\"async\" class=\"size-full wp-image-75152\" src=\"https:\/\/i0.wp.com\/www.eltrabajo.cl\/portal\/wp-content\/uploads\/2016\/11\/Cristian.jpg?resize=530%2C348\" alt=\"As\u00ed podemos encontrar a Cristian Hern\u00e1ndez Gald\u00e1mez, tras el atropello ocurrido en el mes de marzo del 2015 camino a Santa Mar\u00eda.\" width=\"530\" height=\"348\" srcset=\"https:\/\/i0.wp.com\/eltrabajo.cl\/portal\/wp-content\/uploads\/2016\/11\/Cristian.jpg?w=530&amp;ssl=1 530w, https:\/\/i0.wp.com\/eltrabajo.cl\/portal\/wp-content\/uploads\/2016\/11\/Cristian.jpg?resize=200%2C131&amp;ssl=1 200w, https:\/\/i0.wp.com\/eltrabajo.cl\/portal\/wp-content\/uploads\/2016\/11\/Cristian.jpg?resize=300%2C197&amp;ssl=1 300w, https:\/\/i0.wp.com\/eltrabajo.cl\/portal\/wp-content\/uploads\/2016\/11\/Cristian.jpg?resize=228%2C150&amp;ssl=1 228w, https:\/\/i0.wp.com\/eltrabajo.cl\/portal\/wp-content\/uploads\/2016\/11\/Cristian.jpg?resize=400%2C263&amp;ssl=1 400w\" sizes=\"auto, (max-width: 530px) 100vw, 530px\" \/><\/a><figcaption id=\"caption-attachment-75152\" class=\"wp-caption-text\">As\u00ed podemos encontrar a Cristian Hern\u00e1ndez Gald\u00e1mez, tras el atropello ocurrido en el mes de marzo del 2015 camino a Santa Mar\u00eda.<\/figcaption><\/figure>\n","protected":false},"excerpt":{"rendered":"<p>Cristian Patricio Hern\u00e1ndez Gald\u00e1mez, persona discapacitada: El cinco de marzo del a\u00f1o 2015, fue un d\u00eda que cambi\u00f3 completamente la vida de Cristian Patricio Hern\u00e1ndez Gald\u00e1mez. Ese d\u00eda a eso de las&#8230;<\/p>\n","protected":false},"author":1,"featured_media":75152,"comment_status":"open","ping_status":"open","sticky":false,"template":"","format":"standard","meta":{"advanced_seo_description":"","jetpack_seo_html_title":"","jetpack_seo_noindex":false,"_jetpack_memberships_contains_paid_content":false,"footnotes":""},"categories":[15],"tags":[],"class_list":["post-75151","post","type-post","status-publish","format-standard","has-post-thumbnail","hentry","category-comunidad"],"jetpack_featured_media_url":"https:\/\/i0.wp.com\/eltrabajo.cl\/portal\/wp-content\/uploads\/2016\/11\/Cristian.jpg?fit=530%2C348&ssl=1","jetpack_sharing_enabled":true,"jetpack_likes_enabled":true,"jetpack-related-posts":[],"_links":{"self":[{"href":"https:\/\/eltrabajo.cl\/portal\/wp-json\/wp\/v2\/posts\/75151","targetHints":{"allow":["GET"]}}],"collection":[{"href":"https:\/\/eltrabajo.cl\/portal\/wp-json\/wp\/v2\/posts"}],"about":[{"href":"https:\/\/eltrabajo.cl\/portal\/wp-json\/wp\/v2\/types\/post"}],"author":[{"embeddable":true,"href":"https:\/\/eltrabajo.cl\/portal\/wp-json\/wp\/v2\/users\/1"}],"replies":[{"embeddable":true,"href":"https:\/\/eltrabajo.cl\/portal\/wp-json\/wp\/v2\/comments?post=75151"}],"version-history":[{"count":0,"href":"https:\/\/eltrabajo.cl\/portal\/wp-json\/wp\/v2\/posts\/75151\/revisions"}],"wp:featuredmedia":[{"embeddable":true,"href":"https:\/\/eltrabajo.cl\/portal\/wp-json\/wp\/v2\/media\/75152"}],"wp:attachment":[{"href":"https:\/\/eltrabajo.cl\/portal\/wp-json\/wp\/v2\/media?parent=75151"}],"wp:term":[{"taxonomy":"category","embeddable":true,"href":"https:\/\/eltrabajo.cl\/portal\/wp-json\/wp\/v2\/categories?post=75151"},{"taxonomy":"post_tag","embeddable":true,"href":"https:\/\/eltrabajo.cl\/portal\/wp-json\/wp\/v2\/tags?post=75151"}],"curies":[{"name":"wp","href":"https:\/\/api.w.org\/{rel}","templated":true}]}}