{"id":75155,"date":"2016-11-09T09:16:34","date_gmt":"2016-11-09T12:16:34","guid":{"rendered":"http:\/\/www.eltrabajo.cl\/portal\/?p=75155"},"modified":"2016-11-09T09:16:34","modified_gmt":"2016-11-09T12:16:34","slug":"condenan-a-abogado-por-apropiarse-de-15-millones-de-una-trabajadora","status":"publish","type":"post","link":"https:\/\/eltrabajo.cl\/portal\/condenan-a-abogado-por-apropiarse-de-15-millones-de-una-trabajadora\/","title":{"rendered":"Condenan a abogado por apropiarse de $15 millones de una trabajadora"},"content":{"rendered":"<ul>\n<li><strong><span style=\"color: #ff0000;\"> Arriesga pena de tres a\u00f1os de presidio y multa de 15 UTM:<\/span>\u00a0Seg\u00fan las pruebas de la Fiscal\u00eda, el actual condenado habr\u00eda cobrado un cheque por dicha cantidad de dinero que pertenece a la v\u00edctima, por conceptos de indemnizaci\u00f3n por a\u00f1os de servicio en una empresa agr\u00edcola.<\/strong><\/li>\n<\/ul>\n<p>Culpable del delito de apropiaci\u00f3n indebida de 15 millones de pesos, fue considerado por el Tribunal Oral en Lo Penal de San Felipe, el abogado Jos\u00e9 Toro Trejos, tras las pruebas exhibidas por la Fiscal\u00eda, resultando v\u00edctima una trabajadora que nunca logr\u00f3 obtener este dinero por concepto de indemnizaci\u00f3n por a\u00f1os de servicios en una empresa agr\u00edcola de San Felipe.<\/p>\n<figure id=\"attachment_75156\" aria-describedby=\"caption-attachment-75156\" style=\"width: 300px\" class=\"wp-caption alignleft\"><a href=\"http:\/\/www.eltrabajo.cl\/portal\/condenan-a-abogado-por-apropiarse-de-15-millones-de-una-trabajadora\/fiscal-fajardo-2-3\/\" rel=\"attachment wp-att-75156\"><img data-recalc-dims=\"1\" loading=\"lazy\" decoding=\"async\" class=\"size-medium wp-image-75156\" src=\"https:\/\/i0.wp.com\/www.eltrabajo.cl\/portal\/wp-content\/uploads\/2016\/11\/FISCAL-FAJARDO-2-300x198.jpg?resize=300%2C198\" alt=\"Fiscal jefe de San Felipe, Eduardo Fajardo De La Cuba.\" width=\"300\" height=\"198\" srcset=\"https:\/\/i0.wp.com\/eltrabajo.cl\/portal\/wp-content\/uploads\/2016\/11\/FISCAL-FAJARDO-2.jpg?resize=300%2C198&amp;ssl=1 300w, https:\/\/i0.wp.com\/eltrabajo.cl\/portal\/wp-content\/uploads\/2016\/11\/FISCAL-FAJARDO-2.jpg?resize=200%2C132&amp;ssl=1 200w, https:\/\/i0.wp.com\/eltrabajo.cl\/portal\/wp-content\/uploads\/2016\/11\/FISCAL-FAJARDO-2.jpg?resize=228%2C150&amp;ssl=1 228w, https:\/\/i0.wp.com\/eltrabajo.cl\/portal\/wp-content\/uploads\/2016\/11\/FISCAL-FAJARDO-2.jpg?resize=400%2C263&amp;ssl=1 400w, https:\/\/i0.wp.com\/eltrabajo.cl\/portal\/wp-content\/uploads\/2016\/11\/FISCAL-FAJARDO-2.jpg?w=530&amp;ssl=1 530w\" sizes=\"auto, (max-width: 300px) 100vw, 300px\" \/><\/a><figcaption id=\"caption-attachment-75156\" class=\"wp-caption-text\">Fiscal jefe de San Felipe, Eduardo Fajardo De La Cuba.<\/figcaption><\/figure>\n<p>El fiscal jefe del Ministerio P\u00fablico de San Felipe, Eduardo Fajardo De La Cuba, inform\u00f3 a Diario El Trabajo que tras formalizar al actual condenado, se llev\u00f3 a juicio oral por este delito, luego de demostrarse que el abogado Toro, en su calidad de representante de la v\u00edctima, el a\u00f1o 2013 habr\u00eda recibido un cheque por 15 millones de pesos tras llegar a un acuerdo con el s\u00edndico de la empresa que se declar\u00f3 en quiebra.<br \/>\n\u00abEste abogado se apropia de las platas que cobra por concepto de indemnizaci\u00f3n por a\u00f1os de servicio que obtiene de sentencia. La v\u00edctima, quien llega a un acuerdo con el s\u00edndico de la empresa donde trabajaba la se\u00f1ora recibe un concepto de pago por 15 millones de pesos, \u00e9l cobra el cheque y no le rinde cuenta a la se\u00f1ora y se apropia de todo el dinero, nunca quiso reintegrarle los dineros\u00bb.<br \/>\nFajardo afirm\u00f3 que de acuerdo a las pruebas rendidas, el s\u00edndico de la empresa extendi\u00f3 un cheque a nombre del profesional con sus facultades permitidas, sin dar conocimiento a su representada, quien se enter\u00f3 meses despu\u00e9s por terceras personas; \u00aby \u00e9l, lejos de reconocer, niega haber recibido la plata y despu\u00e9s desaparece, pierde todo tipo de contacto con la v\u00edctima, no contesta el tel\u00e9fono, la v\u00edctima no recibe ni un solo peso\u00bb.<br \/>\nToro Trejos arriesga una pena de tres a\u00f1os de presidio m\u00e1s una multa de 15 unidades tributarias mensuales a solicitud de la Fiscal\u00eda, vislumbr\u00e1ndose una condena con pena sustitutiva por no poseer antecedentes delictuales. Sentencia que ser\u00e1 dada a conocer este viernes en el Tribunal Oral en Lo Penal de San Felipe.<br \/>\n<strong>Pablo Salinas Sald\u00edas<\/strong><\/p>\n<figure id=\"attachment_75157\" aria-describedby=\"caption-attachment-75157\" style=\"width: 530px\" class=\"wp-caption alignleft\"><a href=\"http:\/\/www.eltrabajo.cl\/portal\/condenan-a-abogado-por-apropiarse-de-15-millones-de-una-trabajadora\/maletin-abogado\/\" rel=\"attachment wp-att-75157\"><img data-recalc-dims=\"1\" loading=\"lazy\" decoding=\"async\" class=\"size-full wp-image-75157\" src=\"https:\/\/i0.wp.com\/www.eltrabajo.cl\/portal\/wp-content\/uploads\/2016\/11\/maletin-abogado.jpg?resize=530%2C349\" alt=\"El abogado recibi\u00f3 15 millones de pesos como indemnizaci\u00f3n para la trabajadora, cobra el cheque y no le rinde cuenta a la mujer.\" width=\"530\" height=\"349\" srcset=\"https:\/\/i0.wp.com\/eltrabajo.cl\/portal\/wp-content\/uploads\/2016\/11\/maletin-abogado.jpg?w=530&amp;ssl=1 530w, https:\/\/i0.wp.com\/eltrabajo.cl\/portal\/wp-content\/uploads\/2016\/11\/maletin-abogado.jpg?resize=200%2C132&amp;ssl=1 200w, https:\/\/i0.wp.com\/eltrabajo.cl\/portal\/wp-content\/uploads\/2016\/11\/maletin-abogado.jpg?resize=300%2C198&amp;ssl=1 300w, https:\/\/i0.wp.com\/eltrabajo.cl\/portal\/wp-content\/uploads\/2016\/11\/maletin-abogado.jpg?resize=228%2C150&amp;ssl=1 228w, https:\/\/i0.wp.com\/eltrabajo.cl\/portal\/wp-content\/uploads\/2016\/11\/maletin-abogado.jpg?resize=400%2C263&amp;ssl=1 400w\" sizes=\"auto, (max-width: 530px) 100vw, 530px\" \/><\/a><figcaption id=\"caption-attachment-75157\" class=\"wp-caption-text\">El abogado recibi\u00f3 15 millones de pesos como indemnizaci\u00f3n para la trabajadora, cobra el cheque y no le rinde cuenta a la mujer.<\/figcaption><\/figure>\n<p>&nbsp;<\/p>\n","protected":false},"excerpt":{"rendered":"<p>Arriesga pena de tres a\u00f1os de presidio y multa de 15 UTM:\u00a0Seg\u00fan las pruebas de la Fiscal\u00eda, el actual condenado habr\u00eda cobrado un cheque por dicha cantidad de dinero que pertenece a&#8230;<\/p>\n","protected":false},"author":1,"featured_media":75157,"comment_status":"open","ping_status":"open","sticky":false,"template":"","format":"standard","meta":{"advanced_seo_description":"","jetpack_seo_html_title":"","jetpack_seo_noindex":false,"_jetpack_memberships_contains_paid_content":false,"footnotes":""},"categories":[21],"tags":[],"class_list":["post-75155","post","type-post","status-publish","format-standard","has-post-thumbnail","hentry","category-policial"],"jetpack_featured_media_url":"https:\/\/i0.wp.com\/eltrabajo.cl\/portal\/wp-content\/uploads\/2016\/11\/maletin-abogado.jpg?fit=530%2C349&ssl=1","jetpack_sharing_enabled":true,"jetpack_likes_enabled":true,"jetpack-related-posts":[],"_links":{"self":[{"href":"https:\/\/eltrabajo.cl\/portal\/wp-json\/wp\/v2\/posts\/75155","targetHints":{"allow":["GET"]}}],"collection":[{"href":"https:\/\/eltrabajo.cl\/portal\/wp-json\/wp\/v2\/posts"}],"about":[{"href":"https:\/\/eltrabajo.cl\/portal\/wp-json\/wp\/v2\/types\/post"}],"author":[{"embeddable":true,"href":"https:\/\/eltrabajo.cl\/portal\/wp-json\/wp\/v2\/users\/1"}],"replies":[{"embeddable":true,"href":"https:\/\/eltrabajo.cl\/portal\/wp-json\/wp\/v2\/comments?post=75155"}],"version-history":[{"count":0,"href":"https:\/\/eltrabajo.cl\/portal\/wp-json\/wp\/v2\/posts\/75155\/revisions"}],"wp:featuredmedia":[{"embeddable":true,"href":"https:\/\/eltrabajo.cl\/portal\/wp-json\/wp\/v2\/media\/75157"}],"wp:attachment":[{"href":"https:\/\/eltrabajo.cl\/portal\/wp-json\/wp\/v2\/media?parent=75155"}],"wp:term":[{"taxonomy":"category","embeddable":true,"href":"https:\/\/eltrabajo.cl\/portal\/wp-json\/wp\/v2\/categories?post=75155"},{"taxonomy":"post_tag","embeddable":true,"href":"https:\/\/eltrabajo.cl\/portal\/wp-json\/wp\/v2\/tags?post=75155"}],"curies":[{"name":"wp","href":"https:\/\/api.w.org\/{rel}","templated":true}]}}