{"id":75164,"date":"2016-11-10T09:15:48","date_gmt":"2016-11-10T12:15:48","guid":{"rendered":"http:\/\/www.eltrabajo.cl\/portal\/?p=75164"},"modified":"2016-11-10T09:15:48","modified_gmt":"2016-11-10T12:15:48","slug":"cesfam-iturra-sera-el-primer-edificio-publico-con-eficiencia-energetica","status":"publish","type":"post","link":"https:\/\/eltrabajo.cl\/portal\/cesfam-iturra-sera-el-primer-edificio-publico-con-eficiencia-energetica\/","title":{"rendered":"Cesfam Iturra ser\u00e1 el primer edificio p\u00fablico con eficiencia energ\u00e9tica"},"content":{"rendered":"<ul>\n<li><strong><span style=\"color: #ff0000;\">Permitir\u00e1 a su vez un ahorro anual de 3 millones de pesos:<\/span>\u00a0Con recursos del Ministerio de Energ\u00eda, a trav\u00e9s del programa \u2018Techos Solares P\u00fablicos\u2019, la Municipalidad de San Felipe ejecutar\u00e1 un proyecto, que permitir\u00e1 favorecer un mayor ahorro en las cuentas de electricidad, luego de ser aprobados los recursos para dotar de energ\u00eda fotovoltaica al Cesfam Segismundo Iturra.<\/strong><\/li>\n<\/ul>\n<p>Desde hace dos a\u00f1os, la corporaci\u00f3n edilicia est\u00e1 trabajando con esta cartera de gobierno para avanzar en esta materia, cumpliendo as\u00ed una medida dispuesta por el alcalde Patricio Freire, de favorecer la generaci\u00f3n de energ\u00edas limpias y es as\u00ed, que inicialmente se efectu\u00f3 un diagn\u00f3stico de los inmuebles municipales.<br \/>\nFinalmente, la Secretar\u00eda Comunal de Planificaci\u00f3n, Secpla, postul\u00f3 un proyecto al Programa \u2018Techos Solares P\u00fablicos\u2019, logrando la adjudicaci\u00f3n de recursos para implementar este sistema en el edificio del Cesfam Segismundo Iturra, lo que por cierto, favorecer\u00e1 un ahorro importante de recursos.<br \/>\n\u201cPrimero se hizo un diagn\u00f3stico y posteriormente una prefactibilidad, para postular despu\u00e9s un edificio p\u00fablico municipal y adjudicar un proyecto de techos solares. El edificio que se adjudic\u00f3 recursos, el Cesfam Segismundo Iturra, se invertir\u00e1n 30 millones de pesos para el desarrollo de esta iniciativa\u201d, dijo Claudio Paredes.<br \/>\nSe trata de una inversi\u00f3n que permitir\u00e1 a su vez un ahorro anual de 3 millones de pesos, aproximadamente, por concepto de gastos de suministro el\u00e9ctrico en el recinto de salud municipal.<br \/>\nEn febrero, se iniciar\u00e1 la ejecuci\u00f3n de esta obra, que significa la instalaci\u00f3n de paneles fotovoltaicos, por medio de los cuales se aprovecha la energ\u00eda solar para la generaci\u00f3n de electricidad.<br \/>\nLa intenci\u00f3n de la administraci\u00f3n del alcalde Freire, es lograr la aprobaci\u00f3n de fondos para desarrollar esta iniciativa en otros recintos p\u00fablicos, como escuelas y liceos, pero tambi\u00e9n espacios de atenci\u00f3n municipal, lo que no solo permite ahorrar, sino tambi\u00e9n contribuir en materia de eficiencia energ\u00e9tica y cuidado del medio ambiente.<\/p>\n<figure id=\"attachment_75165\" aria-describedby=\"caption-attachment-75165\" style=\"width: 530px\" class=\"wp-caption alignleft\"><a href=\"http:\/\/www.eltrabajo.cl\/portal\/cesfam-iturra-sera-el-primer-edificio-publico-con-eficiencia-energetica\/cesfam-iturra\/\" rel=\"attachment wp-att-75165\"><img data-recalc-dims=\"1\" loading=\"lazy\" decoding=\"async\" class=\"size-full wp-image-75165\" src=\"https:\/\/i0.wp.com\/www.eltrabajo.cl\/portal\/wp-content\/uploads\/2016\/11\/cesfam-Iturra.jpg?resize=530%2C349\" alt=\"En febrero, se iniciar\u00e1 la ejecuci\u00f3n de las obras en el Cesfam, lo que significa la instalaci\u00f3n de paneles fotovoltaicos, por medio de los cuales se aprovecha la energ\u00eda solar para la generaci\u00f3n de electricidad.\" width=\"530\" height=\"349\" srcset=\"https:\/\/i0.wp.com\/eltrabajo.cl\/portal\/wp-content\/uploads\/2016\/11\/cesfam-Iturra.jpg?w=530&amp;ssl=1 530w, https:\/\/i0.wp.com\/eltrabajo.cl\/portal\/wp-content\/uploads\/2016\/11\/cesfam-Iturra.jpg?resize=200%2C132&amp;ssl=1 200w, https:\/\/i0.wp.com\/eltrabajo.cl\/portal\/wp-content\/uploads\/2016\/11\/cesfam-Iturra.jpg?resize=300%2C198&amp;ssl=1 300w, https:\/\/i0.wp.com\/eltrabajo.cl\/portal\/wp-content\/uploads\/2016\/11\/cesfam-Iturra.jpg?resize=228%2C150&amp;ssl=1 228w, https:\/\/i0.wp.com\/eltrabajo.cl\/portal\/wp-content\/uploads\/2016\/11\/cesfam-Iturra.jpg?resize=400%2C263&amp;ssl=1 400w\" sizes=\"auto, (max-width: 530px) 100vw, 530px\" \/><\/a><figcaption id=\"caption-attachment-75165\" class=\"wp-caption-text\">En febrero, se iniciar\u00e1 la ejecuci\u00f3n de las obras en el Cesfam, lo que significa la instalaci\u00f3n de paneles fotovoltaicos, por medio de los cuales se aprovecha la energ\u00eda solar para la generaci\u00f3n de electricidad.<\/figcaption><\/figure>\n","protected":false},"excerpt":{"rendered":"<p>Permitir\u00e1 a su vez un ahorro anual de 3 millones de pesos:\u00a0Con recursos del Ministerio de Energ\u00eda, a trav\u00e9s del programa \u2018Techos Solares P\u00fablicos\u2019, la Municipalidad de San Felipe ejecutar\u00e1 un proyecto,&#8230;<\/p>\n","protected":false},"author":1,"featured_media":75165,"comment_status":"open","ping_status":"open","sticky":false,"template":"","format":"standard","meta":{"advanced_seo_description":"","jetpack_seo_html_title":"","jetpack_seo_noindex":false,"_jetpack_memberships_contains_paid_content":false,"footnotes":""},"categories":[1],"tags":[],"class_list":["post-75164","post","type-post","status-publish","format-standard","has-post-thumbnail","hentry","category-cronica"],"jetpack_featured_media_url":"https:\/\/i0.wp.com\/eltrabajo.cl\/portal\/wp-content\/uploads\/2016\/11\/cesfam-Iturra.jpg?fit=530%2C349&ssl=1","jetpack_sharing_enabled":true,"jetpack_likes_enabled":true,"jetpack-related-posts":[],"_links":{"self":[{"href":"https:\/\/eltrabajo.cl\/portal\/wp-json\/wp\/v2\/posts\/75164","targetHints":{"allow":["GET"]}}],"collection":[{"href":"https:\/\/eltrabajo.cl\/portal\/wp-json\/wp\/v2\/posts"}],"about":[{"href":"https:\/\/eltrabajo.cl\/portal\/wp-json\/wp\/v2\/types\/post"}],"author":[{"embeddable":true,"href":"https:\/\/eltrabajo.cl\/portal\/wp-json\/wp\/v2\/users\/1"}],"replies":[{"embeddable":true,"href":"https:\/\/eltrabajo.cl\/portal\/wp-json\/wp\/v2\/comments?post=75164"}],"version-history":[{"count":0,"href":"https:\/\/eltrabajo.cl\/portal\/wp-json\/wp\/v2\/posts\/75164\/revisions"}],"wp:featuredmedia":[{"embeddable":true,"href":"https:\/\/eltrabajo.cl\/portal\/wp-json\/wp\/v2\/media\/75165"}],"wp:attachment":[{"href":"https:\/\/eltrabajo.cl\/portal\/wp-json\/wp\/v2\/media?parent=75164"}],"wp:term":[{"taxonomy":"category","embeddable":true,"href":"https:\/\/eltrabajo.cl\/portal\/wp-json\/wp\/v2\/categories?post=75164"},{"taxonomy":"post_tag","embeddable":true,"href":"https:\/\/eltrabajo.cl\/portal\/wp-json\/wp\/v2\/tags?post=75164"}],"curies":[{"name":"wp","href":"https:\/\/api.w.org\/{rel}","templated":true}]}}