{"id":75168,"date":"2016-11-10T09:33:30","date_gmt":"2016-11-10T12:33:30","guid":{"rendered":"http:\/\/www.eltrabajo.cl\/portal\/?p=75168"},"modified":"2016-11-10T09:33:30","modified_gmt":"2016-11-10T12:33:30","slug":"san-felipe-es-una-de-las-sedes-de-1o-olimpiadas-de-habilidades-tecnicas-desarrolladas-a-nivel-nacional","status":"publish","type":"post","link":"https:\/\/eltrabajo.cl\/portal\/san-felipe-es-una-de-las-sedes-de-1o-olimpiadas-de-habilidades-tecnicas-desarrolladas-a-nivel-nacional\/","title":{"rendered":"San Felipe es una de las sedes de \u20181\u00ba Olimpiadas de Habilidades T\u00e9cnicas\u2019 desarrolladas a nivel nacional"},"content":{"rendered":"<ul>\n<li><strong>Competencia pretende medir y mejorar la formaci\u00f3n T\u00e9cnico-Profesional, a trav\u00e9s de diversas pruebas pr\u00e1cticas que son evaluadas por expertos, quienes definir\u00e1n a los ganadores bas\u00e1ndose en est\u00e1ndares internacionales.<\/strong><\/li>\n<\/ul>\n<p>El Escuela Industrial de San Felipe, Guillermo Richards Cuevas, es una de las sedes de las I Olimpiadas de Habilidades T\u00e9cnicas, iniciativa impulsada por la Fundaci\u00f3n WorldsSkills Chile, que se desarrolla de forma paralela en distintas comunas del pa\u00eds y que busca promover y mejorar la formaci\u00f3n t\u00e9cnica en los distintos establecimientos de ense\u00f1anza media T\u00e9cnico-Profesional, Centros de Formaci\u00f3n T\u00e9cnica e Institutos Profesionales, a trav\u00e9s de una competencia que utiliza evaluaci\u00f3n con par\u00e1metros de calidad internacionales.<br \/>\nEn el caso de la Escuela Industrial, se est\u00e1 desarrollando desde ayer la competencia en el \u00e1rea de Instalaciones Sanitarias o Fontaner\u00eda, en la cual participan el Instituto Profesional Santo Tom\u00e1s de Concepci\u00f3n, el Liceo Industrial Ingeniero Fenner Ruedi de la comuna de La Uni\u00f3n, el Liceo de Panguipulli y la Escuela Industrial de San Felipe.<br \/>\nHugo Fuentes, delegado t\u00e9cnico de WorldSkills Chile en el \u00e1rea de Instalaciones Sanitarias o Fontaner\u00eda, detall\u00f3 cu\u00e1les son las condiciones en las que se desarrolla la competencia, describiendo que \u201cen un plazo de 14 horas (entre ayer mi\u00e9rcoles y ma\u00f1ana viernes), los j\u00f3venes entre 15 y 21 a\u00f1os van a tener que hacer una instalaci\u00f3n sanitaria completa, evaluados por 3 expertos, quienes pondr\u00e1n nota de forma objetiva de acuerdo a los est\u00e1ndares internacionales, sali\u00e9ndose de la escuela de evaluaci\u00f3n utilizada en Chile\u201d, aport\u00f3.<\/p>\n<figure id=\"attachment_75169\" aria-describedby=\"caption-attachment-75169\" style=\"width: 300px\" class=\"wp-caption alignleft\"><a href=\"http:\/\/www.eltrabajo.cl\/portal\/san-felipe-es-una-de-las-sedes-de-1o-olimpiadas-de-habilidades-tecnicas-desarrolladas-a-nivel-nacional\/hugo-fuents\/\" rel=\"attachment wp-att-75169\"><img data-recalc-dims=\"1\" loading=\"lazy\" decoding=\"async\" class=\"wp-image-75169 size-medium\" src=\"https:\/\/i0.wp.com\/www.eltrabajo.cl\/portal\/wp-content\/uploads\/2016\/11\/HUGO-FUENTS-300x197.jpg?resize=300%2C197\" alt=\"Hugo Fuentes, delegado t\u00e9cnico de WorldSkills Chile.\" width=\"300\" height=\"197\" srcset=\"https:\/\/i0.wp.com\/eltrabajo.cl\/portal\/wp-content\/uploads\/2016\/11\/HUGO-FUENTS.jpg?resize=300%2C197&amp;ssl=1 300w, https:\/\/i0.wp.com\/eltrabajo.cl\/portal\/wp-content\/uploads\/2016\/11\/HUGO-FUENTS.jpg?resize=200%2C131&amp;ssl=1 200w, https:\/\/i0.wp.com\/eltrabajo.cl\/portal\/wp-content\/uploads\/2016\/11\/HUGO-FUENTS.jpg?resize=228%2C150&amp;ssl=1 228w, https:\/\/i0.wp.com\/eltrabajo.cl\/portal\/wp-content\/uploads\/2016\/11\/HUGO-FUENTS.jpg?resize=400%2C263&amp;ssl=1 400w, https:\/\/i0.wp.com\/eltrabajo.cl\/portal\/wp-content\/uploads\/2016\/11\/HUGO-FUENTS.jpg?w=530&amp;ssl=1 530w\" sizes=\"auto, (max-width: 300px) 100vw, 300px\" \/><\/a><figcaption id=\"caption-attachment-75169\" class=\"wp-caption-text\">Hugo Fuentes, delegado t\u00e9cnico de WorldSkills Chile.<\/figcaption><\/figure>\n<p>De acuerdo a lo manifestado por Fuentes, este tipo de innovaciones en el mundo de la formaci\u00f3n T\u00e9cnico-Profesional, no s\u00f3lo buscan incentivar el ingreso de alumnos a este tipo de carreras, sino que, a la vez, pretenden mejorarlas en distintos aspectos: uno de los m\u00e1s importante -asevera &#8211; es poder cambiar la mentalidad en Chile en general y comenzar a valorar, socialmente,la importancia de un t\u00e9cnico en la competitividad industrial del Pa\u00edsy no mirarlo como un elemento de segunda clase.<br \/>\n\u201cEsa es una categorizaci\u00f3n que no corresponde, seg\u00fan un n\u00famero p\u00fablico en Chile faltan alrededor de 450 mil t\u00e9cnicos, pero no es que falten, sino que necesitamos t\u00e9cnicos con la capacidad de desarrollarse profesionalmente y ese desempe\u00f1o es lo que mide la WorldSkills International. A trav\u00e9s deesta competencia interna, podemos ver si lo que estamos haciendo en la sala de clases, cumple con el formato de ense\u00f1anza y exigencia internacional\u201d, precis\u00f3 el representante de la Multinacional.<br \/>\nLas Olimpiadas consideran tambi\u00e9n competencias en otras habilidades, como por ejemplo, la desarrollada desde el d\u00eda s\u00e1bado en la comuna de La Uni\u00f3n, donde se efectu\u00f3 el concurso en Instalaciones el\u00e9ctricas. En Huechuraba, se implement\u00f3 la medici\u00f3n en Mecatr\u00f3nica y Rob\u00f3tica M\u00f3vil; en \u00d1u\u00f1oa, se trabaj\u00f3 con Dise\u00f1o en Autocad y Soldadura; en Buin, se ejecut\u00f3 Paisajismo, con dise\u00f1o y construcci\u00f3n de jardines, mientras que en Alto Hospicio (Iquique), la habilidad de Control Industrial<br \/>\nChiles es el pa\u00eds nro. 68 de un total de 75 pa\u00edses que integran el WorldSkills International. Desde el a\u00f1o 2011 a la fecha, Chile ha participado en 2 competencias internacionales -Alemania y Brasil- y concursado en dos torneos americanos -Colombia y Brasil-, adem\u00e1s de ser observadores en Londres 2011.<\/p>\n<figure id=\"attachment_75170\" aria-describedby=\"caption-attachment-75170\" style=\"width: 530px\" class=\"wp-caption alignleft\"><a href=\"http:\/\/www.eltrabajo.cl\/portal\/san-felipe-es-una-de-las-sedes-de-1o-olimpiadas-de-habilidades-tecnicas-desarrolladas-a-nivel-nacional\/foto-2-en-el-liceo-industrial-guillermo-richard-cuevas\/\" rel=\"attachment wp-att-75170\"><img data-recalc-dims=\"1\" loading=\"lazy\" decoding=\"async\" class=\"size-full wp-image-75170\" src=\"https:\/\/i0.wp.com\/www.eltrabajo.cl\/portal\/wp-content\/uploads\/2016\/11\/FOTO-2-En-el-Liceo-Industrial-Guillermo-Richard-Cuevas.jpg?resize=530%2C348\" alt=\"En el Liceo Industrial, Guillermo Richard Cuevas de San Felipe, se desarrollan las 1\u00ba Olimpiadas de Habilidades T\u00e9cnicas, competencia de Instalaciones Sanitarias.\" width=\"530\" height=\"348\" srcset=\"https:\/\/i0.wp.com\/eltrabajo.cl\/portal\/wp-content\/uploads\/2016\/11\/FOTO-2-En-el-Liceo-Industrial-Guillermo-Richard-Cuevas.jpg?w=530&amp;ssl=1 530w, https:\/\/i0.wp.com\/eltrabajo.cl\/portal\/wp-content\/uploads\/2016\/11\/FOTO-2-En-el-Liceo-Industrial-Guillermo-Richard-Cuevas.jpg?resize=200%2C131&amp;ssl=1 200w, https:\/\/i0.wp.com\/eltrabajo.cl\/portal\/wp-content\/uploads\/2016\/11\/FOTO-2-En-el-Liceo-Industrial-Guillermo-Richard-Cuevas.jpg?resize=300%2C197&amp;ssl=1 300w, https:\/\/i0.wp.com\/eltrabajo.cl\/portal\/wp-content\/uploads\/2016\/11\/FOTO-2-En-el-Liceo-Industrial-Guillermo-Richard-Cuevas.jpg?resize=228%2C150&amp;ssl=1 228w, https:\/\/i0.wp.com\/eltrabajo.cl\/portal\/wp-content\/uploads\/2016\/11\/FOTO-2-En-el-Liceo-Industrial-Guillermo-Richard-Cuevas.jpg?resize=400%2C263&amp;ssl=1 400w\" sizes=\"auto, (max-width: 530px) 100vw, 530px\" \/><\/a><figcaption id=\"caption-attachment-75170\" class=\"wp-caption-text\">En el Liceo Industrial, Guillermo Richard Cuevas de San Felipe, se desarrollan las 1\u00ba Olimpiadas de Habilidades T\u00e9cnicas, competencia de Instalaciones Sanitarias.<\/figcaption><\/figure>\n","protected":false},"excerpt":{"rendered":"<p>Competencia pretende medir y mejorar la formaci\u00f3n T\u00e9cnico-Profesional, a trav\u00e9s de diversas pruebas pr\u00e1cticas que son evaluadas por expertos, quienes definir\u00e1n a los ganadores bas\u00e1ndose en est\u00e1ndares internacionales. El Escuela Industrial de&#8230;<\/p>\n","protected":false},"author":1,"featured_media":75170,"comment_status":"open","ping_status":"open","sticky":false,"template":"","format":"standard","meta":{"advanced_seo_description":"","jetpack_seo_html_title":"","jetpack_seo_noindex":false,"_jetpack_memberships_contains_paid_content":false,"footnotes":""},"categories":[1],"tags":[],"class_list":["post-75168","post","type-post","status-publish","format-standard","has-post-thumbnail","hentry","category-cronica"],"jetpack_featured_media_url":"https:\/\/i0.wp.com\/eltrabajo.cl\/portal\/wp-content\/uploads\/2016\/11\/FOTO-2-En-el-Liceo-Industrial-Guillermo-Richard-Cuevas.jpg?fit=530%2C348&ssl=1","jetpack_sharing_enabled":true,"jetpack_likes_enabled":true,"jetpack-related-posts":[],"_links":{"self":[{"href":"https:\/\/eltrabajo.cl\/portal\/wp-json\/wp\/v2\/posts\/75168","targetHints":{"allow":["GET"]}}],"collection":[{"href":"https:\/\/eltrabajo.cl\/portal\/wp-json\/wp\/v2\/posts"}],"about":[{"href":"https:\/\/eltrabajo.cl\/portal\/wp-json\/wp\/v2\/types\/post"}],"author":[{"embeddable":true,"href":"https:\/\/eltrabajo.cl\/portal\/wp-json\/wp\/v2\/users\/1"}],"replies":[{"embeddable":true,"href":"https:\/\/eltrabajo.cl\/portal\/wp-json\/wp\/v2\/comments?post=75168"}],"version-history":[{"count":0,"href":"https:\/\/eltrabajo.cl\/portal\/wp-json\/wp\/v2\/posts\/75168\/revisions"}],"wp:featuredmedia":[{"embeddable":true,"href":"https:\/\/eltrabajo.cl\/portal\/wp-json\/wp\/v2\/media\/75170"}],"wp:attachment":[{"href":"https:\/\/eltrabajo.cl\/portal\/wp-json\/wp\/v2\/media?parent=75168"}],"wp:term":[{"taxonomy":"category","embeddable":true,"href":"https:\/\/eltrabajo.cl\/portal\/wp-json\/wp\/v2\/categories?post=75168"},{"taxonomy":"post_tag","embeddable":true,"href":"https:\/\/eltrabajo.cl\/portal\/wp-json\/wp\/v2\/tags?post=75168"}],"curies":[{"name":"wp","href":"https:\/\/api.w.org\/{rel}","templated":true}]}}