{"id":75175,"date":"2016-11-10T09:38:05","date_gmt":"2016-11-10T12:38:05","guid":{"rendered":"http:\/\/www.eltrabajo.cl\/portal\/?p=75175"},"modified":"2016-11-10T09:38:06","modified_gmt":"2016-11-10T12:38:06","slug":"transportistas-escolares-de-san-felipe-se-manifestaron-en-el-centro-de-la-ciudad","status":"publish","type":"post","link":"https:\/\/eltrabajo.cl\/portal\/transportistas-escolares-de-san-felipe-se-manifestaron-en-el-centro-de-la-ciudad\/","title":{"rendered":"Transportistas Escolares de San Felipe se manifestaron en el centro de la ciudad"},"content":{"rendered":"<ul>\n<li><strong>Se sumaron a protesta de car\u00e1cter nacional, que busca ser incluidos en la entrega de dineros para subsidio de combustible, renovaci\u00f3n de material de trabajo y cierre del parque de transporte escolar.<\/strong><\/li>\n<\/ul>\n<p>Cerca de las 11 horas de ayer, el centro de San Felipe se vio bruscamente interrumpido, no s\u00f3lo por las manifestaciones que realizaban los trabajadores del sector p\u00fablico -quienes a\u00fan no llegan a acuerdo con el Gobierno por el reajuste salarial del a\u00f1o 2017-, sino que tambi\u00e9n, por una cincuentena de furgones escolares, los cuales, en caravana se sumaron a la movilizaci\u00f3n nacional convocada por la Confederaci\u00f3n Nacional de Transporte Escolar y Turismo de Chile, Confentetuch, exigiendo la entrega de un bono compensatorioque el Estado le entrega al resto de los transportes y del cual han sido marginados.<\/p>\n<figure id=\"attachment_75177\" aria-describedby=\"caption-attachment-75177\" style=\"width: 300px\" class=\"wp-caption alignleft\"><a href=\"http:\/\/www.eltrabajo.cl\/portal\/transportistas-escolares-de-san-felipe-se-manifestaron-en-el-centro-de-la-ciudad\/foto-1-rossana-cerda\/\" rel=\"attachment wp-att-75177\"><img data-recalc-dims=\"1\" loading=\"lazy\" decoding=\"async\" class=\"wp-image-75177 size-medium\" src=\"https:\/\/i0.wp.com\/www.eltrabajo.cl\/portal\/wp-content\/uploads\/2016\/11\/Foto-1-Rossana-Cerda-300x197.jpg?resize=300%2C197\" alt=\"Rossana Cerda, presidenta Ateac.\" width=\"300\" height=\"197\" srcset=\"https:\/\/i0.wp.com\/eltrabajo.cl\/portal\/wp-content\/uploads\/2016\/11\/Foto-1-Rossana-Cerda.jpg?resize=300%2C197&amp;ssl=1 300w, https:\/\/i0.wp.com\/eltrabajo.cl\/portal\/wp-content\/uploads\/2016\/11\/Foto-1-Rossana-Cerda.jpg?resize=200%2C131&amp;ssl=1 200w, https:\/\/i0.wp.com\/eltrabajo.cl\/portal\/wp-content\/uploads\/2016\/11\/Foto-1-Rossana-Cerda.jpg?resize=228%2C150&amp;ssl=1 228w, https:\/\/i0.wp.com\/eltrabajo.cl\/portal\/wp-content\/uploads\/2016\/11\/Foto-1-Rossana-Cerda.jpg?resize=400%2C263&amp;ssl=1 400w, https:\/\/i0.wp.com\/eltrabajo.cl\/portal\/wp-content\/uploads\/2016\/11\/Foto-1-Rossana-Cerda.jpg?w=530&amp;ssl=1 530w\" sizes=\"auto, (max-width: 300px) 100vw, 300px\" \/><\/a><figcaption id=\"caption-attachment-75177\" class=\"wp-caption-text\">Rossana Cerda, presidenta Ateac.<\/figcaption><\/figure>\n<p>Rossana Cerda, presidenta de la Asociaci\u00f3n de Transportistas Escolares de Aconcagua, Ateac, manifest\u00f3 que el objetivo de la manifestaci\u00f3n es que su gremio sea considerado para el a\u00f1o 2017 en la entrega de estos dineros, que les servir\u00eda para renovar o mejorar su flota de veh\u00edculos.<br \/>\n\u00abLa movilizaci\u00f3n es a nivel nacional y el objetivo de \u00e9sta, es un bono compensatorio que nosotros estamos pidiendo, ya que, se lo dieron a todo el resto del transporte y a nosotros nos excluyeron (\u2026) nosotros esperamos que el pr\u00f3ximo a\u00f1o se nos considere en los bonos que se le dan, por ejemplo, a los colectivos, con el cual se subsidia el petr\u00f3leo, se cambian las m\u00e1quinas, etc\u00bb, decret\u00f3 Cerda.<br \/>\nRespecto de la convocatoria lograda, la dirigente determin\u00f3 que \u00abestuvo buen\u00edsima, asistieron gran parte de nuestros colegas, yo por mi parte vine a la Gobernaci\u00f3n e hice la a entrega de una carta al Gobernador con nuestras peticiones\u00bb, plante\u00f3.<br \/>\nSe estima, que el gremio de transportistas escolares, moviliza a m\u00e1s de 1 mill\u00f3n de estudiantes diariamente. Junto con la entrega del bono compensatorio, los dirigentes piden la entrega de un subsidio de renovaci\u00f3n de material de trabajo -argumentando que esto permitir\u00eda disminuir los \u00edndices de contaminaci\u00f3n y mejorar la seguridad de los ni\u00f1os- y el cierre del parque de transporte escolar, para que no puedan ser incluidos m\u00e1s transportistas.<\/p>\n<figure id=\"attachment_75176\" aria-describedby=\"caption-attachment-75176\" style=\"width: 530px\" class=\"wp-caption alignleft\"><a href=\"http:\/\/www.eltrabajo.cl\/portal\/transportistas-escolares-de-san-felipe-se-manifestaron-en-el-centro-de-la-ciudad\/foto-2-alrededor-de-50-furgones\/\" rel=\"attachment wp-att-75176\"><img data-recalc-dims=\"1\" loading=\"lazy\" decoding=\"async\" class=\"size-full wp-image-75176\" src=\"https:\/\/i0.wp.com\/www.eltrabajo.cl\/portal\/wp-content\/uploads\/2016\/11\/Foto-2-Alrededor-de-50-furgones.jpg?resize=530%2C348\" alt=\"Alrededor de 50 furgones escolares se plegaron a la movilizaci\u00f3n de car\u00e1cter nacional, que demanda bono compensatorio para el a\u00f1o 2017.\" width=\"530\" height=\"348\" srcset=\"https:\/\/i0.wp.com\/eltrabajo.cl\/portal\/wp-content\/uploads\/2016\/11\/Foto-2-Alrededor-de-50-furgones.jpg?w=530&amp;ssl=1 530w, https:\/\/i0.wp.com\/eltrabajo.cl\/portal\/wp-content\/uploads\/2016\/11\/Foto-2-Alrededor-de-50-furgones.jpg?resize=200%2C131&amp;ssl=1 200w, https:\/\/i0.wp.com\/eltrabajo.cl\/portal\/wp-content\/uploads\/2016\/11\/Foto-2-Alrededor-de-50-furgones.jpg?resize=300%2C197&amp;ssl=1 300w, https:\/\/i0.wp.com\/eltrabajo.cl\/portal\/wp-content\/uploads\/2016\/11\/Foto-2-Alrededor-de-50-furgones.jpg?resize=228%2C150&amp;ssl=1 228w, https:\/\/i0.wp.com\/eltrabajo.cl\/portal\/wp-content\/uploads\/2016\/11\/Foto-2-Alrededor-de-50-furgones.jpg?resize=400%2C263&amp;ssl=1 400w\" sizes=\"auto, (max-width: 530px) 100vw, 530px\" \/><\/a><figcaption id=\"caption-attachment-75176\" class=\"wp-caption-text\">Alrededor de 50 furgones escolares se plegaron a la movilizaci\u00f3n de car\u00e1cter nacional, que demanda bono compensatorio para el a\u00f1o 2017.<\/figcaption><\/figure>\n","protected":false},"excerpt":{"rendered":"<p>Se sumaron a protesta de car\u00e1cter nacional, que busca ser incluidos en la entrega de dineros para subsidio de combustible, renovaci\u00f3n de material de trabajo y cierre del parque de transporte escolar&#8230;.<\/p>\n","protected":false},"author":1,"featured_media":75176,"comment_status":"open","ping_status":"open","sticky":false,"template":"","format":"standard","meta":{"advanced_seo_description":"","jetpack_seo_html_title":"","jetpack_seo_noindex":false,"_jetpack_memberships_contains_paid_content":false,"footnotes":""},"categories":[1],"tags":[],"class_list":["post-75175","post","type-post","status-publish","format-standard","has-post-thumbnail","hentry","category-cronica"],"jetpack_featured_media_url":"https:\/\/i0.wp.com\/eltrabajo.cl\/portal\/wp-content\/uploads\/2016\/11\/Foto-2-Alrededor-de-50-furgones.jpg?fit=530%2C348&ssl=1","jetpack_sharing_enabled":true,"jetpack_likes_enabled":true,"jetpack-related-posts":[],"_links":{"self":[{"href":"https:\/\/eltrabajo.cl\/portal\/wp-json\/wp\/v2\/posts\/75175","targetHints":{"allow":["GET"]}}],"collection":[{"href":"https:\/\/eltrabajo.cl\/portal\/wp-json\/wp\/v2\/posts"}],"about":[{"href":"https:\/\/eltrabajo.cl\/portal\/wp-json\/wp\/v2\/types\/post"}],"author":[{"embeddable":true,"href":"https:\/\/eltrabajo.cl\/portal\/wp-json\/wp\/v2\/users\/1"}],"replies":[{"embeddable":true,"href":"https:\/\/eltrabajo.cl\/portal\/wp-json\/wp\/v2\/comments?post=75175"}],"version-history":[{"count":0,"href":"https:\/\/eltrabajo.cl\/portal\/wp-json\/wp\/v2\/posts\/75175\/revisions"}],"wp:featuredmedia":[{"embeddable":true,"href":"https:\/\/eltrabajo.cl\/portal\/wp-json\/wp\/v2\/media\/75176"}],"wp:attachment":[{"href":"https:\/\/eltrabajo.cl\/portal\/wp-json\/wp\/v2\/media?parent=75175"}],"wp:term":[{"taxonomy":"category","embeddable":true,"href":"https:\/\/eltrabajo.cl\/portal\/wp-json\/wp\/v2\/categories?post=75175"},{"taxonomy":"post_tag","embeddable":true,"href":"https:\/\/eltrabajo.cl\/portal\/wp-json\/wp\/v2\/tags?post=75175"}],"curies":[{"name":"wp","href":"https:\/\/api.w.org\/{rel}","templated":true}]}}