{"id":75180,"date":"2016-11-10T09:42:54","date_gmt":"2016-11-10T12:42:54","guid":{"rendered":"http:\/\/www.eltrabajo.cl\/portal\/?p=75180"},"modified":"2016-11-10T09:42:54","modified_gmt":"2016-11-10T12:42:54","slug":"familiares-y-amigos-de-nachito-se-reunen-a-protestar-frente-a-las-oficinas-del-fae-en-san-felipe","status":"publish","type":"post","link":"https:\/\/eltrabajo.cl\/portal\/familiares-y-amigos-de-nachito-se-reunen-a-protestar-frente-a-las-oficinas-del-fae-en-san-felipe\/","title":{"rendered":"Familiares y amigos de Nachito se re\u00fanen a protestar frente a las oficinas del FAE en San Felipe"},"content":{"rendered":"<p>Ayer mi\u00e9rcoles, un grupo de vecinos de la comuna de Santa Mar\u00eda y sus alrededores, llegaron hasta el frontis de las oficinas de FAE (Familia Acogedora Especializada) ubicadas en calle Santo Domingo, entre Toromazote y Portus en San Felipe, para protestar porque sienten que ha sido injusta la forma como se llevaron al peque\u00f1o Nachito de su hogar en La Higuera de Santa Mar\u00eda.<br \/>\nEl grupo de personas estaba liderado por el concejal electo Danilo Arancibia, quien agreg\u00f3 que ellos como habitantes de Santa Mar\u00eda no saben nada del menor, existe una angustia por la vida que puede estar llevando el ni\u00f1o: \u00abLa familia no tiene idea de nada, no sabemos nada, no sabemos qu\u00e9 pas\u00f3 con el ni\u00f1o, nadie nos informa nada, y esto provoca angustia, desesperaci\u00f3n en la ciudadan\u00eda, cuando se lo llevaron estaba con un tratamiento m\u00e9dico, estaba tomando una leche especial, es un angustia que tiene la familia, que adem\u00e1s la transmite a los amigos, por eso es que toda la gente est\u00e1 complicada\u00bb, mencion\u00f3.<br \/>\nAl lugar llegaron unas 35 personas aproximadamente, provenientes de la misma comuna de Santa Mar\u00eda, La Higuera, Santa Filomena y San Felipe.<br \/>\nPor el lugar pas\u00f3 el Alcalde Patricio Freire, quien se comprometi\u00f3 a gestionar una audiencia con el diputado N\u00fa\u00f1ez en el Congreso para ver qu\u00e9 se puede hacer desde esa instancia parlamentaria.<br \/>\nSobre movilizaciones futuras, el edil electo dijo que estaban analizando poder ir este viernes a Santiago a las oficinas centrales de Sename, para darle a conocer a las principales autoridades, el problema que se ha suscitado con el menor Nachito.<br \/>\nComo ustedes recordar\u00e1n, a principios del mes de octubre, cuatro funcionarias del programa FAE llegaron hasta la Villa Los Olivos en La Higuera de Santa Mar\u00eda, con la finalidad de dar cumplimiento a una orden del Tribunal de la Familia de San Felipe, que consist\u00eda en llevarse al menor Jos\u00e9 Ignacio \u2018Nachito\u2019, un menor de seis a\u00f1os que estaba bajo el cuidado de Teresa Herrera y su esposo, desde los seis meses, para entreg\u00e1rselo a un joven en Arica.<br \/>\nEn esa ocasi\u00f3n, las funcionarias fueron sacadas con custodia policial porque los vecinos del lugar las arremetieron contra ellas por su forma de actuar en la diligencia.<br \/>\nPosteriormente, Carabineros traslad\u00f3 a Nachito hasta las dependencias del Tribunal de Familia, donde en una acci\u00f3n inesperada el menor fue sacado del juzgado y trasladado hasta un centro del Sename y desde ah\u00ed que no ha sido posible que los padres guardadores vuelvan a tener a su hijo, pese a que tienen la clara decisi\u00f3n de adoptarlo.<\/p>\n<figure id=\"attachment_75183\" aria-describedby=\"caption-attachment-75183\" style=\"width: 530px\" class=\"wp-caption alignleft\"><a href=\"http:\/\/www.eltrabajo.cl\/portal\/familiares-y-amigos-de-nachito-se-reunen-a-protestar-frente-a-las-oficinas-del-fae-en-san-felipe\/foto-protesta\/\" rel=\"attachment wp-att-75183\"><img data-recalc-dims=\"1\" loading=\"lazy\" decoding=\"async\" class=\"size-full wp-image-75183\" src=\"https:\/\/i0.wp.com\/www.eltrabajo.cl\/portal\/wp-content\/uploads\/2016\/11\/Foto-Protesta.jpg?resize=530%2C350\" alt=\"Los vecinos y familiares del menor protestan en las afueras de las oficinas del FAE.\" width=\"530\" height=\"350\" srcset=\"https:\/\/i0.wp.com\/eltrabajo.cl\/portal\/wp-content\/uploads\/2016\/11\/Foto-Protesta.jpg?w=530&amp;ssl=1 530w, https:\/\/i0.wp.com\/eltrabajo.cl\/portal\/wp-content\/uploads\/2016\/11\/Foto-Protesta.jpg?resize=200%2C132&amp;ssl=1 200w, https:\/\/i0.wp.com\/eltrabajo.cl\/portal\/wp-content\/uploads\/2016\/11\/Foto-Protesta.jpg?resize=300%2C198&amp;ssl=1 300w, https:\/\/i0.wp.com\/eltrabajo.cl\/portal\/wp-content\/uploads\/2016\/11\/Foto-Protesta.jpg?resize=227%2C150&amp;ssl=1 227w, https:\/\/i0.wp.com\/eltrabajo.cl\/portal\/wp-content\/uploads\/2016\/11\/Foto-Protesta.jpg?resize=400%2C264&amp;ssl=1 400w\" sizes=\"auto, (max-width: 530px) 100vw, 530px\" \/><\/a><figcaption id=\"caption-attachment-75183\" class=\"wp-caption-text\">Los vecinos y familiares del menor protestan en las afueras de las oficinas del FAE.<\/figcaption><\/figure>\n","protected":false},"excerpt":{"rendered":"<p>Ayer mi\u00e9rcoles, un grupo de vecinos de la comuna de Santa Mar\u00eda y sus alrededores, llegaron hasta el frontis de las oficinas de FAE (Familia Acogedora Especializada) ubicadas en calle Santo Domingo,&#8230;<\/p>\n","protected":false},"author":1,"featured_media":75183,"comment_status":"open","ping_status":"open","sticky":false,"template":"","format":"standard","meta":{"advanced_seo_description":"","jetpack_seo_html_title":"","jetpack_seo_noindex":false,"_jetpack_memberships_contains_paid_content":false,"footnotes":""},"categories":[15],"tags":[],"class_list":["post-75180","post","type-post","status-publish","format-standard","has-post-thumbnail","hentry","category-comunidad"],"jetpack_featured_media_url":"https:\/\/i0.wp.com\/eltrabajo.cl\/portal\/wp-content\/uploads\/2016\/11\/Foto-Protesta.jpg?fit=530%2C350&ssl=1","jetpack_sharing_enabled":true,"jetpack_likes_enabled":true,"jetpack-related-posts":[],"_links":{"self":[{"href":"https:\/\/eltrabajo.cl\/portal\/wp-json\/wp\/v2\/posts\/75180","targetHints":{"allow":["GET"]}}],"collection":[{"href":"https:\/\/eltrabajo.cl\/portal\/wp-json\/wp\/v2\/posts"}],"about":[{"href":"https:\/\/eltrabajo.cl\/portal\/wp-json\/wp\/v2\/types\/post"}],"author":[{"embeddable":true,"href":"https:\/\/eltrabajo.cl\/portal\/wp-json\/wp\/v2\/users\/1"}],"replies":[{"embeddable":true,"href":"https:\/\/eltrabajo.cl\/portal\/wp-json\/wp\/v2\/comments?post=75180"}],"version-history":[{"count":0,"href":"https:\/\/eltrabajo.cl\/portal\/wp-json\/wp\/v2\/posts\/75180\/revisions"}],"wp:featuredmedia":[{"embeddable":true,"href":"https:\/\/eltrabajo.cl\/portal\/wp-json\/wp\/v2\/media\/75183"}],"wp:attachment":[{"href":"https:\/\/eltrabajo.cl\/portal\/wp-json\/wp\/v2\/media?parent=75180"}],"wp:term":[{"taxonomy":"category","embeddable":true,"href":"https:\/\/eltrabajo.cl\/portal\/wp-json\/wp\/v2\/categories?post=75180"},{"taxonomy":"post_tag","embeddable":true,"href":"https:\/\/eltrabajo.cl\/portal\/wp-json\/wp\/v2\/tags?post=75180"}],"curies":[{"name":"wp","href":"https:\/\/api.w.org\/{rel}","templated":true}]}}