{"id":75191,"date":"2016-11-11T08:29:34","date_gmt":"2016-11-11T11:29:34","guid":{"rendered":"http:\/\/www.eltrabajo.cl\/portal\/?p=75191"},"modified":"2016-11-11T08:29:34","modified_gmt":"2016-11-11T11:29:34","slug":"exito-de-programa-esterilizacion-de-mascotas-llevaria-a-repetir-la-experiencia","status":"publish","type":"post","link":"https:\/\/eltrabajo.cl\/portal\/exito-de-programa-esterilizacion-de-mascotas-llevaria-a-repetir-la-experiencia\/","title":{"rendered":"\u00c9xito de programa esterilizaci\u00f3n de mascotas llevar\u00eda a repetir la experiencia"},"content":{"rendered":"<p>Una positiva evaluaci\u00f3n realizaron las autoridades de la provincia respecto del programa de esterilizaci\u00f3n de animales, con y sin due\u00f1o, que llev\u00f3 adelante la Municipalidad de San Felipe y que permiti\u00f3 intervenir a mil animales de compa\u00f1\u00eda, tanto perros como gatos.<br \/>\nLa finalizaci\u00f3n del programa se realiz\u00f3 en la sede social del sector El Tambo y hasta el lugar lleg\u00f3 el Alcalde (s) Patricio Gonz\u00e1lez, Eduardo Past\u00e9n, encargado regional de la Subdere y el Gobernador Eduardo Le\u00f3n, quienes pudieron compartir con vecinos del lugar.<br \/>\nEn la oportunidad Eduardo Past\u00e9n destac\u00f3 la ejecuci\u00f3n del programa en la comuna de San Felipe, se\u00f1alando que \u00abel municipio ha llevado adelante este programa con una responsabilidad admirable. M\u00e1s de dos mil esterilizaciones en dos etapas, la primera etapa correspondi\u00f3 a 21 millones y la segunda 23\u00bb.<br \/>\nLa autoridad record\u00f3 que el programa ha beneficiado a perros y gatos con y sin due\u00f1o y se\u00f1al\u00f3 que en una pr\u00f3xima etapa la idea es generar tambi\u00e9n educaci\u00f3n a la poblaci\u00f3n y participaci\u00f3n ciudadana.<br \/>\n\u00abSi el municipio postula a la brevedad el programa, esperamos nosotros tener aprobado en diciembre o en enero, pero est\u00e1 la disponibilidad y esperamos tener programa en todas las comunas de la regi\u00f3n. Y teniendo el antecedente del programa ejecutado de manera exitosa, no me cabe duda que si lo postula va a ser aprobado a la brevedad. Y podr\u00edan subir un poco m\u00e1s los recursos\u00bb, dijo Eduardo Past\u00e9n.<br \/>\nEl Alcalde (s) Patricio Gonz\u00e1lez, valor\u00f3 el trabajo realizado por el equipo que integra el programa de tenencia responsable de mascotas, quienes han llevado adelante el calendario de esterilizaciones que abarc\u00f3 distintos sectores de la comuna, tanto rurales como urbanos.<br \/>\nAsimismo record\u00f3 que este programa ejecutado en San Felipe es parte de una pol\u00edtica municipal, impulsada por el Alcalde Patricio Freire que contempla tambi\u00e9n el funcionamiento de la cl\u00ednica veterinaria y una futura cl\u00ednica veterinaria m\u00f3vil, un proyecto que ya se encuentra bastante avanzado y que podr\u00eda concretarse en el corto plazo.<br \/>\n\u00abCreemos que hemos podido instalar una cultura de preocupaci\u00f3n y sensibilizaci\u00f3n de nuestras mascotas y junto con eso formalizamos la ordenanza municipal de tenencia responsable que tambi\u00e9n va a permitir preocuparnos m\u00e1s all\u00e1 de lo que sucede en nuestros hogares, sino tambi\u00e9n de socializar con los problemas que hay en las calles de nuestra ciudad\u00bb, sostuvo la autoridad.<\/p>\n<figure id=\"attachment_75192\" aria-describedby=\"caption-attachment-75192\" style=\"width: 530px\" class=\"wp-caption alignleft\"><a href=\"http:\/\/www.eltrabajo.cl\/portal\/exito-de-programa-esterilizacion-de-mascotas-llevaria-a-repetir-la-experiencia\/mascotas-2\/\" rel=\"attachment wp-att-75192\"><img data-recalc-dims=\"1\" loading=\"lazy\" decoding=\"async\" class=\"size-full wp-image-75192\" src=\"https:\/\/i0.wp.com\/www.eltrabajo.cl\/portal\/wp-content\/uploads\/2016\/11\/mascotas.jpg?resize=530%2C348\" alt=\"Con una positiva evaluaci\u00f3n culmin\u00f3 en la sede social del sector El Tambo, el programa de esterilizaci\u00f3n de mascotas que ejecut\u00f3 la Municipalidad de San Felipe..\" width=\"530\" height=\"348\" srcset=\"https:\/\/i0.wp.com\/eltrabajo.cl\/portal\/wp-content\/uploads\/2016\/11\/mascotas.jpg?w=530&amp;ssl=1 530w, https:\/\/i0.wp.com\/eltrabajo.cl\/portal\/wp-content\/uploads\/2016\/11\/mascotas.jpg?resize=200%2C131&amp;ssl=1 200w, https:\/\/i0.wp.com\/eltrabajo.cl\/portal\/wp-content\/uploads\/2016\/11\/mascotas.jpg?resize=300%2C197&amp;ssl=1 300w, https:\/\/i0.wp.com\/eltrabajo.cl\/portal\/wp-content\/uploads\/2016\/11\/mascotas.jpg?resize=228%2C150&amp;ssl=1 228w, https:\/\/i0.wp.com\/eltrabajo.cl\/portal\/wp-content\/uploads\/2016\/11\/mascotas.jpg?resize=400%2C263&amp;ssl=1 400w\" sizes=\"auto, (max-width: 530px) 100vw, 530px\" \/><\/a><figcaption id=\"caption-attachment-75192\" class=\"wp-caption-text\">Con una positiva evaluaci\u00f3n culmin\u00f3 en la sede social del sector El Tambo, el programa de esterilizaci\u00f3n de mascotas que ejecut\u00f3 la Municipalidad de San Felipe..<\/figcaption><\/figure>\n","protected":false},"excerpt":{"rendered":"<p>Una positiva evaluaci\u00f3n realizaron las autoridades de la provincia respecto del programa de esterilizaci\u00f3n de animales, con y sin due\u00f1o, que llev\u00f3 adelante la Municipalidad de San Felipe y que permiti\u00f3 intervenir&#8230;<\/p>\n","protected":false},"author":1,"featured_media":75192,"comment_status":"open","ping_status":"open","sticky":false,"template":"","format":"standard","meta":{"advanced_seo_description":"","jetpack_seo_html_title":"","jetpack_seo_noindex":false,"_jetpack_memberships_contains_paid_content":false,"footnotes":""},"categories":[1],"tags":[],"class_list":["post-75191","post","type-post","status-publish","format-standard","has-post-thumbnail","hentry","category-cronica"],"jetpack_featured_media_url":"https:\/\/i0.wp.com\/eltrabajo.cl\/portal\/wp-content\/uploads\/2016\/11\/mascotas.jpg?fit=530%2C348&ssl=1","jetpack_sharing_enabled":true,"jetpack_likes_enabled":true,"jetpack-related-posts":[],"_links":{"self":[{"href":"https:\/\/eltrabajo.cl\/portal\/wp-json\/wp\/v2\/posts\/75191","targetHints":{"allow":["GET"]}}],"collection":[{"href":"https:\/\/eltrabajo.cl\/portal\/wp-json\/wp\/v2\/posts"}],"about":[{"href":"https:\/\/eltrabajo.cl\/portal\/wp-json\/wp\/v2\/types\/post"}],"author":[{"embeddable":true,"href":"https:\/\/eltrabajo.cl\/portal\/wp-json\/wp\/v2\/users\/1"}],"replies":[{"embeddable":true,"href":"https:\/\/eltrabajo.cl\/portal\/wp-json\/wp\/v2\/comments?post=75191"}],"version-history":[{"count":0,"href":"https:\/\/eltrabajo.cl\/portal\/wp-json\/wp\/v2\/posts\/75191\/revisions"}],"wp:featuredmedia":[{"embeddable":true,"href":"https:\/\/eltrabajo.cl\/portal\/wp-json\/wp\/v2\/media\/75192"}],"wp:attachment":[{"href":"https:\/\/eltrabajo.cl\/portal\/wp-json\/wp\/v2\/media?parent=75191"}],"wp:term":[{"taxonomy":"category","embeddable":true,"href":"https:\/\/eltrabajo.cl\/portal\/wp-json\/wp\/v2\/categories?post=75191"},{"taxonomy":"post_tag","embeddable":true,"href":"https:\/\/eltrabajo.cl\/portal\/wp-json\/wp\/v2\/tags?post=75191"}],"curies":[{"name":"wp","href":"https:\/\/api.w.org\/{rel}","templated":true}]}}