{"id":75195,"date":"2016-11-11T08:33:26","date_gmt":"2016-11-11T11:33:26","guid":{"rendered":"http:\/\/www.eltrabajo.cl\/portal\/?p=75195"},"modified":"2016-11-11T08:33:27","modified_gmt":"2016-11-11T11:33:27","slug":"denuncian-que-empresa-a-cargo-de-construir-jardines-dejo-labores-sin-terminar","status":"publish","type":"post","link":"https:\/\/eltrabajo.cl\/portal\/denuncian-que-empresa-a-cargo-de-construir-jardines-dejo-labores-sin-terminar\/","title":{"rendered":"Denuncian que empresa a cargo de construir jardines dej\u00f3 labores sin terminar"},"content":{"rendered":"<ul>\n<li><strong>Malestar en vecinos de Villa Departamental:<\/strong><\/li>\n<\/ul>\n<p>Completamente abandonados se sienten los vecinos de la Villa Departamental, ya que literalmente, la empresa a cargo de la construcci\u00f3n de a\u00e9reas verdes, jardines y plazuelas los dej\u00f3 \u2018botados\u2019.<br \/>\nAs\u00ed lo da a conocer el vecino Juan Carlos Sandoval Cariaga: \u201cLo que pasa que es que hace como dos meses atr\u00e1s comenzaron a trabajar en los jardines, a construir los supuestos jardines que iban a ser, estuvieron trabajando hasta una semana antes de las elecciones y de ah\u00ed no han aparecido mas, s\u00f3lo hicieron movimiento de tierra, instalaron unas solerillas, e instalaron los juegos infantiles y nada m\u00e1s, nadie ha aparecido a dar alguna explicaci\u00f3n\u201d sostuvo el vecino.<br \/>\nSandoval aporta un antecedente bastante importante, indica que los trabajadores iban a ratos a trabajar, hasta que nunca m\u00e1s regresaron.<br \/>\nSaca sus propias conclusiones y las relaciona con que ya pasaron las elecciones \u201cno s\u00e9 pero debido a los comentarios sobre las fotos que sub\u00ed, he sabido que en Villa Las Acacias est\u00e1n en la misma situaci\u00f3n que nosotros\u201d.<br \/>\nCon este problema se sienten abandonados, el otro que enfrentan es el polvo que se levanta con el viento debido a los trabajos inconclusos, los montones de tierra.<br \/>\nReitera que se sienten abandonados por las autoridades.<br \/>\nConsultado si han hablado con alguien, el vecino que es taxista, dice que vieron a personal de la Municipalidad de San Felipe, por lo tanto se\u00f1ala que la empresa mandante ser\u00eda el municipio.<br \/>\n\u201cComo yo soy taxista recorro la ciudad, veo mejoras en otro lado y ac\u00e1 en la Villa Departamental (\u2026) nada, esa es la rabia que tengo, una vez se lo dije al alcalde en su propia cara que a nosotros nos ten\u00edan botados, una vez hizo un concejo aqu\u00ed y se fue en puros saltos nom\u00e1s\u201d.<br \/>\nPor cada adulto -seg\u00fan el vecino- hay cuatro ni\u00f1os en esa Villa, por eso se hace necesario que se retomen las obras, para que grandes y chicos tengan donde entretenerse o pasar el d\u00eda.<\/p>\n<figure id=\"attachment_75196\" aria-describedby=\"caption-attachment-75196\" style=\"width: 530px\" class=\"wp-caption alignleft\"><a href=\"http:\/\/www.eltrabajo.cl\/portal\/denuncian-que-empresa-a-cargo-de-construir-jardines-dejo-labores-sin-terminar\/monton\/\" rel=\"attachment wp-att-75196\"><img data-recalc-dims=\"1\" loading=\"lazy\" decoding=\"async\" class=\"size-full wp-image-75196\" src=\"https:\/\/i0.wp.com\/www.eltrabajo.cl\/portal\/wp-content\/uploads\/2016\/11\/Monton.jpg?resize=530%2C350\" alt=\"El mont\u00f3n de tierra que se puede ver. (Foto gentileza Juan Carlos Sandoval Cariaga).\" width=\"530\" height=\"350\" srcset=\"https:\/\/i0.wp.com\/eltrabajo.cl\/portal\/wp-content\/uploads\/2016\/11\/Monton.jpg?w=530&amp;ssl=1 530w, https:\/\/i0.wp.com\/eltrabajo.cl\/portal\/wp-content\/uploads\/2016\/11\/Monton.jpg?resize=200%2C132&amp;ssl=1 200w, https:\/\/i0.wp.com\/eltrabajo.cl\/portal\/wp-content\/uploads\/2016\/11\/Monton.jpg?resize=300%2C198&amp;ssl=1 300w, https:\/\/i0.wp.com\/eltrabajo.cl\/portal\/wp-content\/uploads\/2016\/11\/Monton.jpg?resize=227%2C150&amp;ssl=1 227w, https:\/\/i0.wp.com\/eltrabajo.cl\/portal\/wp-content\/uploads\/2016\/11\/Monton.jpg?resize=400%2C264&amp;ssl=1 400w\" sizes=\"auto, (max-width: 530px) 100vw, 530px\" \/><\/a><figcaption id=\"caption-attachment-75196\" class=\"wp-caption-text\">El mont\u00f3n de tierra que se puede ver. (Foto gentileza Juan Carlos Sandoval Cariaga).<\/figcaption><\/figure>\n<figure id=\"attachment_75197\" aria-describedby=\"caption-attachment-75197\" style=\"width: 530px\" class=\"wp-caption alignleft\"><a href=\"http:\/\/www.eltrabajo.cl\/portal\/denuncian-que-empresa-a-cargo-de-construir-jardines-dejo-labores-sin-terminar\/trabajo-5\/\" rel=\"attachment wp-att-75197\"><img data-recalc-dims=\"1\" loading=\"lazy\" decoding=\"async\" class=\"size-full wp-image-75197\" src=\"https:\/\/i0.wp.com\/www.eltrabajo.cl\/portal\/wp-content\/uploads\/2016\/11\/trabajo-5.jpg?resize=530%2C350\" alt=\"En esta foto podemos apreciar que instalaron una ca\u00f1er\u00eda. (Foto gentileza Juan Carlos Sandoval Cariaga).\" width=\"530\" height=\"350\" srcset=\"https:\/\/i0.wp.com\/eltrabajo.cl\/portal\/wp-content\/uploads\/2016\/11\/trabajo-5.jpg?w=530&amp;ssl=1 530w, https:\/\/i0.wp.com\/eltrabajo.cl\/portal\/wp-content\/uploads\/2016\/11\/trabajo-5.jpg?resize=200%2C132&amp;ssl=1 200w, https:\/\/i0.wp.com\/eltrabajo.cl\/portal\/wp-content\/uploads\/2016\/11\/trabajo-5.jpg?resize=300%2C198&amp;ssl=1 300w, https:\/\/i0.wp.com\/eltrabajo.cl\/portal\/wp-content\/uploads\/2016\/11\/trabajo-5.jpg?resize=227%2C150&amp;ssl=1 227w, https:\/\/i0.wp.com\/eltrabajo.cl\/portal\/wp-content\/uploads\/2016\/11\/trabajo-5.jpg?resize=400%2C264&amp;ssl=1 400w\" sizes=\"auto, (max-width: 530px) 100vw, 530px\" \/><\/a><figcaption id=\"caption-attachment-75197\" class=\"wp-caption-text\">En esta foto podemos apreciar que instalaron una ca\u00f1er\u00eda. (Foto gentileza Juan Carlos Sandoval Cariaga).<\/figcaption><\/figure>\n","protected":false},"excerpt":{"rendered":"<p>Malestar en vecinos de Villa Departamental: Completamente abandonados se sienten los vecinos de la Villa Departamental, ya que literalmente, la empresa a cargo de la construcci\u00f3n de a\u00e9reas verdes, jardines y plazuelas&#8230;<\/p>\n","protected":false},"author":1,"featured_media":75197,"comment_status":"open","ping_status":"open","sticky":false,"template":"","format":"standard","meta":{"advanced_seo_description":"","jetpack_seo_html_title":"","jetpack_seo_noindex":false,"_jetpack_memberships_contains_paid_content":false,"footnotes":""},"categories":[15],"tags":[],"class_list":["post-75195","post","type-post","status-publish","format-standard","has-post-thumbnail","hentry","category-comunidad"],"jetpack_featured_media_url":"https:\/\/i0.wp.com\/eltrabajo.cl\/portal\/wp-content\/uploads\/2016\/11\/trabajo-5.jpg?fit=530%2C350&ssl=1","jetpack_sharing_enabled":true,"jetpack_likes_enabled":true,"jetpack-related-posts":[],"_links":{"self":[{"href":"https:\/\/eltrabajo.cl\/portal\/wp-json\/wp\/v2\/posts\/75195","targetHints":{"allow":["GET"]}}],"collection":[{"href":"https:\/\/eltrabajo.cl\/portal\/wp-json\/wp\/v2\/posts"}],"about":[{"href":"https:\/\/eltrabajo.cl\/portal\/wp-json\/wp\/v2\/types\/post"}],"author":[{"embeddable":true,"href":"https:\/\/eltrabajo.cl\/portal\/wp-json\/wp\/v2\/users\/1"}],"replies":[{"embeddable":true,"href":"https:\/\/eltrabajo.cl\/portal\/wp-json\/wp\/v2\/comments?post=75195"}],"version-history":[{"count":0,"href":"https:\/\/eltrabajo.cl\/portal\/wp-json\/wp\/v2\/posts\/75195\/revisions"}],"wp:featuredmedia":[{"embeddable":true,"href":"https:\/\/eltrabajo.cl\/portal\/wp-json\/wp\/v2\/media\/75197"}],"wp:attachment":[{"href":"https:\/\/eltrabajo.cl\/portal\/wp-json\/wp\/v2\/media?parent=75195"}],"wp:term":[{"taxonomy":"category","embeddable":true,"href":"https:\/\/eltrabajo.cl\/portal\/wp-json\/wp\/v2\/categories?post=75195"},{"taxonomy":"post_tag","embeddable":true,"href":"https:\/\/eltrabajo.cl\/portal\/wp-json\/wp\/v2\/tags?post=75195"}],"curies":[{"name":"wp","href":"https:\/\/api.w.org\/{rel}","templated":true}]}}