{"id":75200,"date":"2016-11-11T08:41:57","date_gmt":"2016-11-11T11:41:57","guid":{"rendered":"http:\/\/www.eltrabajo.cl\/portal\/?p=75200"},"modified":"2016-11-11T08:41:57","modified_gmt":"2016-11-11T11:41:57","slug":"paro-del-sector-publico-vivio-intensa-jornada-ayer-en-su-undecimo-dia","status":"publish","type":"post","link":"https:\/\/eltrabajo.cl\/portal\/paro-del-sector-publico-vivio-intensa-jornada-ayer-en-su-undecimo-dia\/","title":{"rendered":"Paro del Sector P\u00fablico vivi\u00f3 intensa jornada ayer en su und\u00e9cimo d\u00eda"},"content":{"rendered":"<ul>\n<li><strong>Dirigentes y trabajadores de distintos gremios, llegaron hasta la Gobernaci\u00f3n Provincial, con el objetivo de entregar personalmente una carta al gobernador, Eduardo Le\u00f3n. Adem\u00e1s, hubo barricadas en Puente El Rey y visita a distintos establecimientos p\u00fablicos de la comuna.<\/strong><\/li>\n<\/ul>\n<p>Hoy viernes, se vivir\u00e1 la jornada 12 de paralizaci\u00f3n y manifestaciones de los trabajadores del Sector P\u00fablico, movimiento que parece estar lejos de debilitarse y que ha sumado nuevos estamentos en su lucha por conseguir un reajuste salarial acorde con sus pretensiones.<br \/>\nEn San Felipe, el proceso de huelga vivi\u00f3 ayer uno de sus d\u00edas m\u00e1s agitados. La alta temperatura ambiente que se vivi\u00f3 ayer en el Valle, coincidi\u00f3 precisamente con los caldeados \u00e1nimos que mostraron los manifestantes. En primera instancia, durante la ma\u00f1ana algunos trabajadores levantaron barricadas y se tomaron uno de los principales accesos a la ciudad: El Puente El Rey, mientras que dirigentes de diversos gremios recorrieron alguno de los Cesfam de San Felipe, en busca de sumar mayor cantidad de trabajadores al movimiento<br \/>\nPosteriormente, un centenar de representantes de distintos servicios p\u00fablicos, se congregaron en la Plaza C\u00edvica de la comuna, y luego de plantear p\u00fablicamente sus demandas, determinaron entregar personalmente una carta al gobernador de la Provincia de San Felipe, Eduardo Le\u00f3n, hecho que hizo necesaria la presencia de un numeroso contingente de Carabineros, que finalmente permiti\u00f3 el ingreso a la Gobernaci\u00f3n, s\u00f3lo de los dirigentes gremiales.<\/p>\n<figure id=\"attachment_75201\" aria-describedby=\"caption-attachment-75201\" style=\"width: 300px\" class=\"wp-caption alignleft\"><a href=\"http:\/\/www.eltrabajo.cl\/portal\/paro-del-sector-publico-vivio-intensa-jornada-ayer-en-su-undecimo-dia\/foto-1-casandra-gonzalez\/\" rel=\"attachment wp-att-75201\"><img data-recalc-dims=\"1\" loading=\"lazy\" decoding=\"async\" class=\"size-medium wp-image-75201\" src=\"https:\/\/i0.wp.com\/www.eltrabajo.cl\/portal\/wp-content\/uploads\/2016\/11\/FOTO-1-Casandra-Gonz%C3%A1lez-300x197.jpg?resize=300%2C197\" alt=\"Casandra Gonz\u00e1lez, presidenta de la Federaci\u00f3n Nacional de Trabajadores, Fenats Aconcagua.\" width=\"300\" height=\"197\" srcset=\"https:\/\/i0.wp.com\/eltrabajo.cl\/portal\/wp-content\/uploads\/2016\/11\/FOTO-1-Casandra-Gonz%C3%A1lez.jpg?resize=300%2C197&amp;ssl=1 300w, https:\/\/i0.wp.com\/eltrabajo.cl\/portal\/wp-content\/uploads\/2016\/11\/FOTO-1-Casandra-Gonz%C3%A1lez.jpg?resize=200%2C131&amp;ssl=1 200w, https:\/\/i0.wp.com\/eltrabajo.cl\/portal\/wp-content\/uploads\/2016\/11\/FOTO-1-Casandra-Gonz%C3%A1lez.jpg?resize=228%2C150&amp;ssl=1 228w, https:\/\/i0.wp.com\/eltrabajo.cl\/portal\/wp-content\/uploads\/2016\/11\/FOTO-1-Casandra-Gonz%C3%A1lez.jpg?resize=400%2C263&amp;ssl=1 400w, https:\/\/i0.wp.com\/eltrabajo.cl\/portal\/wp-content\/uploads\/2016\/11\/FOTO-1-Casandra-Gonz%C3%A1lez.jpg?w=530&amp;ssl=1 530w\" sizes=\"auto, (max-width: 300px) 100vw, 300px\" \/><\/a><figcaption id=\"caption-attachment-75201\" class=\"wp-caption-text\">Casandra Gonz\u00e1lez, presidenta de la Federaci\u00f3n Nacional de Trabajadores, Fenats Aconcagua.<\/figcaption><\/figure>\n<p>La intensa jornada, culmin\u00f3 cerca del mediod\u00eda en las dependencias del Servicio de Salud Aconcagua, donde Casandra Gonz\u00e1lez, presidenta de la Federaci\u00f3n Nacional de Trabajadores, Fenats Aconcagua, acus\u00f3 a las autoridades de Gobierno como los culpables de la dilataci\u00f3n que ha sufrido la demanda del gremio del sector p\u00fablico, afirmando que \u00abTodo esto que hoy estamos viviendo es producto de la tozudez e indolencia de un Ministro de Hacienda que tiene condiciones pol\u00edticas pero que no ha sabido manejar el conflicto y eso nos ha llevado a esta situaci\u00f3n\u00bb, explic\u00f3 Gonz\u00e1lez.<br \/>\nJunto con eso, la dirigente asever\u00f3 que a nivel local, el movimiento gremial se ha radicalizado no s\u00f3lo por la postura gubernamental, sino que tambi\u00e9n, por las medidas de presi\u00f3n que han comenzado a utilizar algunas autoridades comunales<br \/>\n\u00abHemos hecho las denuncias de los alcaldes de Panquehue (Luis Pradenas) y Putaendo (Guillermo Reyes), que han amenazado a sus funcionarios para que se bajen de esta movilizaci\u00f3n, por eso los condenamos m\u00e1s a\u00fan, porque estas personas antes estuvieron marchando con los trabajadores y ahora que tienen el voto y est\u00e1n seguros en sus cargos otra vez, muestran repudio a la clase que los eligi\u00f3\u00bb mencion\u00f3 la presidenta de Fenats Aconcagua, agregando que \u00abqueremos decirle a la autoridad que este movimiento lejos de amedrentarse, ir\u00e1 aumentando cada d\u00eda, que no es la forma de bajar las tensiones, apagar el fuego con bencina y los trabajadores p\u00fablicos vamos a seguir luchando por algo que es justo, porque este mismo reajuste es tambi\u00e9n para todos aquellas personas que quieren aplicar medidas disciplinarias\u00bb.<br \/>\nEn relaci\u00f3n a la eventual instrucci\u00f3n que la direcci\u00f3n del Servicio de Salud Aconcagua, habr\u00eda oficializado para levantar sumario y efectuar descuentos a los trabajadores movilizados, Gonz\u00e1lez detall\u00f3 que \u00abhay un instructivo que se ha bajado a todos los hospitales donde se dan se\u00f1ales de las medidas de represi\u00f3n que se deben tomar (\u2026) como por ejemplo anotaciones de dem\u00e9rito por abandono de puestos (\u2026) las personas pueden ver que las situaciones cr\u00edticas est\u00e1n cubiertas\u00bb, asegur\u00f3.<\/p>\n<p><strong>LA MOLESTIA DE LOS VECINOS<\/strong><br \/>\nEn cuanto a las consecuencias que ha producido en la poblaci\u00f3n este \u2018gallito\u2019 entre la mesa directiva del Sector P\u00fablico y el Gobierno, de acuerdo con un estimativo entregado por la ministra de Salud, Carmen Castillo, existen de 16 mil atenciones programadas y 5 mil servicios quir\u00fargicos a nivel nacional que no se han realizado, provocando molestia en la ciudadan\u00eda.<\/p>\n<figure id=\"attachment_75202\" aria-describedby=\"caption-attachment-75202\" style=\"width: 300px\" class=\"wp-caption alignleft\"><a href=\"http:\/\/www.eltrabajo.cl\/portal\/paro-del-sector-publico-vivio-intensa-jornada-ayer-en-su-undecimo-dia\/foto-2-alejandro-aguilar\/\" rel=\"attachment wp-att-75202\"><img data-recalc-dims=\"1\" loading=\"lazy\" decoding=\"async\" class=\"size-medium wp-image-75202\" src=\"https:\/\/i0.wp.com\/www.eltrabajo.cl\/portal\/wp-content\/uploads\/2016\/11\/FOTO-2-Alejandro-Aguilar-300x197.jpg?resize=300%2C197\" alt=\"Alejandro Aguilar, Secretario General de la Corporaci\u00f3n Unitaria de Trabajadores, Cut, Provincia de San Felipe y Tesorero Fenats Aconcagua.\" width=\"300\" height=\"197\" srcset=\"https:\/\/i0.wp.com\/eltrabajo.cl\/portal\/wp-content\/uploads\/2016\/11\/FOTO-2-Alejandro-Aguilar.jpg?resize=300%2C197&amp;ssl=1 300w, https:\/\/i0.wp.com\/eltrabajo.cl\/portal\/wp-content\/uploads\/2016\/11\/FOTO-2-Alejandro-Aguilar.jpg?resize=200%2C131&amp;ssl=1 200w, https:\/\/i0.wp.com\/eltrabajo.cl\/portal\/wp-content\/uploads\/2016\/11\/FOTO-2-Alejandro-Aguilar.jpg?resize=228%2C150&amp;ssl=1 228w, https:\/\/i0.wp.com\/eltrabajo.cl\/portal\/wp-content\/uploads\/2016\/11\/FOTO-2-Alejandro-Aguilar.jpg?resize=400%2C263&amp;ssl=1 400w, https:\/\/i0.wp.com\/eltrabajo.cl\/portal\/wp-content\/uploads\/2016\/11\/FOTO-2-Alejandro-Aguilar.jpg?w=530&amp;ssl=1 530w\" sizes=\"auto, (max-width: 300px) 100vw, 300px\" \/><\/a><figcaption id=\"caption-attachment-75202\" class=\"wp-caption-text\">Alejandro Aguilar, Secretario General de la Corporaci\u00f3n Unitaria de Trabajadores, Cut, Provincia de San Felipe y Tesorero Fenats Aconcagua.<\/figcaption><\/figure>\n<p>En este contexto, Alejandro Aguilar, secretario General de la Corporaci\u00f3n Unitaria de Trabajadores, Cut, Provincia de San Felipe y Tesorero Fenats Aconcagua, record\u00f3 que esta paralizaci\u00f3n se pudo haber evitado si es que el Gobierno, con voluntad pol\u00edtica, hubiese tomado en cuenta el petitorio que la mesa directiva nacional del Sector P\u00fablico entreg\u00f3 hace cerca de 2 meses<br \/>\n\u00abAc\u00e1 la responsabilidad es del Gobierno, quien no ha tomado en serio a los trabajadores, hay cifras entregadas por organismo oficiales que plantean con absoluta seriedad, que el Estado es un p\u00e9simo patr\u00f3n, tenemos trabajadores a honorarios, empleados temporales, que son verdaderos temporeros del servicio p\u00fablico, trabajadores unipersonales, muchos otros afectos al C\u00f3digo del Trabajo, de tal manera que, hay una situaci\u00f3n contractual desmedrada de la clase trabajadora\u00bb, argument\u00f3 el representante provincial de la Cut.<br \/>\nAguilar, hizo un llamado a los usuarios de los distintos servicios, a ser emp\u00e1ticos con las reivindicaciones que busca el movimiento y esboz\u00f3 que \u00abnosotros pedimos a la comunidad, a esa que atendemos todos los d\u00edas, quienes llegan a nuestros puestos de trabajo a pedir los servicios del empleador p\u00fablico, le pedimos comprensi\u00f3n, su apoyo, esto lo realizamos una vez al a\u00f1o y es primera vez que el Gobierno se encuentra con una negativa por parte del poder legislativo, lo que demuestra lo miserable y mezquino que es el reajuste que est\u00e1n tratando de imponernos\u00bb.<\/p>\n<figure id=\"attachment_75203\" aria-describedby=\"caption-attachment-75203\" style=\"width: 300px\" class=\"wp-caption alignleft\"><a href=\"http:\/\/www.eltrabajo.cl\/portal\/paro-del-sector-publico-vivio-intensa-jornada-ayer-en-su-undecimo-dia\/foto-3-wladimir-tapia\/\" rel=\"attachment wp-att-75203\"><img data-recalc-dims=\"1\" loading=\"lazy\" decoding=\"async\" class=\"size-medium wp-image-75203\" src=\"https:\/\/i0.wp.com\/www.eltrabajo.cl\/portal\/wp-content\/uploads\/2016\/11\/FOTO-3-Wladimir-Tapia-300x197.jpg?resize=300%2C197\" alt=\"Wladimir Tapia, Presidente de Asemuch (Confederaci\u00f3n Nacional de Funcionarios Municipales de Chile) San Felipe.\" width=\"300\" height=\"197\" srcset=\"https:\/\/i0.wp.com\/eltrabajo.cl\/portal\/wp-content\/uploads\/2016\/11\/FOTO-3-Wladimir-Tapia.jpg?resize=300%2C197&amp;ssl=1 300w, https:\/\/i0.wp.com\/eltrabajo.cl\/portal\/wp-content\/uploads\/2016\/11\/FOTO-3-Wladimir-Tapia.jpg?resize=200%2C131&amp;ssl=1 200w, https:\/\/i0.wp.com\/eltrabajo.cl\/portal\/wp-content\/uploads\/2016\/11\/FOTO-3-Wladimir-Tapia.jpg?resize=228%2C150&amp;ssl=1 228w, https:\/\/i0.wp.com\/eltrabajo.cl\/portal\/wp-content\/uploads\/2016\/11\/FOTO-3-Wladimir-Tapia.jpg?resize=400%2C263&amp;ssl=1 400w, https:\/\/i0.wp.com\/eltrabajo.cl\/portal\/wp-content\/uploads\/2016\/11\/FOTO-3-Wladimir-Tapia.jpg?w=530&amp;ssl=1 530w\" sizes=\"auto, (max-width: 300px) 100vw, 300px\" \/><\/a><figcaption id=\"caption-attachment-75203\" class=\"wp-caption-text\">Wladimir Tapia, Presidente de Asemuch (Confederaci\u00f3n Nacional de Funcionarios Municipales de Chile) San Felipe.<\/figcaption><\/figure>\n<p>A su vez, Wladimir Tapia, presidente de Asemuch (Confederaci\u00f3n Nacional de Funcionarios Municipales de Chile) San Felipe, explic\u00f3 cu\u00e1l es el proceso que ha vivido esta discusi\u00f3n durante los \u00faltimos d\u00edas, y proyect\u00f3 cu\u00e1l es la situaci\u00f3n venidera, apuntando que \u00abdespu\u00e9s de la derrota pol\u00edtica que sufre el Gobierno, el d\u00eda martes en el Congreso, donde sus mismos parlamentarios, sus propias bancadas pol\u00edticas, rechazaron el reajuste propuesto, esto abre un nuevo escenario y da la posibilidad que el Gobierno ingrese un nuevo proyecto, que inicie conversaciones y eso es lo que nosotros queremos lograr manifest\u00e1ndonos\u00bb, declar\u00f3.<br \/>\nSeg\u00fan Tapia, el foco del movimiento apunta principalmente a lograr que el discurso del Gobierno de lograr disminuir la desigualdades econ\u00f3micas sea efectivo, planteando que \u00ablos mayores sueldos hoy est\u00e1n en aquellos cargos de cuoteo pol\u00edtico, en los que se pagan millones de pesos, pero aquellos trabajadores que hacen la pega, que est\u00e1n en el frente de batalla con la gente, entregando beneficios tienen sueldos muy bajos, y en ese contexto es que nosotros queremos reajuste salarial digno\u00bb, sentenci\u00f3.<br \/>\nRespecto de la cantidad de d\u00edas movilizados y el desgaste que esto implica, Tapia asegur\u00f3 \u00abhay una suerte de cansancio que es natural, pero eso nos da m\u00e1s fuerza para seguir en esta lucha, la cual, creemos que es justa, la dignidad del pueblo de trabajadores no se transa (\u2026) nuestra lucha es por aquellos trabajadores que est\u00e1n en los escalafones m\u00e1s bajos, que son los que tienen las peores remuneraciones y que, con el reajuste ofrecido por el Gobierno, no daba ninguna soluci\u00f3n(\u2026)\u00bb, concluy\u00f3 el personero.<\/p>\n<figure id=\"attachment_75204\" aria-describedby=\"caption-attachment-75204\" style=\"width: 530px\" class=\"wp-caption alignleft\"><a href=\"http:\/\/www.eltrabajo.cl\/portal\/paro-del-sector-publico-vivio-intensa-jornada-ayer-en-su-undecimo-dia\/foto-4-centenar-de-trabajadores-del-sector-publico\/\" rel=\"attachment wp-att-75204\"><img data-recalc-dims=\"1\" loading=\"lazy\" decoding=\"async\" class=\"size-full wp-image-75204\" src=\"https:\/\/i0.wp.com\/www.eltrabajo.cl\/portal\/wp-content\/uploads\/2016\/11\/FOTO-4-Centenar-de-trabajadores-del-Sector-P%C3%BAblico.jpg?resize=530%2C349\" alt=\"Un centenar de trabajadores del Sector P\u00fablico se reunieron en la Plaza C\u00edvica de San Felipe, donde se manifestaron contra la intransigencia del Gobierno de la Presidencia Michelle Bachelet\" width=\"530\" height=\"349\" srcset=\"https:\/\/i0.wp.com\/eltrabajo.cl\/portal\/wp-content\/uploads\/2016\/11\/FOTO-4-Centenar-de-trabajadores-del-Sector-P%C3%BAblico.jpg?w=530&amp;ssl=1 530w, https:\/\/i0.wp.com\/eltrabajo.cl\/portal\/wp-content\/uploads\/2016\/11\/FOTO-4-Centenar-de-trabajadores-del-Sector-P%C3%BAblico.jpg?resize=200%2C132&amp;ssl=1 200w, https:\/\/i0.wp.com\/eltrabajo.cl\/portal\/wp-content\/uploads\/2016\/11\/FOTO-4-Centenar-de-trabajadores-del-Sector-P%C3%BAblico.jpg?resize=300%2C198&amp;ssl=1 300w, https:\/\/i0.wp.com\/eltrabajo.cl\/portal\/wp-content\/uploads\/2016\/11\/FOTO-4-Centenar-de-trabajadores-del-Sector-P%C3%BAblico.jpg?resize=228%2C150&amp;ssl=1 228w, https:\/\/i0.wp.com\/eltrabajo.cl\/portal\/wp-content\/uploads\/2016\/11\/FOTO-4-Centenar-de-trabajadores-del-Sector-P%C3%BAblico.jpg?resize=400%2C263&amp;ssl=1 400w\" sizes=\"auto, (max-width: 530px) 100vw, 530px\" \/><\/a><figcaption id=\"caption-attachment-75204\" class=\"wp-caption-text\">Un centenar de trabajadores del Sector P\u00fablico se reunieron en la Plaza C\u00edvica de San Felipe, donde se manifestaron contra la intransigencia del Gobierno de la Presidencia Michelle Bachelet<\/figcaption><\/figure>\n<figure id=\"attachment_75206\" aria-describedby=\"caption-attachment-75206\" style=\"width: 530px\" class=\"wp-caption alignleft\"><a href=\"http:\/\/www.eltrabajo.cl\/portal\/paro-del-sector-publico-vivio-intensa-jornada-ayer-en-su-undecimo-dia\/foto-5-momentos-de-tension\/\" rel=\"attachment wp-att-75206\"><img data-recalc-dims=\"1\" loading=\"lazy\" decoding=\"async\" class=\"size-full wp-image-75206\" src=\"https:\/\/i0.wp.com\/www.eltrabajo.cl\/portal\/wp-content\/uploads\/2016\/11\/FOTO-5-Momentos-de-tensi%C3%B3n.jpg?resize=530%2C350\" alt=\"Momentos de tensi\u00f3n se vivieron cuando los manifestantes quisieron ingresar a la Gobernaci\u00f3n provincial de San Felipe, lo que produjo la intervenci\u00f3n de la fuerza p\u00fablica, que finalmente permiti\u00f3 s\u00f3lo el ingreso de los dirigentes gremiales.\" width=\"530\" height=\"350\" srcset=\"https:\/\/i0.wp.com\/eltrabajo.cl\/portal\/wp-content\/uploads\/2016\/11\/FOTO-5-Momentos-de-tensi%C3%B3n.jpg?w=530&amp;ssl=1 530w, https:\/\/i0.wp.com\/eltrabajo.cl\/portal\/wp-content\/uploads\/2016\/11\/FOTO-5-Momentos-de-tensi%C3%B3n.jpg?resize=200%2C132&amp;ssl=1 200w, https:\/\/i0.wp.com\/eltrabajo.cl\/portal\/wp-content\/uploads\/2016\/11\/FOTO-5-Momentos-de-tensi%C3%B3n.jpg?resize=300%2C198&amp;ssl=1 300w, https:\/\/i0.wp.com\/eltrabajo.cl\/portal\/wp-content\/uploads\/2016\/11\/FOTO-5-Momentos-de-tensi%C3%B3n.jpg?resize=227%2C150&amp;ssl=1 227w, https:\/\/i0.wp.com\/eltrabajo.cl\/portal\/wp-content\/uploads\/2016\/11\/FOTO-5-Momentos-de-tensi%C3%B3n.jpg?resize=400%2C264&amp;ssl=1 400w\" sizes=\"auto, (max-width: 530px) 100vw, 530px\" \/><\/a><figcaption id=\"caption-attachment-75206\" class=\"wp-caption-text\">Momentos de tensi\u00f3n se vivieron cuando los manifestantes quisieron ingresar a la Gobernaci\u00f3n provincial de San Felipe, lo que produjo la intervenci\u00f3n de la fuerza p\u00fablica, que finalmente permiti\u00f3 s\u00f3lo el ingreso de los dirigentes gremiales.<\/figcaption><\/figure>\n","protected":false},"excerpt":{"rendered":"<p>Dirigentes y trabajadores de distintos gremios, llegaron hasta la Gobernaci\u00f3n Provincial, con el objetivo de entregar personalmente una carta al gobernador, Eduardo Le\u00f3n. Adem\u00e1s, hubo barricadas en Puente El Rey y visita&#8230;<\/p>\n","protected":false},"author":1,"featured_media":75204,"comment_status":"open","ping_status":"open","sticky":false,"template":"","format":"standard","meta":{"advanced_seo_description":"","jetpack_seo_html_title":"","jetpack_seo_noindex":false,"_jetpack_memberships_contains_paid_content":false,"footnotes":""},"categories":[15],"tags":[],"class_list":["post-75200","post","type-post","status-publish","format-standard","has-post-thumbnail","hentry","category-comunidad"],"jetpack_featured_media_url":"https:\/\/i0.wp.com\/eltrabajo.cl\/portal\/wp-content\/uploads\/2016\/11\/FOTO-4-Centenar-de-trabajadores-del-Sector-P%C3%BAblico.jpg?fit=530%2C349&ssl=1","jetpack_sharing_enabled":true,"jetpack_likes_enabled":true,"jetpack-related-posts":[],"_links":{"self":[{"href":"https:\/\/eltrabajo.cl\/portal\/wp-json\/wp\/v2\/posts\/75200","targetHints":{"allow":["GET"]}}],"collection":[{"href":"https:\/\/eltrabajo.cl\/portal\/wp-json\/wp\/v2\/posts"}],"about":[{"href":"https:\/\/eltrabajo.cl\/portal\/wp-json\/wp\/v2\/types\/post"}],"author":[{"embeddable":true,"href":"https:\/\/eltrabajo.cl\/portal\/wp-json\/wp\/v2\/users\/1"}],"replies":[{"embeddable":true,"href":"https:\/\/eltrabajo.cl\/portal\/wp-json\/wp\/v2\/comments?post=75200"}],"version-history":[{"count":0,"href":"https:\/\/eltrabajo.cl\/portal\/wp-json\/wp\/v2\/posts\/75200\/revisions"}],"wp:featuredmedia":[{"embeddable":true,"href":"https:\/\/eltrabajo.cl\/portal\/wp-json\/wp\/v2\/media\/75204"}],"wp:attachment":[{"href":"https:\/\/eltrabajo.cl\/portal\/wp-json\/wp\/v2\/media?parent=75200"}],"wp:term":[{"taxonomy":"category","embeddable":true,"href":"https:\/\/eltrabajo.cl\/portal\/wp-json\/wp\/v2\/categories?post=75200"},{"taxonomy":"post_tag","embeddable":true,"href":"https:\/\/eltrabajo.cl\/portal\/wp-json\/wp\/v2\/tags?post=75200"}],"curies":[{"name":"wp","href":"https:\/\/api.w.org\/{rel}","templated":true}]}}