{"id":75209,"date":"2016-11-11T08:44:30","date_gmt":"2016-11-11T11:44:30","guid":{"rendered":"http:\/\/www.eltrabajo.cl\/portal\/?p=75209"},"modified":"2016-11-11T08:44:30","modified_gmt":"2016-11-11T11:44:30","slug":"municipales-se-toman-ruta-60ch-provocando-inmenso-tacos-de-automoviles","status":"publish","type":"post","link":"https:\/\/eltrabajo.cl\/portal\/municipales-se-toman-ruta-60ch-provocando-inmenso-tacos-de-automoviles\/","title":{"rendered":"Municipales se toman ruta 60CH provocando inmenso tacos de autom\u00f3viles"},"content":{"rendered":"<p>Ayer jueves por la ma\u00f1ana, un grupo de funcionarios municipales decidieron tomarse la ruta de entrada a San Felipe, espec\u00edficamente El Puente El Rey, en protesta, ya que a\u00fan el Gobierno no se ha allanado a la petici\u00f3n de un reajuste digno para los trabajadores del sector P\u00fablico.<br \/>\nLa toma de la ruta, comenz\u00f3 a primera hora de este jueves, provocando un colapso vial, afectando a cientos de automovilistas que ingresaban o sal\u00edan de San Felipe.<br \/>\nCarabineros debi\u00f3 desviar por Avenida O\u2019Higgins a los veh\u00edculos que iban saliendo por la avenida Maip\u00fa, indic\u00e1ndoles que se dirigieran por la avenida Michimalongo para salir de San Felipe.<br \/>\nLo anterior provoc\u00f3 tacos importantes en esta \u00faltima avenida, por el gran n\u00famero de conductores que decidieron tambi\u00e9n entrar a la ciudad.<br \/>\nOtro punto conflictivo que se produjo, debido a que la toma de la ruta por parte de funcionarios municipales, fue el trayecto entre El Puente El Rey y Curim\u00f3n, porque la fila llegaba -hasta pasado- el Puente Pocuro, mientras tanto en el sector norte de la ruta, el taco pasaba el colegio alem\u00e1n.<br \/>\nAl mismo tiempo, se produc\u00eda otra en el mismo Puente El Rey con los conductores que hab\u00edan decido salir por calle Las Heras, y al llegar a avenida Manso de Velasco, se encontraban con el taco.<br \/>\nAlgunos conductores molestos por esta situaci\u00f3n, comenzaron a tocar sus bocinas en se\u00f1al de molestia.<br \/>\nTambi\u00e9n fue posible ver a personas que se dirig\u00edan en buses de locomoci\u00f3n colectiva adoptar la decisi\u00f3n de bajarse de los buses y caminar para poder ingresar m\u00e1s r\u00e1pido a la ciudad.<br \/>\n\u201cSi yo vengo caminando pasado el colegio alem\u00e1n, hay un tremendo taco, no es posible tengo que llegar a la hora a mi trabajo, me tuve que venir caminando nomas, no me qued\u00f3 de otra\u201d. Nos dijo una mujer.<br \/>\nMientras otros lanzaban frase como \u201cvayan a trabajar flojos (\u2026), voy a mi trabajo y me tienen ac\u00e1 parado, debieran ser m\u00e1s conscientes\u201d nos dijo un conductor.<br \/>\nAl respecto el presidente de Asemuch San Felipe, Vlad\u00edmir Tapia, dijo que con esto \u201chemos decidido iniciar un proceso m\u00e1s radical por el descontento que existe en el sector p\u00fablico, con la actitud del gobierno, sin escuchar, no negociar con nosotros los trabajadores luego del rechazo que tuvo en el parlamento a su propuesta de reajuste\u201d.<br \/>\nPor su parte, el mayor de Carabineros y comisario de la Segunda Comisar\u00eda de San Felipe, H\u00e9ctor Soto M\u00f6eller, expres\u00f3 que no se produjeron detenidos menos alg\u00fan incidente \u201cla verdad que los funcionarios coparon la ruta CH-60 por un lapso de quince minutos con pancartas, se coordin\u00f3 con ellos para poder habilitar el tr\u00e1nsito y ya est\u00e1 absolutamente norma, no hubo ninguna persona detenida, menos alg\u00fan incidente todo dentro del contexto de la manifestaci\u00f3n\u201d sostuvo.<br \/>\nEl oficial reconoci\u00f3 que de todas maneras se gener\u00f3 un impacto en la ciudadan\u00eda.<\/p>\n<p><strong>NEUM\u00c1TICOS EN TOCORNAL CON CHARCAN TAPIA<\/strong><br \/>\nInform\u00f3 adem\u00e1s, que en los sem\u00e1foros a la salida de Sodimac pasada las siete de la ma\u00f1ana colocaron unos cinco neum\u00e1ticos, los cuales fueron retirados a tiempo sin que fueran incendiados.<br \/>\nOtro punto donde se esperaban incidentes, era en la avenida Enc\u00f3n donde se sab\u00eda que un grupo de vecinos iba a protestar por la construcci\u00f3n de la nueva planta de Revisi\u00f3n T\u00e9cnica, \u201chab\u00edan unos neum\u00e1ticos en ese sector junto con unos vecinos, pero conversamos con ellos y nos dijeron que su intenci\u00f3n no era generar alg\u00fan tipo de desorden\u201d indic\u00f3 el oficial.<br \/>\nPosteriormente el tr\u00e1nsito fue restablecido y los veh\u00edculos comenzaron a circular normal.<\/p>\n<figure id=\"attachment_75210\" aria-describedby=\"caption-attachment-75210\" style=\"width: 530px\" class=\"wp-caption alignleft\"><a href=\"http:\/\/www.eltrabajo.cl\/portal\/municipales-se-toman-ruta-60ch-provocando-inmenso-tacos-de-automoviles\/foto-carabineros\/\" rel=\"attachment wp-att-75210\"><img data-recalc-dims=\"1\" loading=\"lazy\" decoding=\"async\" class=\"size-full wp-image-75210\" src=\"https:\/\/i0.wp.com\/www.eltrabajo.cl\/portal\/wp-content\/uploads\/2016\/11\/Foto-Carabineros.jpg?resize=530%2C350\" alt=\"Carabineros presentes en el lugar. (Foto gentileza RP Rafa P\u00e9rez)\" width=\"530\" height=\"350\" srcset=\"https:\/\/i0.wp.com\/eltrabajo.cl\/portal\/wp-content\/uploads\/2016\/11\/Foto-Carabineros.jpg?w=530&amp;ssl=1 530w, https:\/\/i0.wp.com\/eltrabajo.cl\/portal\/wp-content\/uploads\/2016\/11\/Foto-Carabineros.jpg?resize=200%2C132&amp;ssl=1 200w, https:\/\/i0.wp.com\/eltrabajo.cl\/portal\/wp-content\/uploads\/2016\/11\/Foto-Carabineros.jpg?resize=300%2C198&amp;ssl=1 300w, https:\/\/i0.wp.com\/eltrabajo.cl\/portal\/wp-content\/uploads\/2016\/11\/Foto-Carabineros.jpg?resize=227%2C150&amp;ssl=1 227w, https:\/\/i0.wp.com\/eltrabajo.cl\/portal\/wp-content\/uploads\/2016\/11\/Foto-Carabineros.jpg?resize=400%2C264&amp;ssl=1 400w\" sizes=\"auto, (max-width: 530px) 100vw, 530px\" \/><\/a><figcaption id=\"caption-attachment-75210\" class=\"wp-caption-text\">Carabineros presentes en el lugar. (Foto gentileza RP Rafa P\u00e9rez)<\/figcaption><\/figure>\n<figure id=\"attachment_75211\" aria-describedby=\"caption-attachment-75211\" style=\"width: 530px\" class=\"wp-caption alignleft\"><a href=\"http:\/\/www.eltrabajo.cl\/portal\/municipales-se-toman-ruta-60ch-provocando-inmenso-tacos-de-automoviles\/funcionarios-4\/\" rel=\"attachment wp-att-75211\"><img data-recalc-dims=\"1\" loading=\"lazy\" decoding=\"async\" class=\"size-full wp-image-75211\" src=\"https:\/\/i0.wp.com\/www.eltrabajo.cl\/portal\/wp-content\/uploads\/2016\/11\/Funcionarios..jpg?resize=530%2C350\" alt=\"Los funcionarios municipales mantienen cortado el tr\u00e1nsito vehicular en El Puente el Rey. (Foto gentileza RP Rafa P\u00e9rez).\" width=\"530\" height=\"350\" srcset=\"https:\/\/i0.wp.com\/eltrabajo.cl\/portal\/wp-content\/uploads\/2016\/11\/Funcionarios..jpg?w=530&amp;ssl=1 530w, https:\/\/i0.wp.com\/eltrabajo.cl\/portal\/wp-content\/uploads\/2016\/11\/Funcionarios..jpg?resize=200%2C132&amp;ssl=1 200w, https:\/\/i0.wp.com\/eltrabajo.cl\/portal\/wp-content\/uploads\/2016\/11\/Funcionarios..jpg?resize=300%2C198&amp;ssl=1 300w, https:\/\/i0.wp.com\/eltrabajo.cl\/portal\/wp-content\/uploads\/2016\/11\/Funcionarios..jpg?resize=227%2C150&amp;ssl=1 227w, https:\/\/i0.wp.com\/eltrabajo.cl\/portal\/wp-content\/uploads\/2016\/11\/Funcionarios..jpg?resize=400%2C264&amp;ssl=1 400w\" sizes=\"auto, (max-width: 530px) 100vw, 530px\" \/><\/a><figcaption id=\"caption-attachment-75211\" class=\"wp-caption-text\">Los funcionarios municipales mantienen cortado el tr\u00e1nsito vehicular en El Puente el Rey. (Foto gentileza RP Rafa P\u00e9rez).<\/figcaption><\/figure>\n","protected":false},"excerpt":{"rendered":"<p>Ayer jueves por la ma\u00f1ana, un grupo de funcionarios municipales decidieron tomarse la ruta de entrada a San Felipe, espec\u00edficamente El Puente El Rey, en protesta, ya que a\u00fan el Gobierno no&#8230;<\/p>\n","protected":false},"author":1,"featured_media":75211,"comment_status":"open","ping_status":"open","sticky":false,"template":"","format":"standard","meta":{"advanced_seo_description":"","jetpack_seo_html_title":"","jetpack_seo_noindex":false,"_jetpack_memberships_contains_paid_content":false,"footnotes":""},"categories":[15],"tags":[],"class_list":["post-75209","post","type-post","status-publish","format-standard","has-post-thumbnail","hentry","category-comunidad"],"jetpack_featured_media_url":"https:\/\/i0.wp.com\/eltrabajo.cl\/portal\/wp-content\/uploads\/2016\/11\/Funcionarios..jpg?fit=530%2C350&ssl=1","jetpack_sharing_enabled":true,"jetpack_likes_enabled":true,"jetpack-related-posts":[],"_links":{"self":[{"href":"https:\/\/eltrabajo.cl\/portal\/wp-json\/wp\/v2\/posts\/75209","targetHints":{"allow":["GET"]}}],"collection":[{"href":"https:\/\/eltrabajo.cl\/portal\/wp-json\/wp\/v2\/posts"}],"about":[{"href":"https:\/\/eltrabajo.cl\/portal\/wp-json\/wp\/v2\/types\/post"}],"author":[{"embeddable":true,"href":"https:\/\/eltrabajo.cl\/portal\/wp-json\/wp\/v2\/users\/1"}],"replies":[{"embeddable":true,"href":"https:\/\/eltrabajo.cl\/portal\/wp-json\/wp\/v2\/comments?post=75209"}],"version-history":[{"count":0,"href":"https:\/\/eltrabajo.cl\/portal\/wp-json\/wp\/v2\/posts\/75209\/revisions"}],"wp:featuredmedia":[{"embeddable":true,"href":"https:\/\/eltrabajo.cl\/portal\/wp-json\/wp\/v2\/media\/75211"}],"wp:attachment":[{"href":"https:\/\/eltrabajo.cl\/portal\/wp-json\/wp\/v2\/media?parent=75209"}],"wp:term":[{"taxonomy":"category","embeddable":true,"href":"https:\/\/eltrabajo.cl\/portal\/wp-json\/wp\/v2\/categories?post=75209"},{"taxonomy":"post_tag","embeddable":true,"href":"https:\/\/eltrabajo.cl\/portal\/wp-json\/wp\/v2\/tags?post=75209"}],"curies":[{"name":"wp","href":"https:\/\/api.w.org\/{rel}","templated":true}]}}