{"id":75214,"date":"2016-11-11T08:46:01","date_gmt":"2016-11-11T11:46:01","guid":{"rendered":"http:\/\/www.eltrabajo.cl\/portal\/?p=75214"},"modified":"2016-11-11T08:46:01","modified_gmt":"2016-11-11T11:46:01","slug":"denuncian-grave-error-en-administracion-de-medicamento-a-menor-con-epilepsia","status":"publish","type":"post","link":"https:\/\/eltrabajo.cl\/portal\/denuncian-grave-error-en-administracion-de-medicamento-a-menor-con-epilepsia\/","title":{"rendered":"Denuncian grave error en administraci\u00f3n de medicamento a menor con epilepsia"},"content":{"rendered":"<p>Una grave denuncia en contra de una m\u00e9dico pediatra del Hospital San Camilo de San Felipe, formul\u00f3 Viviana Rubilar Gonz\u00e1lez, quien junto a su pareja, Robinson Urical Salazar, nos visitaron para dar cuenta del caso que afect\u00f3 a su hijo de 12 a\u00f1os, quien tras sufrir un ataque de epilepsia mientras jugaba con unos amigos, debi\u00f3 ser llevado al hospital, lugar donde la facultativa, le suministr\u00f3 10 mil\u00edgramos de un medicamento cuando en realidad la dosis correspond\u00eda a 10 gotas.<br \/>\nLo anterior habr\u00eda dejado al menor inconsciente durante m\u00e1s de 14 horas, pudiendo haber muerto de un paro cardiorespiratorio, seg\u00fan le habr\u00eda indicado una enfermera del mismo establecimiento al enterarse de lo ocurrido, precisando que la dosis suministrada correspond\u00eda a 20 ni\u00f1os de su misma edad.<br \/>\nViviana Rubilar agrega, que al recibir el medicamento, su hijo junto con perder el conocimiento comenz\u00f3 a ponerse morado, lo que alert\u00f3 a la pediatra que reci\u00e9n entonces se dio cuenta del error que hab\u00eda cometido, pidi\u00e9ndole disculpas y manifestando que asum\u00eda su responsabilidad. La profesional entonces habr\u00eda telefoneado delante de ellos a una unidad de intoxicaci\u00f3n para consultar las consecuencias que podr\u00eda tener lo ocurrido. Posteriormente ordena dos lavados de est\u00f3mago y lo env\u00eda a la UCI para que est\u00e9 monitoreado y conectado ante cualquier problema que pudiera presentarse.<\/p>\n<p><strong>LA HISTORIA<\/strong><br \/>\nTodo comenz\u00f3 el pasado domingo a eso de las 23 horas, cuando su hijo Dub\u00e1n, quien sufre epilepsia y par\u00e1lisis cerebral, sali\u00f3 a jugar con unos amigos al pasaje donde vive en la poblaci\u00f3n Hacienda de Quilpu\u00e9. Repentinamente le sobrevino un ataque de epilepsia y cay\u00f3 desmayado al suelo. Afortunadamente, justo en esos instantes, pasaba por el lugar un furg\u00f3n de Carabineros cuyo personal, al percatarse de la situaci\u00f3n, deciden llevar al menor hasta el hospital para no perder tiempo esperando ambulancia.<br \/>\nUna vez en el Hospital San Camilo, la madre relata que su hijo vomit\u00f3 en forma abundante, sin que nadie lo atendiera, por lo que junto a personal de Carabineros deciden entrar para obtener atenci\u00f3n. Aparecen entonces dos se\u00f1oritas quienes lo llevan a reanimaci\u00f3n.<br \/>\nSeg\u00fan explica Viviana Rubilar, m\u00e1s de 10 personas le preguntaron qu\u00e9 hab\u00eda pasado y qu\u00e9 estaba tomando su hijo, debiendo relatar a cada una de ellas que hab\u00eda sufrido un ataque de epilepsia y que estaba tomando \u00e1cido valproico de 400, dos pastillas al d\u00eda de Rital\u00edn y 10 gotas de Risperidona dos veces al d\u00eda.<br \/>\nNo obstante, haber repetido hasta el cansancio la dosis de los medicamentos, la pediatra que lo atendi\u00f3 equivoc\u00f3 el tratamiento y le suministr\u00f3 mayor cantidad al confundir gotas con mil\u00edgramos, por lo cual, ahora teme por las secuelas que pueda sufrir su hijo, quien fue dado de alta el d\u00eda martes a las 13:30 horas aproximadamente.<\/p>\n<p><strong>HOSPITAL SAN CAMILO<\/strong><br \/>\nDiario El Trabajo tom\u00f3 contacto con el Departamento de Comunicaciones del Hospital San Camilo, para consultar por esta denuncia en particular, desde donde se nos remiti\u00f3 el siguiente comunicado:<br \/>\n\u00abEl d\u00eda 06 de noviembre ingresa al Servicio de Urgencias del Hospital San Camilo un paciente de 12 a\u00f1os debido a un cuadro convulsivo propio de su patolog\u00eda epil\u00e9ptica, por lo que es hospitalizado en el Servicio de Pediatr\u00eda, en donde evoluciona de manera estable, por lo que se le mantienen los medicamentos de base que ven\u00eda tomando, entre los cuales se encuentra la Risperidona, f\u00e1rmaco que es suministrado en dosis m\u00e1s altas de las usadas habitualmente por el paciente, pero a\u00fan dentro de las dosis permitidas para el peso del menor, suministrando 10 mg en una dosis de un m\u00e1ximo permitido de 16 mg por d\u00eda. Debido a esta alza en el medicamento que provoca somnolencia, el paciente se queda dormido, pero manteniendo siempre su estabilidad hemodin\u00e1mica y todos sus par\u00e1metros normales. Gracias a los procesos de seguridad y calidad establecidos, el incidente se detecta al momento, por lo que al menor se le realiza un lavado de est\u00f3mago y es trasladado a la UTI para una mejor monitorizaci\u00f3n de su evoluci\u00f3n, la cual es completamente normal y sin efectos secundarios de ning\u00fan tipo, de acuerdo a todos los ex\u00e1menes realizados para tranquilidad de los padres que estuvieron informados del tratamiento en todo momento. En vista de la excelente recuperaci\u00f3n, se decide su alta m\u00e9dica un d\u00eda despu\u00e9s de su ingreso con control en policl\u00ednico de neurolog\u00eda infantil en una semana\u00bb, concluye el comunicado.<\/p>\n<figure id=\"attachment_75215\" aria-describedby=\"caption-attachment-75215\" style=\"width: 530px\" class=\"wp-caption alignleft\"><a href=\"http:\/\/www.eltrabajo.cl\/portal\/denuncian-grave-error-en-administracion-de-medicamento-a-menor-con-epilepsia\/padres-nino-epilepsia-denuncian-negligencia\/\" rel=\"attachment wp-att-75215\"><img data-recalc-dims=\"1\" loading=\"lazy\" decoding=\"async\" class=\"size-full wp-image-75215\" src=\"https:\/\/i0.wp.com\/www.eltrabajo.cl\/portal\/wp-content\/uploads\/2016\/11\/padres-ni%C3%B1o-epilepsia-denuncian-negligencia-.jpg?resize=530%2C349\" alt=\"Viviana Rubilar Gonz\u00e1lez junto a Robinson Urical Salazar, padres del menor de 12 a\u00f1os que sufri\u00f3 la sobredosis, se mostraron preocupados por las secuelas que pueda sufrir su hijo.\" width=\"530\" height=\"349\" srcset=\"https:\/\/i0.wp.com\/eltrabajo.cl\/portal\/wp-content\/uploads\/2016\/11\/padres-ni%C3%B1o-epilepsia-denuncian-negligencia-.jpg?w=530&amp;ssl=1 530w, https:\/\/i0.wp.com\/eltrabajo.cl\/portal\/wp-content\/uploads\/2016\/11\/padres-ni%C3%B1o-epilepsia-denuncian-negligencia-.jpg?resize=200%2C132&amp;ssl=1 200w, https:\/\/i0.wp.com\/eltrabajo.cl\/portal\/wp-content\/uploads\/2016\/11\/padres-ni%C3%B1o-epilepsia-denuncian-negligencia-.jpg?resize=300%2C198&amp;ssl=1 300w, https:\/\/i0.wp.com\/eltrabajo.cl\/portal\/wp-content\/uploads\/2016\/11\/padres-ni%C3%B1o-epilepsia-denuncian-negligencia-.jpg?resize=228%2C150&amp;ssl=1 228w, https:\/\/i0.wp.com\/eltrabajo.cl\/portal\/wp-content\/uploads\/2016\/11\/padres-ni%C3%B1o-epilepsia-denuncian-negligencia-.jpg?resize=400%2C263&amp;ssl=1 400w\" sizes=\"auto, (max-width: 530px) 100vw, 530px\" \/><\/a><figcaption id=\"caption-attachment-75215\" class=\"wp-caption-text\">Viviana Rubilar Gonz\u00e1lez junto a Robinson Urical Salazar, padres del menor de 12 a\u00f1os que sufri\u00f3 la sobredosis, se mostraron preocupados por las secuelas que pueda sufrir su hijo.<\/figcaption><\/figure>\n","protected":false},"excerpt":{"rendered":"<p>Una grave denuncia en contra de una m\u00e9dico pediatra del Hospital San Camilo de San Felipe, formul\u00f3 Viviana Rubilar Gonz\u00e1lez, quien junto a su pareja, Robinson Urical Salazar, nos visitaron para dar&#8230;<\/p>\n","protected":false},"author":1,"featured_media":75215,"comment_status":"open","ping_status":"open","sticky":false,"template":"","format":"standard","meta":{"advanced_seo_description":"","jetpack_seo_html_title":"","jetpack_seo_noindex":false,"_jetpack_memberships_contains_paid_content":false,"footnotes":""},"categories":[15],"tags":[],"class_list":["post-75214","post","type-post","status-publish","format-standard","has-post-thumbnail","hentry","category-comunidad"],"jetpack_featured_media_url":"https:\/\/i0.wp.com\/eltrabajo.cl\/portal\/wp-content\/uploads\/2016\/11\/padres-ni%C3%B1o-epilepsia-denuncian-negligencia-.jpg?fit=530%2C349&ssl=1","jetpack_sharing_enabled":true,"jetpack_likes_enabled":true,"jetpack-related-posts":[],"_links":{"self":[{"href":"https:\/\/eltrabajo.cl\/portal\/wp-json\/wp\/v2\/posts\/75214","targetHints":{"allow":["GET"]}}],"collection":[{"href":"https:\/\/eltrabajo.cl\/portal\/wp-json\/wp\/v2\/posts"}],"about":[{"href":"https:\/\/eltrabajo.cl\/portal\/wp-json\/wp\/v2\/types\/post"}],"author":[{"embeddable":true,"href":"https:\/\/eltrabajo.cl\/portal\/wp-json\/wp\/v2\/users\/1"}],"replies":[{"embeddable":true,"href":"https:\/\/eltrabajo.cl\/portal\/wp-json\/wp\/v2\/comments?post=75214"}],"version-history":[{"count":0,"href":"https:\/\/eltrabajo.cl\/portal\/wp-json\/wp\/v2\/posts\/75214\/revisions"}],"wp:featuredmedia":[{"embeddable":true,"href":"https:\/\/eltrabajo.cl\/portal\/wp-json\/wp\/v2\/media\/75215"}],"wp:attachment":[{"href":"https:\/\/eltrabajo.cl\/portal\/wp-json\/wp\/v2\/media?parent=75214"}],"wp:term":[{"taxonomy":"category","embeddable":true,"href":"https:\/\/eltrabajo.cl\/portal\/wp-json\/wp\/v2\/categories?post=75214"},{"taxonomy":"post_tag","embeddable":true,"href":"https:\/\/eltrabajo.cl\/portal\/wp-json\/wp\/v2\/tags?post=75214"}],"curies":[{"name":"wp","href":"https:\/\/api.w.org\/{rel}","templated":true}]}}