{"id":75232,"date":"2016-11-14T09:10:54","date_gmt":"2016-11-14T12:10:54","guid":{"rendered":"http:\/\/www.eltrabajo.cl\/portal\/?p=75232"},"modified":"2016-11-14T09:10:54","modified_gmt":"2016-11-14T12:10:54","slug":"iglesia-catolica-se-reune-con-inmigrantes-haitianos-para-ofrecerles-su-ayuda","status":"publish","type":"post","link":"https:\/\/eltrabajo.cl\/portal\/iglesia-catolica-se-reune-con-inmigrantes-haitianos-para-ofrecerles-su-ayuda\/","title":{"rendered":"Iglesia Cat\u00f3lica se re\u00fane con inmigrantes haitianos para ofrecerles su ayuda"},"content":{"rendered":"<p>En la parroquia Esp\u00edritu Santo, ubicada en la avenida Riquelme de San Felipe, representantes de la Iglesia Cat\u00f3lica se reunieron este s\u00e1bado con un grupo de ciudadanos haitianos, para conocer en qu\u00e9 situaci\u00f3n est\u00e1n, junto con ello asesorarlos en temas fundamentales como los laborales.<br \/>\nPara la profesora Dixi Olgu\u00edn Lazcano, fue impactante conocer la realidad de estas personas \u201ca m\u00ed me invitaron a participar para traducir yo soy profesora de ingl\u00e9s y franc\u00e9s y entonces me pidieron que ayudara con el tema del idioma porque hay una gran comunidad de haitianos, m\u00e1s de lo que nosotros pensamos y ellos tienen grande necesidades, entonces lo que queremos nosotros como iglesia, parroquia, como comunidad, trabajar como fuerza unida en torno a esta comunidad, hay un grupo de voluntarios que ha sido congregado por el padre Ricardo Cortez Piffaut\u201d dijo.<br \/>\nLos ciudadanos haitianos vienen principalmente buscando trabajo, son familias muy numerosas.<br \/>\nDebido a la situaci\u00f3n de su pa\u00eds, debieron dejar todo de lado para poder sobrevivir, para poder llevar dinero a sus seres queridos.<br \/>\nAl contrario de lo que uno pudiese pensar, dice la profesora que se sienten muy contentos, muy queridos.<br \/>\nReconoce que el idioma es una gran limitante para ellos, \u201chablan creole, algunos de ellos hablan espa\u00f1ol pero muy (\u2026) muy poco, y tambi\u00e9n el franc\u00e9s y para eso estamos aqu\u00ed para ayudarlos y esa es la otra inquietud de las otras voluntarias que tienen un coraz\u00f3n generoso, son muy serviciales y amables pero el tema del idioma es un poco complicado\u201d.<br \/>\nMar\u00eda Isabel Morales Aguilera, \u201cnosotros estamos en pastoral y en el Colegio Vedruna supimos de ellos y fuimos acogerlos, ahora los estamos ayudando en c\u00f3mo encontrar trabajo y la comida que es lo principal\u201d dijo<br \/>\nEn la reuni\u00f3n, estaba un padre de origen haitiano de nombre Mike Liyasemunt, se\u00f1alando que los son j\u00f3venes que llegan a San Felipe, tienen entre los 25 a 30 a\u00f1os y su \u00fanico objetivo es encontrar un trabajo para poder ayudar a sus familias \u201cporque todos saben que Hait\u00ed est\u00e1 sufriendo muchos cat\u00e1strofes naturales, \u00faltimamente hubo una hurac\u00e1n en el sur que destruy\u00f3 todo a su paso, por eso lo \u00fanico que buscan es trabajo para ayudar a sus familias\u201d.<br \/>\nOtro de los organizadores de esta reuni\u00f3n, Jos\u00e9 Martel Brito se\u00f1alo que concurri\u00f3 por su nuera y aprovech\u00f3 para ofrecer un puesto de trabajo de peoneta, porque tiene camiones.<br \/>\nEn cuanto al n\u00famero de inmigrantes, este sobrepasar\u00eda los doscientos.<\/p>\n<figure id=\"attachment_75233\" aria-describedby=\"caption-attachment-75233\" style=\"width: 530px\" class=\"wp-caption alignleft\"><a href=\"http:\/\/www.eltrabajo.cl\/portal\/iglesia-catolica-se-reune-con-inmigrantes-haitianos-para-ofrecerles-su-ayuda\/te\/\" rel=\"attachment wp-att-75233\"><img data-recalc-dims=\"1\" loading=\"lazy\" decoding=\"async\" class=\"size-full wp-image-75233\" src=\"https:\/\/i0.wp.com\/www.eltrabajo.cl\/portal\/wp-content\/uploads\/2016\/11\/T%C3%A9.jpg?resize=530%2C349\" alt=\"Un joven haitiano disfruta de una taza de t\u00e9 mientras los dem\u00e1s escuchan con atenci\u00f3n. (Foto KM Producciones).\" width=\"530\" height=\"349\" srcset=\"https:\/\/i0.wp.com\/eltrabajo.cl\/portal\/wp-content\/uploads\/2016\/11\/T%C3%A9.jpg?w=530&amp;ssl=1 530w, https:\/\/i0.wp.com\/eltrabajo.cl\/portal\/wp-content\/uploads\/2016\/11\/T%C3%A9.jpg?resize=200%2C132&amp;ssl=1 200w, https:\/\/i0.wp.com\/eltrabajo.cl\/portal\/wp-content\/uploads\/2016\/11\/T%C3%A9.jpg?resize=300%2C198&amp;ssl=1 300w, https:\/\/i0.wp.com\/eltrabajo.cl\/portal\/wp-content\/uploads\/2016\/11\/T%C3%A9.jpg?resize=228%2C150&amp;ssl=1 228w, https:\/\/i0.wp.com\/eltrabajo.cl\/portal\/wp-content\/uploads\/2016\/11\/T%C3%A9.jpg?resize=400%2C263&amp;ssl=1 400w\" sizes=\"auto, (max-width: 530px) 100vw, 530px\" \/><\/a><figcaption id=\"caption-attachment-75233\" class=\"wp-caption-text\">Un joven haitiano disfruta de una taza de t\u00e9 mientras los dem\u00e1s escuchan con atenci\u00f3n. (Foto KM Producciones).<\/figcaption><\/figure>\n<figure id=\"attachment_75234\" aria-describedby=\"caption-attachment-75234\" style=\"width: 530px\" class=\"wp-caption alignleft\"><a href=\"http:\/\/www.eltrabajo.cl\/portal\/iglesia-catolica-se-reune-con-inmigrantes-haitianos-para-ofrecerles-su-ayuda\/voluntaria\/\" rel=\"attachment wp-att-75234\"><img data-recalc-dims=\"1\" loading=\"lazy\" decoding=\"async\" class=\"size-full wp-image-75234\" src=\"https:\/\/i0.wp.com\/www.eltrabajo.cl\/portal\/wp-content\/uploads\/2016\/11\/Voluntaria.jpg?resize=530%2C349\" alt=\"Una de las voluntarias organizadoras compartiendo con los ciudadanos haitianos. (KM Producciones)\" width=\"530\" height=\"349\" srcset=\"https:\/\/i0.wp.com\/eltrabajo.cl\/portal\/wp-content\/uploads\/2016\/11\/Voluntaria.jpg?w=530&amp;ssl=1 530w, https:\/\/i0.wp.com\/eltrabajo.cl\/portal\/wp-content\/uploads\/2016\/11\/Voluntaria.jpg?resize=200%2C132&amp;ssl=1 200w, https:\/\/i0.wp.com\/eltrabajo.cl\/portal\/wp-content\/uploads\/2016\/11\/Voluntaria.jpg?resize=300%2C198&amp;ssl=1 300w, https:\/\/i0.wp.com\/eltrabajo.cl\/portal\/wp-content\/uploads\/2016\/11\/Voluntaria.jpg?resize=228%2C150&amp;ssl=1 228w, https:\/\/i0.wp.com\/eltrabajo.cl\/portal\/wp-content\/uploads\/2016\/11\/Voluntaria.jpg?resize=400%2C263&amp;ssl=1 400w\" sizes=\"auto, (max-width: 530px) 100vw, 530px\" \/><\/a><figcaption id=\"caption-attachment-75234\" class=\"wp-caption-text\">Una de las voluntarias organizadoras compartiendo con los ciudadanos haitianos. (KM Producciones)<\/figcaption><\/figure>\n<figure id=\"attachment_75235\" aria-describedby=\"caption-attachment-75235\" style=\"width: 530px\" class=\"wp-caption alignleft\"><a href=\"http:\/\/www.eltrabajo.cl\/portal\/iglesia-catolica-se-reune-con-inmigrantes-haitianos-para-ofrecerles-su-ayuda\/desayuno-3\/\" rel=\"attachment wp-att-75235\"><img data-recalc-dims=\"1\" loading=\"lazy\" decoding=\"async\" class=\"size-full wp-image-75235\" src=\"https:\/\/i0.wp.com\/www.eltrabajo.cl\/portal\/wp-content\/uploads\/2016\/11\/Desayuno.jpg?resize=530%2C348\" alt=\"Los ciudadanos disfrutando del desayuno preparado para ellos. (Foto Gentileza KM Producciones).\" width=\"530\" height=\"348\" srcset=\"https:\/\/i0.wp.com\/eltrabajo.cl\/portal\/wp-content\/uploads\/2016\/11\/Desayuno.jpg?w=530&amp;ssl=1 530w, https:\/\/i0.wp.com\/eltrabajo.cl\/portal\/wp-content\/uploads\/2016\/11\/Desayuno.jpg?resize=200%2C131&amp;ssl=1 200w, https:\/\/i0.wp.com\/eltrabajo.cl\/portal\/wp-content\/uploads\/2016\/11\/Desayuno.jpg?resize=300%2C197&amp;ssl=1 300w, https:\/\/i0.wp.com\/eltrabajo.cl\/portal\/wp-content\/uploads\/2016\/11\/Desayuno.jpg?resize=228%2C150&amp;ssl=1 228w, https:\/\/i0.wp.com\/eltrabajo.cl\/portal\/wp-content\/uploads\/2016\/11\/Desayuno.jpg?resize=400%2C263&amp;ssl=1 400w\" sizes=\"auto, (max-width: 530px) 100vw, 530px\" \/><\/a><figcaption id=\"caption-attachment-75235\" class=\"wp-caption-text\">Los ciudadanos disfrutando del desayuno preparado para ellos. (Foto Gentileza KM Producciones).<\/figcaption><\/figure>\n<figure id=\"attachment_75236\" aria-describedby=\"caption-attachment-75236\" style=\"width: 530px\" class=\"wp-caption alignleft\"><a href=\"http:\/\/www.eltrabajo.cl\/portal\/iglesia-catolica-se-reune-con-inmigrantes-haitianos-para-ofrecerles-su-ayuda\/padre\/\" rel=\"attachment wp-att-75236\"><img data-recalc-dims=\"1\" loading=\"lazy\" decoding=\"async\" class=\"size-full wp-image-75236\" src=\"https:\/\/i0.wp.com\/www.eltrabajo.cl\/portal\/wp-content\/uploads\/2016\/11\/Padre.jpg?resize=530%2C349\" alt=\"El Padre Mike Liseyamunt compartiendo el desayuno con sus compatriotas (Foto KM Producciones).\" width=\"530\" height=\"349\" srcset=\"https:\/\/i0.wp.com\/eltrabajo.cl\/portal\/wp-content\/uploads\/2016\/11\/Padre.jpg?w=530&amp;ssl=1 530w, https:\/\/i0.wp.com\/eltrabajo.cl\/portal\/wp-content\/uploads\/2016\/11\/Padre.jpg?resize=200%2C132&amp;ssl=1 200w, https:\/\/i0.wp.com\/eltrabajo.cl\/portal\/wp-content\/uploads\/2016\/11\/Padre.jpg?resize=300%2C198&amp;ssl=1 300w, https:\/\/i0.wp.com\/eltrabajo.cl\/portal\/wp-content\/uploads\/2016\/11\/Padre.jpg?resize=228%2C150&amp;ssl=1 228w, https:\/\/i0.wp.com\/eltrabajo.cl\/portal\/wp-content\/uploads\/2016\/11\/Padre.jpg?resize=400%2C263&amp;ssl=1 400w\" sizes=\"auto, (max-width: 530px) 100vw, 530px\" \/><\/a><figcaption id=\"caption-attachment-75236\" class=\"wp-caption-text\">El Padre Mike Liseyamunt compartiendo el desayuno con sus compatriotas (Foto KM Producciones).<\/figcaption><\/figure>\n<figure id=\"attachment_75237\" aria-describedby=\"caption-attachment-75237\" style=\"width: 530px\" class=\"wp-caption alignleft\"><a href=\"http:\/\/www.eltrabajo.cl\/portal\/iglesia-catolica-se-reune-con-inmigrantes-haitianos-para-ofrecerles-su-ayuda\/profesora\/\" rel=\"attachment wp-att-75237\"><img data-recalc-dims=\"1\" loading=\"lazy\" decoding=\"async\" class=\"size-full wp-image-75237\" src=\"https:\/\/i0.wp.com\/www.eltrabajo.cl\/portal\/wp-content\/uploads\/2016\/11\/Profesora.jpg?resize=530%2C350\" alt=\"Los ciudadanos atentos a lo que la profesora les est\u00e1 ense\u00f1ando para que puedan expresarse mejor con el idioma en San Felipe. (Foto KM Producciones).\" width=\"530\" height=\"350\" srcset=\"https:\/\/i0.wp.com\/eltrabajo.cl\/portal\/wp-content\/uploads\/2016\/11\/Profesora.jpg?w=530&amp;ssl=1 530w, https:\/\/i0.wp.com\/eltrabajo.cl\/portal\/wp-content\/uploads\/2016\/11\/Profesora.jpg?resize=200%2C132&amp;ssl=1 200w, https:\/\/i0.wp.com\/eltrabajo.cl\/portal\/wp-content\/uploads\/2016\/11\/Profesora.jpg?resize=300%2C198&amp;ssl=1 300w, https:\/\/i0.wp.com\/eltrabajo.cl\/portal\/wp-content\/uploads\/2016\/11\/Profesora.jpg?resize=227%2C150&amp;ssl=1 227w, https:\/\/i0.wp.com\/eltrabajo.cl\/portal\/wp-content\/uploads\/2016\/11\/Profesora.jpg?resize=400%2C264&amp;ssl=1 400w\" sizes=\"auto, (max-width: 530px) 100vw, 530px\" \/><\/a><figcaption id=\"caption-attachment-75237\" class=\"wp-caption-text\">Los ciudadanos atentos a lo que la profesora les est\u00e1 ense\u00f1ando para que puedan expresarse mejor con el idioma en San Felipe. (Foto KM Producciones).<\/figcaption><\/figure>\n","protected":false},"excerpt":{"rendered":"<p>En la parroquia Esp\u00edritu Santo, ubicada en la avenida Riquelme de San Felipe, representantes de la Iglesia Cat\u00f3lica se reunieron este s\u00e1bado con un grupo de ciudadanos haitianos, para conocer en qu\u00e9&#8230;<\/p>\n","protected":false},"author":1,"featured_media":75235,"comment_status":"open","ping_status":"open","sticky":false,"template":"","format":"standard","meta":{"advanced_seo_description":"","jetpack_seo_html_title":"","jetpack_seo_noindex":false,"_jetpack_memberships_contains_paid_content":false,"footnotes":""},"categories":[15],"tags":[],"class_list":["post-75232","post","type-post","status-publish","format-standard","has-post-thumbnail","hentry","category-comunidad"],"jetpack_featured_media_url":"https:\/\/i0.wp.com\/eltrabajo.cl\/portal\/wp-content\/uploads\/2016\/11\/Desayuno.jpg?fit=530%2C348&ssl=1","jetpack_sharing_enabled":true,"jetpack_likes_enabled":true,"jetpack-related-posts":[],"_links":{"self":[{"href":"https:\/\/eltrabajo.cl\/portal\/wp-json\/wp\/v2\/posts\/75232","targetHints":{"allow":["GET"]}}],"collection":[{"href":"https:\/\/eltrabajo.cl\/portal\/wp-json\/wp\/v2\/posts"}],"about":[{"href":"https:\/\/eltrabajo.cl\/portal\/wp-json\/wp\/v2\/types\/post"}],"author":[{"embeddable":true,"href":"https:\/\/eltrabajo.cl\/portal\/wp-json\/wp\/v2\/users\/1"}],"replies":[{"embeddable":true,"href":"https:\/\/eltrabajo.cl\/portal\/wp-json\/wp\/v2\/comments?post=75232"}],"version-history":[{"count":0,"href":"https:\/\/eltrabajo.cl\/portal\/wp-json\/wp\/v2\/posts\/75232\/revisions"}],"wp:featuredmedia":[{"embeddable":true,"href":"https:\/\/eltrabajo.cl\/portal\/wp-json\/wp\/v2\/media\/75235"}],"wp:attachment":[{"href":"https:\/\/eltrabajo.cl\/portal\/wp-json\/wp\/v2\/media?parent=75232"}],"wp:term":[{"taxonomy":"category","embeddable":true,"href":"https:\/\/eltrabajo.cl\/portal\/wp-json\/wp\/v2\/categories?post=75232"},{"taxonomy":"post_tag","embeddable":true,"href":"https:\/\/eltrabajo.cl\/portal\/wp-json\/wp\/v2\/tags?post=75232"}],"curies":[{"name":"wp","href":"https:\/\/api.w.org\/{rel}","templated":true}]}}