{"id":75256,"date":"2016-11-15T08:26:53","date_gmt":"2016-11-15T11:26:53","guid":{"rendered":"http:\/\/www.eltrabajo.cl\/portal\/?p=75256"},"modified":"2016-11-15T08:26:53","modified_gmt":"2016-11-15T11:26:53","slug":"paro-trabajadores-de-la-salud-provoca-suspension-de-mas-de-mil-atenciones","status":"publish","type":"post","link":"https:\/\/eltrabajo.cl\/portal\/paro-trabajadores-de-la-salud-provoca-suspension-de-mas-de-mil-atenciones\/","title":{"rendered":"Paro trabajadores de la Salud provoca suspensi\u00f3n de m\u00e1s de mil atenciones"},"content":{"rendered":"<ul>\n<li><strong>Un total de 900 consultas de especialidades y 200 intervenciones electivas tendr\u00e1n que ser reprogramadas:<\/strong><\/li>\n<\/ul>\n<p>La directora del Servicio de Salud Aconcagua, Dra. Vilma Olave, se refiri\u00f3 a las consecuencias que han provocado 2 semanas de paralizaci\u00f3n de los trabajadores del Sector P\u00fablico, espec\u00edficamente mencionando las \u00e1reas de la salud que se han visto m\u00e1s afectadas, precisando que a nivel local, por el momento, se han suspendido alrededor de 900 consultas de especialidades y unas 200 intervenciones electivas.<br \/>\nSi bien Olave fue enf\u00e1tica en se\u00f1alar, que la direcci\u00f3n del SSA reivindica el derecho de los trabajadores a manifestarse, lament\u00f3 que sean los usuarios y usuarias lo que en definitiva reciban el impacto directo de paralizaciones tan prolongadas como la que se est\u00e1 presentando<br \/>\n\u201cLas movilizaciones, cuando espec\u00edficamente se tratan de paralizaciones, tienen un impacto en cualquier \u00e1rea, pero especialmente en salud, por la din\u00e1mica nuestra y obviamente al no poder programar las necesidades de salud de la poblaci\u00f3n\u201d, subray\u00f3 la facultativa.<br \/>\nRespecto de la informaci\u00f3n entregada por algunos dirigentes gremiales, quienes durante la semana pasada fustigaron a la direcci\u00f3n del SSA, por un supuesto instructivo que amenazaba con ciertas sanciones a los trabajadores que se fueran sumando a la movilizaci\u00f3n, Olave desminti\u00f3 esos dichos y precis\u00f3 que \u201ceso no es efectivo, reiteramos instrucciones respecto de las unidades cr\u00edticas y es sabido que esa algo que est\u00e1 establecido en el estatuto administrativo y en todo nuestro marco legal, que las unidades cr\u00edticas, ya sea, Unidad de Cuidados Intensivos, UCI (adulta, pedi\u00e1trica y neonatol\u00f3gica) o servicio de Urgencias, no pueden ser abandonadas, eso es una acci\u00f3n que va a ser sancionada aqu\u00ed en todo el pa\u00eds\u201d, argument\u00f3 Olave, insistiendo que en el mismo archivo est\u00e1 explicitada la reivindicaci\u00f3n de los derechos de los trabajadores de la salud a movilizarse.<br \/>\nOlave asegur\u00f3 que, a nivel local, los servicios de Urgencia Hospitalario, Rurales y tambi\u00e9n los Sapu, se han mantenido funcionando en completa normalidad y habr\u00e1 que esperar que el conflicto ente los trabajadores y el Gobierno se resuelva, para poder planificar y reprogramara las atenciones e intervenciones suspendidas<br \/>\n\u201cEstamos a la espera de las negociaciones, esperando que se puedan retomar las actividades de nuestro sistema de salud local y una vez que eso pase, se desarrollar\u00e1n los planes de contingencia necesarios para tratar de recuperar las actividades que se han suspendido\u201d, concluy\u00f3 Olave.<\/p>\n<figure id=\"attachment_75257\" aria-describedby=\"caption-attachment-75257\" style=\"width: 530px\" class=\"wp-caption alignleft\"><a href=\"http:\/\/www.eltrabajo.cl\/portal\/paro-trabajadores-de-la-salud-provoca-suspension-de-mas-de-mil-atenciones\/vilma-olave-6\/\" rel=\"attachment wp-att-75257\"><img data-recalc-dims=\"1\" loading=\"lazy\" decoding=\"async\" class=\"size-full wp-image-75257\" src=\"https:\/\/i0.wp.com\/www.eltrabajo.cl\/portal\/wp-content\/uploads\/2016\/11\/VILMA-OLAVE.jpg?resize=530%2C348\" alt=\"Directora del Servicio de Salud Aconcagua, Dra. Vilma Olave.\" width=\"530\" height=\"348\" srcset=\"https:\/\/i0.wp.com\/eltrabajo.cl\/portal\/wp-content\/uploads\/2016\/11\/VILMA-OLAVE.jpg?w=530&amp;ssl=1 530w, https:\/\/i0.wp.com\/eltrabajo.cl\/portal\/wp-content\/uploads\/2016\/11\/VILMA-OLAVE.jpg?resize=200%2C131&amp;ssl=1 200w, https:\/\/i0.wp.com\/eltrabajo.cl\/portal\/wp-content\/uploads\/2016\/11\/VILMA-OLAVE.jpg?resize=300%2C197&amp;ssl=1 300w, https:\/\/i0.wp.com\/eltrabajo.cl\/portal\/wp-content\/uploads\/2016\/11\/VILMA-OLAVE.jpg?resize=228%2C150&amp;ssl=1 228w, https:\/\/i0.wp.com\/eltrabajo.cl\/portal\/wp-content\/uploads\/2016\/11\/VILMA-OLAVE.jpg?resize=400%2C263&amp;ssl=1 400w\" sizes=\"auto, (max-width: 530px) 100vw, 530px\" \/><\/a><figcaption id=\"caption-attachment-75257\" class=\"wp-caption-text\">Directora del Servicio de Salud Aconcagua, Dra. Vilma Olave.<\/figcaption><\/figure>\n","protected":false},"excerpt":{"rendered":"<p>Un total de 900 consultas de especialidades y 200 intervenciones electivas tendr\u00e1n que ser reprogramadas: La directora del Servicio de Salud Aconcagua, Dra. Vilma Olave, se refiri\u00f3 a las consecuencias que han&#8230;<\/p>\n","protected":false},"author":1,"featured_media":75257,"comment_status":"open","ping_status":"open","sticky":false,"template":"","format":"standard","meta":{"advanced_seo_description":"","jetpack_seo_html_title":"","jetpack_seo_noindex":false,"_jetpack_memberships_contains_paid_content":false,"footnotes":""},"categories":[1],"tags":[],"class_list":["post-75256","post","type-post","status-publish","format-standard","has-post-thumbnail","hentry","category-cronica"],"jetpack_featured_media_url":"https:\/\/i0.wp.com\/eltrabajo.cl\/portal\/wp-content\/uploads\/2016\/11\/VILMA-OLAVE.jpg?fit=530%2C348&ssl=1","jetpack_sharing_enabled":true,"jetpack_likes_enabled":true,"jetpack-related-posts":[],"_links":{"self":[{"href":"https:\/\/eltrabajo.cl\/portal\/wp-json\/wp\/v2\/posts\/75256","targetHints":{"allow":["GET"]}}],"collection":[{"href":"https:\/\/eltrabajo.cl\/portal\/wp-json\/wp\/v2\/posts"}],"about":[{"href":"https:\/\/eltrabajo.cl\/portal\/wp-json\/wp\/v2\/types\/post"}],"author":[{"embeddable":true,"href":"https:\/\/eltrabajo.cl\/portal\/wp-json\/wp\/v2\/users\/1"}],"replies":[{"embeddable":true,"href":"https:\/\/eltrabajo.cl\/portal\/wp-json\/wp\/v2\/comments?post=75256"}],"version-history":[{"count":0,"href":"https:\/\/eltrabajo.cl\/portal\/wp-json\/wp\/v2\/posts\/75256\/revisions"}],"wp:featuredmedia":[{"embeddable":true,"href":"https:\/\/eltrabajo.cl\/portal\/wp-json\/wp\/v2\/media\/75257"}],"wp:attachment":[{"href":"https:\/\/eltrabajo.cl\/portal\/wp-json\/wp\/v2\/media?parent=75256"}],"wp:term":[{"taxonomy":"category","embeddable":true,"href":"https:\/\/eltrabajo.cl\/portal\/wp-json\/wp\/v2\/categories?post=75256"},{"taxonomy":"post_tag","embeddable":true,"href":"https:\/\/eltrabajo.cl\/portal\/wp-json\/wp\/v2\/tags?post=75256"}],"curies":[{"name":"wp","href":"https:\/\/api.w.org\/{rel}","templated":true}]}}