{"id":75260,"date":"2016-11-15T08:34:23","date_gmt":"2016-11-15T11:34:23","guid":{"rendered":"http:\/\/www.eltrabajo.cl\/portal\/?p=75260"},"modified":"2016-11-15T08:34:23","modified_gmt":"2016-11-15T11:34:23","slug":"organizan-septimo-encuentro-nacional-de-personas-con-sindrome-de-down","status":"publish","type":"post","link":"https:\/\/eltrabajo.cl\/portal\/organizan-septimo-encuentro-nacional-de-personas-con-sindrome-de-down\/","title":{"rendered":"Organizan s\u00e9ptimo Encuentro Nacional de Personas con S\u00edndrome de Down"},"content":{"rendered":"<ul>\n<li><strong>Agrupaci\u00f3n \u00c1ngeles de San Felipe:<\/strong><\/li>\n<\/ul>\n<p>Unas dos mil personas y casi doscientos ni\u00f1os, participaron del S\u00e9ptimo Encuentro Nacional de Personas con S\u00edndrome de Down realizado este s\u00e1bado, en el Estadio Fiscal de San Felipe.<br \/>\nEl encuentro fue organizado por la Agrupaci\u00f3n \u00c1ngeles de San Felipe, que preside Siria Mena J\u00e1uregui.<br \/>\n\u201cEste a\u00f1o, por s\u00e9ptima vez hicimos el encuentro nacional de personas con s\u00edndrome de Down en la cual participaron 186 ni\u00f1os, pues se nos bajaron como ocho agrupaciones debido al paro no contaron con la movilizaci\u00f3n que le hab\u00edan ofrecido, de todas maneras tuvimos linda visitas como Caballito Blanco, una batucada, el Mago Mauricio de Santiago, esposo de la doble oficial de Shakira, ella tambi\u00e9n particip\u00f3 con nosotros, Michael Silva con su banda, hubo mucha participaci\u00f3n de los grupos que vinieron, entre ellos de folklor, zumba, en fin todo ellos los hicieron bailar\u201d dijo<br \/>\nOtro que estuvo presente fue el exjugador del Uni-Uni Kike Acu\u00f1a, quien regal\u00f3 pelotas, se sac\u00f3 fotos con los ni\u00f1os, adem\u00e1s se puso a disposici\u00f3n de la agrupaci\u00f3n para ayudar en lo que fuera necesario.<br \/>\n\u201cLos ni\u00f1os lo pasaron muy bien vinieron cerca de dos mil personas, adem\u00e1s durante todo el d\u00eda tuvimos muchos shows, concursos, voluntarios del Liceo Mixto, Gu\u00edas y Scout de San Felipe, personas particulares\u201d, dijo la presidenta.<br \/>\nEntre los asistentes hab\u00eda personas provenientes de Temuco, Concepci\u00f3n, Puerto Montt, Antofagasta, Santiago, Vta. Regi\u00f3n y por su puesto del Valle de Aconcagua.<br \/>\nRecibieron las cooperaciones de los alcaldes de Catemu Boris Luksic, de San Felipe Patricio Freire Canto, Santa Mar\u00eda Claudio Zurita.<br \/>\n&#8211; \u00bfQU\u00c9 ES EL S\u00cdNDROME DE DOWN?<br \/>\nDr. Eduardo Moreno Vivot, pediatra experto en s\u00edndrome de Down \u00a0responde:<br \/>\n\u201cEl s\u00edndrome de Down es una alteraci\u00f3n cromos\u00f3mica que lleva a que una determinada persona se desarrolle con caracter\u00edsticas particulares. Esta se produce por la presencia de un tercer cromosoma 21, conformando la Trisom\u00eda 21. Antes, en general, se los consideraba personas con discapacidad intelectual sin posibilidades, y as\u00ed no se le ofrec\u00edan las oportunidades para desarrollar sus capacidades, se miraban solo sus limitaciones, muchas creo yo, impuestas socialmente. En el presente la persona con s\u00edndrome de Down se la est\u00e1 integrando pero aun no incluyendo y eso es el futuro. Se le est\u00e1n ofreciendo las oportunidades para que se desarrolle, y mirando sus capacidades y no sus limitaciones. En cuanto al futuro, pienso en personas incluidas socialmente, concurriendo a colegios regulares, trabajando como el resto de la sociedad y viviendo en forma aut\u00f3noma acorde a las posibilidades de cada uno\u201d.<br \/>\nEn Chile nacen 500 ni\u00f1os \u00a0al a\u00f1o con s\u00edndrome de Down, siendo nuestro pa\u00eds l\u00edder mundial en nacimientos. (Fuente : Down 21 Chile)<\/p>\n<figure id=\"attachment_75261\" aria-describedby=\"caption-attachment-75261\" style=\"width: 530px\" class=\"wp-caption alignleft\"><a href=\"http:\/\/www.eltrabajo.cl\/portal\/organizan-septimo-encuentro-nacional-de-personas-con-sindrome-de-down\/down-1\/\" rel=\"attachment wp-att-75261\"><img data-recalc-dims=\"1\" loading=\"lazy\" decoding=\"async\" class=\"size-full wp-image-75261\" src=\"https:\/\/i0.wp.com\/www.eltrabajo.cl\/portal\/wp-content\/uploads\/2016\/11\/Down-1.jpg?resize=530%2C350\" alt=\"Los ni\u00f1os participan de un baile entretenido.\" width=\"530\" height=\"350\" srcset=\"https:\/\/i0.wp.com\/eltrabajo.cl\/portal\/wp-content\/uploads\/2016\/11\/Down-1.jpg?w=530&amp;ssl=1 530w, https:\/\/i0.wp.com\/eltrabajo.cl\/portal\/wp-content\/uploads\/2016\/11\/Down-1.jpg?resize=200%2C132&amp;ssl=1 200w, https:\/\/i0.wp.com\/eltrabajo.cl\/portal\/wp-content\/uploads\/2016\/11\/Down-1.jpg?resize=300%2C198&amp;ssl=1 300w, https:\/\/i0.wp.com\/eltrabajo.cl\/portal\/wp-content\/uploads\/2016\/11\/Down-1.jpg?resize=227%2C150&amp;ssl=1 227w, https:\/\/i0.wp.com\/eltrabajo.cl\/portal\/wp-content\/uploads\/2016\/11\/Down-1.jpg?resize=400%2C264&amp;ssl=1 400w\" sizes=\"auto, (max-width: 530px) 100vw, 530px\" \/><\/a><figcaption id=\"caption-attachment-75261\" class=\"wp-caption-text\">Los ni\u00f1os participan de un baile entretenido.<\/figcaption><\/figure>\n<figure id=\"attachment_75262\" aria-describedby=\"caption-attachment-75262\" style=\"width: 530px\" class=\"wp-caption alignleft\"><a href=\"http:\/\/www.eltrabajo.cl\/portal\/organizan-septimo-encuentro-nacional-de-personas-con-sindrome-de-down\/huasos\/\" rel=\"attachment wp-att-75262\"><img data-recalc-dims=\"1\" loading=\"lazy\" decoding=\"async\" class=\"size-full wp-image-75262\" src=\"https:\/\/i0.wp.com\/www.eltrabajo.cl\/portal\/wp-content\/uploads\/2016\/11\/Huasos.jpg?resize=530%2C350\" alt=\"Un grupo de ni\u00f1as vestidos de Huasos como Dios Manda.\" width=\"530\" height=\"350\" srcset=\"https:\/\/i0.wp.com\/eltrabajo.cl\/portal\/wp-content\/uploads\/2016\/11\/Huasos.jpg?w=530&amp;ssl=1 530w, https:\/\/i0.wp.com\/eltrabajo.cl\/portal\/wp-content\/uploads\/2016\/11\/Huasos.jpg?resize=200%2C132&amp;ssl=1 200w, https:\/\/i0.wp.com\/eltrabajo.cl\/portal\/wp-content\/uploads\/2016\/11\/Huasos.jpg?resize=300%2C198&amp;ssl=1 300w, https:\/\/i0.wp.com\/eltrabajo.cl\/portal\/wp-content\/uploads\/2016\/11\/Huasos.jpg?resize=227%2C150&amp;ssl=1 227w, https:\/\/i0.wp.com\/eltrabajo.cl\/portal\/wp-content\/uploads\/2016\/11\/Huasos.jpg?resize=400%2C264&amp;ssl=1 400w\" sizes=\"auto, (max-width: 530px) 100vw, 530px\" \/><\/a><figcaption id=\"caption-attachment-75262\" class=\"wp-caption-text\">Un grupo de ni\u00f1as vestidos de Huasos como Dios Manda.<\/figcaption><\/figure>\n<figure id=\"attachment_75263\" aria-describedby=\"caption-attachment-75263\" style=\"width: 530px\" class=\"wp-caption alignleft\"><a href=\"http:\/\/www.eltrabajo.cl\/portal\/organizan-septimo-encuentro-nacional-de-personas-con-sindrome-de-down\/mago\/\" rel=\"attachment wp-att-75263\"><img data-recalc-dims=\"1\" loading=\"lazy\" decoding=\"async\" class=\"size-full wp-image-75263\" src=\"https:\/\/i0.wp.com\/www.eltrabajo.cl\/portal\/wp-content\/uploads\/2016\/11\/Mago.jpg?resize=530%2C349\" alt=\"El Mago Mauricio de Santiago tambi\u00e9n presente en el encuentro.\" width=\"530\" height=\"349\" srcset=\"https:\/\/i0.wp.com\/eltrabajo.cl\/portal\/wp-content\/uploads\/2016\/11\/Mago.jpg?w=530&amp;ssl=1 530w, https:\/\/i0.wp.com\/eltrabajo.cl\/portal\/wp-content\/uploads\/2016\/11\/Mago.jpg?resize=200%2C132&amp;ssl=1 200w, https:\/\/i0.wp.com\/eltrabajo.cl\/portal\/wp-content\/uploads\/2016\/11\/Mago.jpg?resize=300%2C198&amp;ssl=1 300w, https:\/\/i0.wp.com\/eltrabajo.cl\/portal\/wp-content\/uploads\/2016\/11\/Mago.jpg?resize=228%2C150&amp;ssl=1 228w, https:\/\/i0.wp.com\/eltrabajo.cl\/portal\/wp-content\/uploads\/2016\/11\/Mago.jpg?resize=400%2C263&amp;ssl=1 400w\" sizes=\"auto, (max-width: 530px) 100vw, 530px\" \/><\/a><figcaption id=\"caption-attachment-75263\" class=\"wp-caption-text\">El Mago Mauricio de Santiago tambi\u00e9n presente en el encuentro.<\/figcaption><\/figure>\n<figure id=\"attachment_75264\" aria-describedby=\"caption-attachment-75264\" style=\"width: 530px\" class=\"wp-caption alignleft\"><a href=\"http:\/\/www.eltrabajo.cl\/portal\/organizan-septimo-encuentro-nacional-de-personas-con-sindrome-de-down\/motoqueros-4\/\" rel=\"attachment wp-att-75264\"><img data-recalc-dims=\"1\" loading=\"lazy\" decoding=\"async\" class=\"size-full wp-image-75264\" src=\"https:\/\/i0.wp.com\/www.eltrabajo.cl\/portal\/wp-content\/uploads\/2016\/11\/motoqueros.jpg?resize=530%2C350\" alt=\"Un grupo de motoqueros transportando \u00e1ngeles en sus motos.\" width=\"530\" height=\"350\" srcset=\"https:\/\/i0.wp.com\/eltrabajo.cl\/portal\/wp-content\/uploads\/2016\/11\/motoqueros.jpg?w=530&amp;ssl=1 530w, https:\/\/i0.wp.com\/eltrabajo.cl\/portal\/wp-content\/uploads\/2016\/11\/motoqueros.jpg?resize=200%2C132&amp;ssl=1 200w, https:\/\/i0.wp.com\/eltrabajo.cl\/portal\/wp-content\/uploads\/2016\/11\/motoqueros.jpg?resize=300%2C198&amp;ssl=1 300w, https:\/\/i0.wp.com\/eltrabajo.cl\/portal\/wp-content\/uploads\/2016\/11\/motoqueros.jpg?resize=227%2C150&amp;ssl=1 227w, https:\/\/i0.wp.com\/eltrabajo.cl\/portal\/wp-content\/uploads\/2016\/11\/motoqueros.jpg?resize=400%2C264&amp;ssl=1 400w\" sizes=\"auto, (max-width: 530px) 100vw, 530px\" \/><\/a><figcaption id=\"caption-attachment-75264\" class=\"wp-caption-text\">Un grupo de motoqueros transportando \u00e1ngeles en sus motos.<\/figcaption><\/figure>\n<figure id=\"attachment_75265\" aria-describedby=\"caption-attachment-75265\" style=\"width: 530px\" class=\"wp-caption alignleft\"><a href=\"http:\/\/www.eltrabajo.cl\/portal\/organizan-septimo-encuentro-nacional-de-personas-con-sindrome-de-down\/shakira\/\" rel=\"attachment wp-att-75265\"><img data-recalc-dims=\"1\" loading=\"lazy\" decoding=\"async\" class=\"size-full wp-image-75265\" src=\"https:\/\/i0.wp.com\/www.eltrabajo.cl\/portal\/wp-content\/uploads\/2016\/11\/Shakira.jpg?resize=530%2C348\" alt=\"La doble oficial de Shakira tambi\u00e9n presente en el encuentro.\" width=\"530\" height=\"348\" srcset=\"https:\/\/i0.wp.com\/eltrabajo.cl\/portal\/wp-content\/uploads\/2016\/11\/Shakira.jpg?w=530&amp;ssl=1 530w, https:\/\/i0.wp.com\/eltrabajo.cl\/portal\/wp-content\/uploads\/2016\/11\/Shakira.jpg?resize=200%2C131&amp;ssl=1 200w, https:\/\/i0.wp.com\/eltrabajo.cl\/portal\/wp-content\/uploads\/2016\/11\/Shakira.jpg?resize=300%2C197&amp;ssl=1 300w, https:\/\/i0.wp.com\/eltrabajo.cl\/portal\/wp-content\/uploads\/2016\/11\/Shakira.jpg?resize=228%2C150&amp;ssl=1 228w, https:\/\/i0.wp.com\/eltrabajo.cl\/portal\/wp-content\/uploads\/2016\/11\/Shakira.jpg?resize=400%2C263&amp;ssl=1 400w\" sizes=\"auto, (max-width: 530px) 100vw, 530px\" \/><\/a><figcaption id=\"caption-attachment-75265\" class=\"wp-caption-text\">La doble oficial de Shakira tambi\u00e9n presente en el encuentro.<\/figcaption><\/figure>\n<figure id=\"attachment_75266\" aria-describedby=\"caption-attachment-75266\" style=\"width: 530px\" class=\"wp-caption alignleft\"><a href=\"http:\/\/www.eltrabajo.cl\/portal\/organizan-septimo-encuentro-nacional-de-personas-con-sindrome-de-down\/vals\/\" rel=\"attachment wp-att-75266\"><img data-recalc-dims=\"1\" loading=\"lazy\" decoding=\"async\" class=\"size-full wp-image-75266\" src=\"https:\/\/i0.wp.com\/www.eltrabajo.cl\/portal\/wp-content\/uploads\/2016\/11\/Vals.jpg?resize=530%2C350\" alt=\"Otro grupo de ni\u00f1os con s\u00edndrome de Down bailan un vals.\" width=\"530\" height=\"350\" srcset=\"https:\/\/i0.wp.com\/eltrabajo.cl\/portal\/wp-content\/uploads\/2016\/11\/Vals.jpg?w=530&amp;ssl=1 530w, https:\/\/i0.wp.com\/eltrabajo.cl\/portal\/wp-content\/uploads\/2016\/11\/Vals.jpg?resize=200%2C132&amp;ssl=1 200w, https:\/\/i0.wp.com\/eltrabajo.cl\/portal\/wp-content\/uploads\/2016\/11\/Vals.jpg?resize=300%2C198&amp;ssl=1 300w, https:\/\/i0.wp.com\/eltrabajo.cl\/portal\/wp-content\/uploads\/2016\/11\/Vals.jpg?resize=227%2C150&amp;ssl=1 227w, https:\/\/i0.wp.com\/eltrabajo.cl\/portal\/wp-content\/uploads\/2016\/11\/Vals.jpg?resize=400%2C264&amp;ssl=1 400w\" sizes=\"auto, (max-width: 530px) 100vw, 530px\" \/><\/a><figcaption id=\"caption-attachment-75266\" class=\"wp-caption-text\">Otro grupo de ni\u00f1os con s\u00edndrome de Down bailan un vals.<\/figcaption><\/figure>\n<figure id=\"attachment_75267\" aria-describedby=\"caption-attachment-75267\" style=\"width: 530px\" class=\"wp-caption alignleft\"><a href=\"http:\/\/www.eltrabajo.cl\/portal\/organizan-septimo-encuentro-nacional-de-personas-con-sindrome-de-down\/acuna-3\/\" rel=\"attachment wp-att-75267\"><img data-recalc-dims=\"1\" loading=\"lazy\" decoding=\"async\" class=\"size-full wp-image-75267\" src=\"https:\/\/i0.wp.com\/www.eltrabajo.cl\/portal\/wp-content\/uploads\/2016\/11\/Acu%C3%B1a.jpg?resize=530%2C348\" alt=\"El ex \u2013 jugador del Uni-Uni Kike Acu\u00f1a tambi\u00e9n participando del encuentro nacional de personas con s\u00edndrome de Down.\" width=\"530\" height=\"348\" srcset=\"https:\/\/i0.wp.com\/eltrabajo.cl\/portal\/wp-content\/uploads\/2016\/11\/Acu%C3%B1a.jpg?w=530&amp;ssl=1 530w, https:\/\/i0.wp.com\/eltrabajo.cl\/portal\/wp-content\/uploads\/2016\/11\/Acu%C3%B1a.jpg?resize=200%2C131&amp;ssl=1 200w, https:\/\/i0.wp.com\/eltrabajo.cl\/portal\/wp-content\/uploads\/2016\/11\/Acu%C3%B1a.jpg?resize=300%2C197&amp;ssl=1 300w, https:\/\/i0.wp.com\/eltrabajo.cl\/portal\/wp-content\/uploads\/2016\/11\/Acu%C3%B1a.jpg?resize=228%2C150&amp;ssl=1 228w, https:\/\/i0.wp.com\/eltrabajo.cl\/portal\/wp-content\/uploads\/2016\/11\/Acu%C3%B1a.jpg?resize=400%2C263&amp;ssl=1 400w\" sizes=\"auto, (max-width: 530px) 100vw, 530px\" \/><\/a><figcaption id=\"caption-attachment-75267\" class=\"wp-caption-text\">El ex \u2013 jugador del Uni-Uni Kike Acu\u00f1a tambi\u00e9n participando del encuentro nacional de personas con s\u00edndrome de Down.<\/figcaption><\/figure>\n<figure id=\"attachment_75269\" aria-describedby=\"caption-attachment-75269\" style=\"width: 530px\" class=\"wp-caption alignleft\"><a href=\"http:\/\/www.eltrabajo.cl\/portal\/organizan-septimo-encuentro-nacional-de-personas-con-sindrome-de-down\/voluntarias\/\" rel=\"attachment wp-att-75269\"><img data-recalc-dims=\"1\" loading=\"lazy\" decoding=\"async\" class=\"size-full wp-image-75269\" src=\"https:\/\/i0.wp.com\/www.eltrabajo.cl\/portal\/wp-content\/uploads\/2016\/11\/Voluntarias.jpg?resize=530%2C348\" alt=\"La ayuda fundamental de las voluntarias preparando las colaciones.\" width=\"530\" height=\"348\" srcset=\"https:\/\/i0.wp.com\/eltrabajo.cl\/portal\/wp-content\/uploads\/2016\/11\/Voluntarias.jpg?w=530&amp;ssl=1 530w, https:\/\/i0.wp.com\/eltrabajo.cl\/portal\/wp-content\/uploads\/2016\/11\/Voluntarias.jpg?resize=200%2C131&amp;ssl=1 200w, https:\/\/i0.wp.com\/eltrabajo.cl\/portal\/wp-content\/uploads\/2016\/11\/Voluntarias.jpg?resize=300%2C197&amp;ssl=1 300w, https:\/\/i0.wp.com\/eltrabajo.cl\/portal\/wp-content\/uploads\/2016\/11\/Voluntarias.jpg?resize=228%2C150&amp;ssl=1 228w, https:\/\/i0.wp.com\/eltrabajo.cl\/portal\/wp-content\/uploads\/2016\/11\/Voluntarias.jpg?resize=400%2C263&amp;ssl=1 400w\" sizes=\"auto, (max-width: 530px) 100vw, 530px\" \/><\/a><figcaption id=\"caption-attachment-75269\" class=\"wp-caption-text\">La ayuda fundamental de las voluntarias preparando las colaciones.<\/figcaption><\/figure>\n","protected":false},"excerpt":{"rendered":"<p>Agrupaci\u00f3n \u00c1ngeles de San Felipe: Unas dos mil personas y casi doscientos ni\u00f1os, participaron del S\u00e9ptimo Encuentro Nacional de Personas con S\u00edndrome de Down realizado este s\u00e1bado, en el Estadio Fiscal de&#8230;<\/p>\n","protected":false},"author":1,"featured_media":75266,"comment_status":"open","ping_status":"open","sticky":false,"template":"","format":"standard","meta":{"advanced_seo_description":"","jetpack_seo_html_title":"","jetpack_seo_noindex":false,"_jetpack_memberships_contains_paid_content":false,"footnotes":""},"categories":[15],"tags":[],"class_list":["post-75260","post","type-post","status-publish","format-standard","has-post-thumbnail","hentry","category-comunidad"],"jetpack_featured_media_url":"https:\/\/i0.wp.com\/eltrabajo.cl\/portal\/wp-content\/uploads\/2016\/11\/Vals.jpg?fit=530%2C350&ssl=1","jetpack_sharing_enabled":true,"jetpack_likes_enabled":true,"jetpack-related-posts":[],"_links":{"self":[{"href":"https:\/\/eltrabajo.cl\/portal\/wp-json\/wp\/v2\/posts\/75260","targetHints":{"allow":["GET"]}}],"collection":[{"href":"https:\/\/eltrabajo.cl\/portal\/wp-json\/wp\/v2\/posts"}],"about":[{"href":"https:\/\/eltrabajo.cl\/portal\/wp-json\/wp\/v2\/types\/post"}],"author":[{"embeddable":true,"href":"https:\/\/eltrabajo.cl\/portal\/wp-json\/wp\/v2\/users\/1"}],"replies":[{"embeddable":true,"href":"https:\/\/eltrabajo.cl\/portal\/wp-json\/wp\/v2\/comments?post=75260"}],"version-history":[{"count":0,"href":"https:\/\/eltrabajo.cl\/portal\/wp-json\/wp\/v2\/posts\/75260\/revisions"}],"wp:featuredmedia":[{"embeddable":true,"href":"https:\/\/eltrabajo.cl\/portal\/wp-json\/wp\/v2\/media\/75266"}],"wp:attachment":[{"href":"https:\/\/eltrabajo.cl\/portal\/wp-json\/wp\/v2\/media?parent=75260"}],"wp:term":[{"taxonomy":"category","embeddable":true,"href":"https:\/\/eltrabajo.cl\/portal\/wp-json\/wp\/v2\/categories?post=75260"},{"taxonomy":"post_tag","embeddable":true,"href":"https:\/\/eltrabajo.cl\/portal\/wp-json\/wp\/v2\/tags?post=75260"}],"curies":[{"name":"wp","href":"https:\/\/api.w.org\/{rel}","templated":true}]}}