{"id":75272,"date":"2016-11-15T08:36:22","date_gmt":"2016-11-15T11:36:22","guid":{"rendered":"http:\/\/www.eltrabajo.cl\/portal\/?p=75272"},"modified":"2016-11-15T08:36:23","modified_gmt":"2016-11-15T11:36:23","slug":"abogado-condenado-debera-pagar-querella-millonaria-de-su-exclienta","status":"publish","type":"post","link":"https:\/\/eltrabajo.cl\/portal\/abogado-condenado-debera-pagar-querella-millonaria-de-su-exclienta\/","title":{"rendered":"Abogado condenado deber\u00e1 pagar querella millonaria de su exclienta"},"content":{"rendered":"<ul>\n<li><strong><span style=\"color: #ff0000;\">Pena remitida de tres a\u00f1os de presidio y multa en UTM:<\/span>\u00a0El profesional, fue enjuiciado tras haber cobrado un cheque por 15 millones de pesos de su representada en el 2013, por conceptos de indemnizaci\u00f3n por a\u00f1os de servicio en una empresa agr\u00edcola, sin que ella lo supiera.<\/strong><\/li>\n<\/ul>\n<p>El Tribunal Oral en Lo Penal de San Felipe, conden\u00f3 al abogado Jos\u00e9 Toro Trejos, a la pena de tres a\u00f1os de presidio m\u00e1s una multa de doce unidades tributarias mensuales por el delito de apropiaci\u00f3n indebida de 15 millones de pesos de propiedad de su clienta, quien lo demand\u00f3 por no rendirle el dinero que recibi\u00f3 por conceptos de indemnizaci\u00f3n por a\u00f1os de servicios en una empresa agr\u00edcola de San Felipe.<br \/>\nAsimismo, este tribunal acogi\u00f3 la demanda civil interpuesta por la v\u00edctima, que obliga al condenado pagar una cifra cercana a los 18 millones de pesos por da\u00f1o moral, tras el juicio que se desarroll\u00f3 la semana pasada.<br \/>\nEl caso investigado por la Fiscal\u00eda, detalla que los hechos ocurrieron el a\u00f1o 2013, en circunstancias que el jurista imputado, habr\u00eda recibido un cheque por dicha suma millonaria, tras llegar a un acuerdo con el s\u00edndico de la empresa que se declar\u00f3 en quiebra donde se desempe\u00f1aba la trabajadora afectada.<br \/>\nEl fiscal del caso, Eduardo Fajardo De La Cuba, sostuvo que tras el cobro de este cheque, el abogado no le rindi\u00f3 cuentas a su representada, apropi\u00e1ndose del dinero. De acuerdo a las pruebas rendidas, el s\u00edndico de la empresa extendi\u00f3 un cheque a nombre del profesional con sus facultades permitidas sin dar conocimiento a su representada quien se enter\u00f3 meses despu\u00e9s por terceras personas.<br \/>\nEl Tribunal Oral, concedi\u00f3 al condenado el beneficio de pena sustitutiva por su intachable conducta anterior y el informe social presentado por la Defensa del profesional. La Fiscal\u00eda se mostr\u00f3 conforme con la condena que se ajusta a derecho.<br \/>\n<strong>Pablo Salinas Sald\u00edas<\/strong><\/p>\n<figure id=\"attachment_75273\" aria-describedby=\"caption-attachment-75273\" style=\"width: 530px\" class=\"wp-caption alignleft\"><a href=\"http:\/\/www.eltrabajo.cl\/portal\/abogado-condenado-debera-pagar-querella-millonaria-de-su-exclienta\/fiscal-eduardo-fajardo-18\/\" rel=\"attachment wp-att-75273\"><img data-recalc-dims=\"1\" loading=\"lazy\" decoding=\"async\" class=\"size-full wp-image-75273\" src=\"https:\/\/i0.wp.com\/www.eltrabajo.cl\/portal\/wp-content\/uploads\/2016\/11\/FISCAL-EDUARDO-FAJARDO.jpg?resize=530%2C348\" alt=\"Fiscal jefe de San Felipe, Eduardo Fajardo De La Cuba.\" width=\"530\" height=\"348\" srcset=\"https:\/\/i0.wp.com\/eltrabajo.cl\/portal\/wp-content\/uploads\/2016\/11\/FISCAL-EDUARDO-FAJARDO.jpg?w=530&amp;ssl=1 530w, https:\/\/i0.wp.com\/eltrabajo.cl\/portal\/wp-content\/uploads\/2016\/11\/FISCAL-EDUARDO-FAJARDO.jpg?resize=200%2C131&amp;ssl=1 200w, https:\/\/i0.wp.com\/eltrabajo.cl\/portal\/wp-content\/uploads\/2016\/11\/FISCAL-EDUARDO-FAJARDO.jpg?resize=300%2C197&amp;ssl=1 300w, https:\/\/i0.wp.com\/eltrabajo.cl\/portal\/wp-content\/uploads\/2016\/11\/FISCAL-EDUARDO-FAJARDO.jpg?resize=228%2C150&amp;ssl=1 228w, https:\/\/i0.wp.com\/eltrabajo.cl\/portal\/wp-content\/uploads\/2016\/11\/FISCAL-EDUARDO-FAJARDO.jpg?resize=400%2C263&amp;ssl=1 400w\" sizes=\"auto, (max-width: 530px) 100vw, 530px\" \/><\/a><figcaption id=\"caption-attachment-75273\" class=\"wp-caption-text\">Fiscal jefe de San Felipe, Eduardo Fajardo De La Cuba.<\/figcaption><\/figure>\n","protected":false},"excerpt":{"rendered":"<p>Pena remitida de tres a\u00f1os de presidio y multa en UTM:\u00a0El profesional, fue enjuiciado tras haber cobrado un cheque por 15 millones de pesos de su representada en el 2013, por conceptos&#8230;<\/p>\n","protected":false},"author":1,"featured_media":75273,"comment_status":"open","ping_status":"open","sticky":false,"template":"","format":"standard","meta":{"advanced_seo_description":"","jetpack_seo_html_title":"","jetpack_seo_noindex":false,"_jetpack_memberships_contains_paid_content":false,"footnotes":""},"categories":[21],"tags":[],"class_list":["post-75272","post","type-post","status-publish","format-standard","has-post-thumbnail","hentry","category-policial"],"jetpack_featured_media_url":"https:\/\/i0.wp.com\/eltrabajo.cl\/portal\/wp-content\/uploads\/2016\/11\/FISCAL-EDUARDO-FAJARDO.jpg?fit=530%2C348&ssl=1","jetpack_sharing_enabled":true,"jetpack_likes_enabled":true,"jetpack-related-posts":[],"_links":{"self":[{"href":"https:\/\/eltrabajo.cl\/portal\/wp-json\/wp\/v2\/posts\/75272","targetHints":{"allow":["GET"]}}],"collection":[{"href":"https:\/\/eltrabajo.cl\/portal\/wp-json\/wp\/v2\/posts"}],"about":[{"href":"https:\/\/eltrabajo.cl\/portal\/wp-json\/wp\/v2\/types\/post"}],"author":[{"embeddable":true,"href":"https:\/\/eltrabajo.cl\/portal\/wp-json\/wp\/v2\/users\/1"}],"replies":[{"embeddable":true,"href":"https:\/\/eltrabajo.cl\/portal\/wp-json\/wp\/v2\/comments?post=75272"}],"version-history":[{"count":0,"href":"https:\/\/eltrabajo.cl\/portal\/wp-json\/wp\/v2\/posts\/75272\/revisions"}],"wp:featuredmedia":[{"embeddable":true,"href":"https:\/\/eltrabajo.cl\/portal\/wp-json\/wp\/v2\/media\/75273"}],"wp:attachment":[{"href":"https:\/\/eltrabajo.cl\/portal\/wp-json\/wp\/v2\/media?parent=75272"}],"wp:term":[{"taxonomy":"category","embeddable":true,"href":"https:\/\/eltrabajo.cl\/portal\/wp-json\/wp\/v2\/categories?post=75272"},{"taxonomy":"post_tag","embeddable":true,"href":"https:\/\/eltrabajo.cl\/portal\/wp-json\/wp\/v2\/tags?post=75272"}],"curies":[{"name":"wp","href":"https:\/\/api.w.org\/{rel}","templated":true}]}}