{"id":75276,"date":"2016-11-15T08:38:44","date_gmt":"2016-11-15T11:38:44","guid":{"rendered":"http:\/\/www.eltrabajo.cl\/portal\/?p=75276"},"modified":"2016-11-15T08:39:39","modified_gmt":"2016-11-15T11:39:39","slug":"detienen-a-traficante-sorprendido-con-mas-de-tres-litros-de-cocaina-liquida","status":"publish","type":"post","link":"https:\/\/eltrabajo.cl\/portal\/detienen-a-traficante-sorprendido-con-mas-de-tres-litros-de-cocaina-liquida\/","title":{"rendered":"Detienen a traficante sorprendido con m\u00e1s de tres litros de coca\u00edna l\u00edquida"},"content":{"rendered":"<ul>\n<li><strong>Droga est\u00e1 avaluada en m\u00e1s de sesenta millones de pesos:<\/strong><\/li>\n<\/ul>\n<p><strong>LOS ANDES.-<\/strong> En el marco de la operaci\u00f3n denominada \u2018Corralero\u2019, la Brigada Antinarc\u00f3ticos (Brianco) de la PDI de Los Andes, incaut\u00f3 un total de tres litros de coca\u00edna l\u00edquida, que ser\u00edan procesados en un laboratorio clandestino en Santiago y que eran transportadas desde la ciudad de Arica por un sujeto.<br \/>\nEl jefe de la Brianco, subprefecto Guillermo G\u00e1lvez, indic\u00f3 que la diligencia se enmarc\u00f3 dentro de una investigaci\u00f3n que se estaba desarrollando desde hace un mes, donde un sujeto con residencia en Santiago, manten\u00eda contactos en la ciudad de La Ligua con otro individuo que constantemente viajaba hasta la ciudad de Arica para adquirir coca\u00edna en estado l\u00edquido, la que posteriormente trasladaba hasta la zona central.<br \/>\nIndic\u00f3, que en base a esta informaci\u00f3n el d\u00eda domingo en horas de la madrugada, se hizo un control carretero en el sector de Pullally, donde al ser fiscalizado se le encontr\u00f3 en un bolso de mano seis botellas pl\u00e1sticas de medio litro cada una, conteniendo coca\u00edna l\u00edquida, las que simulaban ser jugos de una determinada marca que ven\u00edan incluso con sus tapas pl\u00e1sticas selladas.<br \/>\nPrecis\u00f3, que la droga en el mercado ilegal est\u00e1 avaluada en la suma de 60 millones de pesos y se pudo sacar se circulaci\u00f3n unas seis mil dosis, \u201cadem\u00e1s tenemos que tener claro que este producto ten\u00eda que ser procesado y abultado para dejarlo en esta s\u00f3lido o de polvo, ingres\u00e1ndole otra sustancia qu\u00edmica para aumentar su cantidad\u201d.<br \/>\nEl subprefecto dijo, que en alg\u00fan laboratorio artesanal esta droga ser\u00eda procesada antes de ser puesta en circulaci\u00f3n.<br \/>\nDestac\u00f3, que esta es la segunda incautaci\u00f3n de coca\u00edna l\u00edquida que realiza este a\u00f1o la Brigada Antinarc\u00f3ticos de Los Andes.<br \/>\nEl sujeto que transportaba la coca, fue identificado como Mauricio Guerrero Torrealba, de 27 a\u00f1os, quien mantiene antecedentes anteriores por infracci\u00f3n a la ley de drogas y hurto simple, siendo puesto a disposici\u00f3n del Tribunal de Garant\u00eda de La Ligua.<br \/>\nEl jefe de la Brianco dijo que contin\u00faan con las diligencias para establecer el destino final de la droga en la ciudad de Santiago, \u201cpues el sujeto no aport\u00f3 mayores antecedentes para la investigaci\u00f3n\u201d.<\/p>\n<figure id=\"attachment_75277\" aria-describedby=\"caption-attachment-75277\" style=\"width: 530px\" class=\"wp-caption alignleft\"><a href=\"http:\/\/www.eltrabajo.cl\/portal\/detienen-a-traficante-sorprendido-con-mas-de-tres-litros-de-cocaina-liquida\/cocaina-liquida\/\" rel=\"attachment wp-att-75277\"><img data-recalc-dims=\"1\" loading=\"lazy\" decoding=\"async\" class=\"size-full wp-image-75277\" src=\"https:\/\/i0.wp.com\/www.eltrabajo.cl\/portal\/wp-content\/uploads\/2016\/11\/cocaina-liquida.jpg?resize=530%2C348\" alt=\"Mediante un control carretero, fue fiscalizado Mauricio Guerrero, encontr\u00e1ndosele seis botellas pl\u00e1sticas de medio litro cada una, conteniendo coca\u00edna l\u00edquida, las que simulaban ser jugos de una determinada marca que ven\u00edan incluso con sus tapas pl\u00e1sticas selladas.\" width=\"530\" height=\"348\" srcset=\"https:\/\/i0.wp.com\/eltrabajo.cl\/portal\/wp-content\/uploads\/2016\/11\/cocaina-liquida.jpg?w=530&amp;ssl=1 530w, https:\/\/i0.wp.com\/eltrabajo.cl\/portal\/wp-content\/uploads\/2016\/11\/cocaina-liquida.jpg?resize=200%2C131&amp;ssl=1 200w, https:\/\/i0.wp.com\/eltrabajo.cl\/portal\/wp-content\/uploads\/2016\/11\/cocaina-liquida.jpg?resize=300%2C197&amp;ssl=1 300w, https:\/\/i0.wp.com\/eltrabajo.cl\/portal\/wp-content\/uploads\/2016\/11\/cocaina-liquida.jpg?resize=228%2C150&amp;ssl=1 228w, https:\/\/i0.wp.com\/eltrabajo.cl\/portal\/wp-content\/uploads\/2016\/11\/cocaina-liquida.jpg?resize=400%2C263&amp;ssl=1 400w\" sizes=\"auto, (max-width: 530px) 100vw, 530px\" \/><\/a><figcaption id=\"caption-attachment-75277\" class=\"wp-caption-text\">Mediante un control carretero, fue fiscalizado Mauricio Guerrero, encontr\u00e1ndosele seis botellas pl\u00e1sticas de medio litro cada una, conteniendo coca\u00edna l\u00edquida, las que simulaban ser jugos de una determinada marca que ven\u00edan incluso con sus tapas pl\u00e1sticas selladas.<\/figcaption><\/figure>\n","protected":false},"excerpt":{"rendered":"<p>Droga est\u00e1 avaluada en m\u00e1s de sesenta millones de pesos: LOS ANDES.- En el marco de la operaci\u00f3n denominada \u2018Corralero\u2019, la Brigada Antinarc\u00f3ticos (Brianco) de la PDI de Los Andes, incaut\u00f3 un&#8230;<\/p>\n","protected":false},"author":1,"featured_media":75277,"comment_status":"open","ping_status":"open","sticky":false,"template":"","format":"standard","meta":{"advanced_seo_description":"","jetpack_seo_html_title":"","jetpack_seo_noindex":false,"_jetpack_memberships_contains_paid_content":false,"footnotes":""},"categories":[21],"tags":[],"class_list":["post-75276","post","type-post","status-publish","format-standard","has-post-thumbnail","hentry","category-policial"],"jetpack_featured_media_url":"https:\/\/i0.wp.com\/eltrabajo.cl\/portal\/wp-content\/uploads\/2016\/11\/cocaina-liquida.jpg?fit=530%2C348&ssl=1","jetpack_sharing_enabled":true,"jetpack_likes_enabled":true,"jetpack-related-posts":[],"_links":{"self":[{"href":"https:\/\/eltrabajo.cl\/portal\/wp-json\/wp\/v2\/posts\/75276","targetHints":{"allow":["GET"]}}],"collection":[{"href":"https:\/\/eltrabajo.cl\/portal\/wp-json\/wp\/v2\/posts"}],"about":[{"href":"https:\/\/eltrabajo.cl\/portal\/wp-json\/wp\/v2\/types\/post"}],"author":[{"embeddable":true,"href":"https:\/\/eltrabajo.cl\/portal\/wp-json\/wp\/v2\/users\/1"}],"replies":[{"embeddable":true,"href":"https:\/\/eltrabajo.cl\/portal\/wp-json\/wp\/v2\/comments?post=75276"}],"version-history":[{"count":0,"href":"https:\/\/eltrabajo.cl\/portal\/wp-json\/wp\/v2\/posts\/75276\/revisions"}],"wp:featuredmedia":[{"embeddable":true,"href":"https:\/\/eltrabajo.cl\/portal\/wp-json\/wp\/v2\/media\/75277"}],"wp:attachment":[{"href":"https:\/\/eltrabajo.cl\/portal\/wp-json\/wp\/v2\/media?parent=75276"}],"wp:term":[{"taxonomy":"category","embeddable":true,"href":"https:\/\/eltrabajo.cl\/portal\/wp-json\/wp\/v2\/categories?post=75276"},{"taxonomy":"post_tag","embeddable":true,"href":"https:\/\/eltrabajo.cl\/portal\/wp-json\/wp\/v2\/tags?post=75276"}],"curies":[{"name":"wp","href":"https:\/\/api.w.org\/{rel}","templated":true}]}}