{"id":75282,"date":"2016-11-15T08:42:34","date_gmt":"2016-11-15T11:42:34","guid":{"rendered":"http:\/\/www.eltrabajo.cl\/portal\/?p=75282"},"modified":"2016-11-15T08:42:34","modified_gmt":"2016-11-15T11:42:34","slug":"bomberos-rescata-a-menor-de-casa-que-se-estaba-incendiando","status":"publish","type":"post","link":"https:\/\/eltrabajo.cl\/portal\/bomberos-rescata-a-menor-de-casa-que-se-estaba-incendiando\/","title":{"rendered":"Bomberos rescata a menor de casa que se estaba incendiando"},"content":{"rendered":"<p>La oportuna intervenci\u00f3n de voluntarios de Bomberos de San Felipe, evit\u00f3 que un incendio producido en una casa ubicada en la calle Abraham Ahumada, pasado Artem\u00f3n Cifuentes se transformara en una tragedia, luego que en el interior de ella permanec\u00eda un menor de cuatro a\u00f1os.<br \/>\nSeg\u00fan la versi\u00f3n del comandante de Bomberos Juan Carlos Herrera Lillo, el incendio fue a eso de las 07:40 horas \u201cla intervenci\u00f3n r\u00e1pida del personal que lleg\u00f3 ac\u00e1 evit\u00f3 que el fuego pasara a mayores, el incendio se produjo en un closet ubicado en una de las habitaciones, el trabajo fue r\u00e1pido, lo \u00fanico que el fuego tom\u00f3 m\u00e1s fuerza fue porque una de las encargada de esta casa rompi\u00f3 una de las ventanas ah\u00ed el fuego comenz\u00f3 a propagarse r\u00e1pidamente quemando las camas y todo lo que hab\u00eda a su alrededor, pero el trabajo r\u00e1pido de bombero evit\u00f3 que este incendio pasara a mayores\u201d dijo Herrera Lillo.<br \/>\nA\u00f1adi\u00f3, que no hubo personas ni voluntarios lesionados, sin embargo al interior estaba un menor de cuatro que fue rescatado y enviado a un jard\u00edn infantil cercano, este menor result\u00f3 sin ning\u00fan tipo de lesiones.<br \/>\nBomberos, una vez controlado el incendio se dedic\u00f3 a remojar el lugar para evitar rebrotes.<br \/>\nAl mismo tiempo el Departamento T\u00e9cnico de Bomberos ser\u00e1 el encargado de efectuar el informe sobre las causas de este siniestro que pudo tener consecuencias fatales teniendo en cuenta la presencia de un ni\u00f1o de cuatro a\u00f1os.<br \/>\nPor su parte, Carabineros recogi\u00f3 todos los antecedentes, los cuales ser\u00e1n puestos a disposici\u00f3n del Ministerio P\u00fablico.<\/p>\n<figure id=\"attachment_75283\" aria-describedby=\"caption-attachment-75283\" style=\"width: 530px\" class=\"wp-caption alignleft\"><a href=\"http:\/\/www.eltrabajo.cl\/portal\/bomberos-rescata-a-menor-de-casa-que-se-estaba-incendiando\/bomberos-6\/\" rel=\"attachment wp-att-75283\"><img data-recalc-dims=\"1\" loading=\"lazy\" decoding=\"async\" class=\"size-full wp-image-75283\" src=\"https:\/\/i0.wp.com\/www.eltrabajo.cl\/portal\/wp-content\/uploads\/2016\/11\/Bomberos.jpg?resize=530%2C348\" alt=\"Al interior de esta casa se produjo el incendio.\" width=\"530\" height=\"348\" srcset=\"https:\/\/i0.wp.com\/eltrabajo.cl\/portal\/wp-content\/uploads\/2016\/11\/Bomberos.jpg?w=530&amp;ssl=1 530w, https:\/\/i0.wp.com\/eltrabajo.cl\/portal\/wp-content\/uploads\/2016\/11\/Bomberos.jpg?resize=200%2C131&amp;ssl=1 200w, https:\/\/i0.wp.com\/eltrabajo.cl\/portal\/wp-content\/uploads\/2016\/11\/Bomberos.jpg?resize=300%2C197&amp;ssl=1 300w, https:\/\/i0.wp.com\/eltrabajo.cl\/portal\/wp-content\/uploads\/2016\/11\/Bomberos.jpg?resize=228%2C150&amp;ssl=1 228w, https:\/\/i0.wp.com\/eltrabajo.cl\/portal\/wp-content\/uploads\/2016\/11\/Bomberos.jpg?resize=400%2C263&amp;ssl=1 400w\" sizes=\"auto, (max-width: 530px) 100vw, 530px\" \/><\/a><figcaption id=\"caption-attachment-75283\" class=\"wp-caption-text\">Al interior de esta casa se produjo el incendio.<\/figcaption><\/figure>\n<figure id=\"attachment_75284\" aria-describedby=\"caption-attachment-75284\" style=\"width: 530px\" class=\"wp-caption alignleft\"><a href=\"http:\/\/www.eltrabajo.cl\/portal\/bomberos-rescata-a-menor-de-casa-que-se-estaba-incendiando\/carros\/\" rel=\"attachment wp-att-75284\"><img data-recalc-dims=\"1\" loading=\"lazy\" decoding=\"async\" class=\"size-full wp-image-75284\" src=\"https:\/\/i0.wp.com\/www.eltrabajo.cl\/portal\/wp-content\/uploads\/2016\/11\/Carros.jpg?resize=530%2C350\" alt=\"Tanto Personal de Bomberos como Carabineros concurrieron al lugar.\" width=\"530\" height=\"350\" srcset=\"https:\/\/i0.wp.com\/eltrabajo.cl\/portal\/wp-content\/uploads\/2016\/11\/Carros.jpg?w=530&amp;ssl=1 530w, https:\/\/i0.wp.com\/eltrabajo.cl\/portal\/wp-content\/uploads\/2016\/11\/Carros.jpg?resize=200%2C132&amp;ssl=1 200w, https:\/\/i0.wp.com\/eltrabajo.cl\/portal\/wp-content\/uploads\/2016\/11\/Carros.jpg?resize=300%2C198&amp;ssl=1 300w, https:\/\/i0.wp.com\/eltrabajo.cl\/portal\/wp-content\/uploads\/2016\/11\/Carros.jpg?resize=227%2C150&amp;ssl=1 227w, https:\/\/i0.wp.com\/eltrabajo.cl\/portal\/wp-content\/uploads\/2016\/11\/Carros.jpg?resize=400%2C264&amp;ssl=1 400w\" sizes=\"auto, (max-width: 530px) 100vw, 530px\" \/><\/a><figcaption id=\"caption-attachment-75284\" class=\"wp-caption-text\">Tanto Personal de Bomberos como Carabineros concurrieron al lugar.<\/figcaption><\/figure>\n<figure id=\"attachment_75285\" aria-describedby=\"caption-attachment-75285\" style=\"width: 530px\" class=\"wp-caption alignleft\"><a href=\"http:\/\/www.eltrabajo.cl\/portal\/bomberos-rescata-a-menor-de-casa-que-se-estaba-incendiando\/incendio-13\/\" rel=\"attachment wp-att-75285\"><img data-recalc-dims=\"1\" loading=\"lazy\" decoding=\"async\" class=\"size-full wp-image-75285\" src=\"https:\/\/i0.wp.com\/www.eltrabajo.cl\/portal\/wp-content\/uploads\/2016\/11\/Incendio.jpg?resize=530%2C350\" alt=\"Bomberos en el patio del inmueble que se estaba incendiando.\" width=\"530\" height=\"350\" srcset=\"https:\/\/i0.wp.com\/eltrabajo.cl\/portal\/wp-content\/uploads\/2016\/11\/Incendio.jpg?w=530&amp;ssl=1 530w, https:\/\/i0.wp.com\/eltrabajo.cl\/portal\/wp-content\/uploads\/2016\/11\/Incendio.jpg?resize=200%2C132&amp;ssl=1 200w, https:\/\/i0.wp.com\/eltrabajo.cl\/portal\/wp-content\/uploads\/2016\/11\/Incendio.jpg?resize=300%2C198&amp;ssl=1 300w, https:\/\/i0.wp.com\/eltrabajo.cl\/portal\/wp-content\/uploads\/2016\/11\/Incendio.jpg?resize=227%2C150&amp;ssl=1 227w, https:\/\/i0.wp.com\/eltrabajo.cl\/portal\/wp-content\/uploads\/2016\/11\/Incendio.jpg?resize=400%2C264&amp;ssl=1 400w\" sizes=\"auto, (max-width: 530px) 100vw, 530px\" \/><\/a><figcaption id=\"caption-attachment-75285\" class=\"wp-caption-text\">Bomberos en el patio del inmueble que se estaba incendiando.<\/figcaption><\/figure>\n","protected":false},"excerpt":{"rendered":"<p>La oportuna intervenci\u00f3n de voluntarios de Bomberos de San Felipe, evit\u00f3 que un incendio producido en una casa ubicada en la calle Abraham Ahumada, pasado Artem\u00f3n Cifuentes se transformara en una tragedia,&#8230;<\/p>\n","protected":false},"author":1,"featured_media":75283,"comment_status":"open","ping_status":"open","sticky":false,"template":"","format":"standard","meta":{"advanced_seo_description":"","jetpack_seo_html_title":"","jetpack_seo_noindex":false,"_jetpack_memberships_contains_paid_content":false,"footnotes":""},"categories":[21],"tags":[],"class_list":["post-75282","post","type-post","status-publish","format-standard","has-post-thumbnail","hentry","category-policial"],"jetpack_featured_media_url":"https:\/\/i0.wp.com\/eltrabajo.cl\/portal\/wp-content\/uploads\/2016\/11\/Bomberos.jpg?fit=530%2C348&ssl=1","jetpack_sharing_enabled":true,"jetpack_likes_enabled":true,"jetpack-related-posts":[],"_links":{"self":[{"href":"https:\/\/eltrabajo.cl\/portal\/wp-json\/wp\/v2\/posts\/75282","targetHints":{"allow":["GET"]}}],"collection":[{"href":"https:\/\/eltrabajo.cl\/portal\/wp-json\/wp\/v2\/posts"}],"about":[{"href":"https:\/\/eltrabajo.cl\/portal\/wp-json\/wp\/v2\/types\/post"}],"author":[{"embeddable":true,"href":"https:\/\/eltrabajo.cl\/portal\/wp-json\/wp\/v2\/users\/1"}],"replies":[{"embeddable":true,"href":"https:\/\/eltrabajo.cl\/portal\/wp-json\/wp\/v2\/comments?post=75282"}],"version-history":[{"count":0,"href":"https:\/\/eltrabajo.cl\/portal\/wp-json\/wp\/v2\/posts\/75282\/revisions"}],"wp:featuredmedia":[{"embeddable":true,"href":"https:\/\/eltrabajo.cl\/portal\/wp-json\/wp\/v2\/media\/75283"}],"wp:attachment":[{"href":"https:\/\/eltrabajo.cl\/portal\/wp-json\/wp\/v2\/media?parent=75282"}],"wp:term":[{"taxonomy":"category","embeddable":true,"href":"https:\/\/eltrabajo.cl\/portal\/wp-json\/wp\/v2\/categories?post=75282"},{"taxonomy":"post_tag","embeddable":true,"href":"https:\/\/eltrabajo.cl\/portal\/wp-json\/wp\/v2\/tags?post=75282"}],"curies":[{"name":"wp","href":"https:\/\/api.w.org\/{rel}","templated":true}]}}