{"id":75288,"date":"2016-11-15T08:50:33","date_gmt":"2016-11-15T11:50:33","guid":{"rendered":"http:\/\/www.eltrabajo.cl\/portal\/?p=75288"},"modified":"2016-11-16T22:44:12","modified_gmt":"2016-11-17T01:44:12","slug":"violento-y-brutal-caso-de-bullying-preocupa-a-autoridades-de-santa-maria","status":"publish","type":"post","link":"https:\/\/eltrabajo.cl\/portal\/violento-y-brutal-caso-de-bullying-preocupa-a-autoridades-de-santa-maria\/","title":{"rendered":"Violento y brutal caso de bullying preocupa a autoridades de Santa Mar\u00eda"},"content":{"rendered":"<ul>\n<li><strong>Estudiante agresora fue suspendida por dos d\u00edas:<\/strong><\/li>\n<\/ul>\n<p>&nbsp;<\/p>\n<p><iframe loading=\"lazy\" style=\"border: none; overflow: hidden;\" src=\"https:\/\/www.facebook.com\/plugins\/video.php?href=https%3A%2F%2Fwww.facebook.com%2FElTrabajoDiario%2Fvideos%2F1413138115378004%2F&amp;width=530&amp;show_text=false&amp;appId=261178790632121&amp;height=297\" width=\"530\" height=\"297\" frameborder=\"0\" scrolling=\"no\"><\/iframe><br \/>\n<strong>SANTA MAR\u00cdA.-<\/strong> La tranquila comuna de Santa Mar\u00eda fue remecida por un video de bullying producido en la comuna, donde se muestra a una alumna del Liceo Dar\u00edo Salas de iniciales D.T, siendo grabada en video mientras agrede violentamente a una estudiante, de evidente menor tama\u00f1o, del Colegio Santa Mar\u00eda Collage, tambi\u00e9n de la comuna.<\/p>\n<p>Al parecer los hechos se habr\u00edan suscitado luego que la agredida subi\u00f3 una foto de ella misma a Facebook, la cual fue abiertamente criticada por la agresora en las redes sociales. A ra\u00edz de esto y tras palabreos \u2018virtuales\u2019, la cobarde agresora prometi\u00f3 una golpiza que llev\u00f3 a cabo el d\u00eda mi\u00e9rcoles 2 de noviembre, en un paradero de buses muy concurrido de la comuna.<br \/>\nEn esta ocasi\u00f3n, la oportuna intervenci\u00f3n de un adulto evit\u00f3 que la golpiza pasara a mayores, sin embargo nadie sab\u00eda que se estaba grabando para subirla a las redes sociales como tantas veces hemos visto.<br \/>\nUna agresi\u00f3n tipo bullying registrada con el objetivo de alardear de ella en redes sociales. Es as\u00ed como Skarlet Arancibia, hermana y cuidadora de la peque\u00f1a agredida, descubri\u00f3 el video y qued\u00f3 en shock al ver la crueldad y violencia con que fue agredida su hermana. Skarlet decidi\u00f3 nuevamente ir a estampar la denuncia y presentar esta nueva evidencia, ya que dice que su tranquilidad se ha visto interrumpida por el miedo a que agredan a su hermana o a sus propias hijas de nuevo. \u00abYa no puedo ir a trabajar, ya que toda la familia se est\u00e1 turnando para ir a buscar a la ni\u00f1a al colegio, sin embargo, ha habido ocasiones en que esta chica se ha acercado con amenazas nuevamente. Ahora, despu\u00e9s de ver el video que circula por internet, es l\u00f3gico que me sienta mucho peor ya que no me imaginaba el tenor de la agresi\u00f3n. Yo necesito que se tomen medidas de castigo efectivas porque lo que sucedi\u00f3 es un acto criminal\u00bb, asegur\u00f3 Skarlet Arancibia.<br \/>\nPor su parte, el alcalde Claudio Zurita, quien se reuni\u00f3 con la apoderada, dijo que en la comuna no se van a permitir acciones como esta, de producir videos de agresiones, y los responsables tendr\u00e1n un castigo ejemplarizador: \u00abYo apoyo al director del Daem y al director del Liceo Dar\u00edo Salas, pero tambi\u00e9n me preocupa que esta chica o chicas, sigan haciendo esto en una instancia en el futuro, por lo tanto voy a estudiar muy de cerca el caso\u00bb.<br \/>\nSeg\u00fan Rosalindo Gonz\u00e1lez, Daem de Santa Mar\u00eda, quien tuvo una reuni\u00f3n de inmediato con Walter Arancibia, director del Liceo Dar\u00edo Salas, las im\u00e1genes muestran un salvajismo inaudito: \u00abLas escenas son muy claras y realmente nos causan un da\u00f1o incre\u00edble, por lo tanto se tomar\u00e1n las sanciones pertinentes y dr\u00e1sticas al respecto, porque claramente se nota un abuso por parte de una chica mayor, contra una estudiante peque\u00f1a, al menos de tama\u00f1o. Y esto de filmar para virilizar es muy grave porque incurre en la humillaci\u00f3n despu\u00e9s de la acci\u00f3n\u00bb.<br \/>\nCabe destacar que la estudiante agresora fue suspendida por dos d\u00edas, despu\u00e9s de saberse de la agresi\u00f3n el d\u00eda 3 de noviembre, sin embargo , est\u00e1 claro que esta sanci\u00f3n no tuvo efecto alguno, ya que a una semana de lo sucedido, la misma agresora viraliz\u00f3 el video.<\/p>\n<figure id=\"attachment_75299\" aria-describedby=\"caption-attachment-75299\" style=\"width: 530px\" class=\"wp-caption alignleft\"><a href=\"http:\/\/www.eltrabajo.cl\/portal\/violento-y-brutal-caso-de-bullying-preocupa-a-autoridades-de-santa-maria\/bullying-en-santa-maria\/\" rel=\"attachment wp-att-75299\"><img data-recalc-dims=\"1\" loading=\"lazy\" decoding=\"async\" class=\"size-full wp-image-75299\" src=\"https:\/\/i0.wp.com\/www.eltrabajo.cl\/portal\/wp-content\/uploads\/2016\/11\/bullying-en-santa-maria.jpg?resize=530%2C350\" alt=\"La secuencia gr\u00e1fica da cuenta de la brutal y cobarde agresi\u00f3n que sufri\u00f3 la menor por parte de una muchacha mucho mayor.\" width=\"530\" height=\"350\" srcset=\"https:\/\/i0.wp.com\/eltrabajo.cl\/portal\/wp-content\/uploads\/2016\/11\/bullying-en-santa-maria.jpg?w=530&amp;ssl=1 530w, https:\/\/i0.wp.com\/eltrabajo.cl\/portal\/wp-content\/uploads\/2016\/11\/bullying-en-santa-maria.jpg?resize=200%2C132&amp;ssl=1 200w, https:\/\/i0.wp.com\/eltrabajo.cl\/portal\/wp-content\/uploads\/2016\/11\/bullying-en-santa-maria.jpg?resize=300%2C198&amp;ssl=1 300w, https:\/\/i0.wp.com\/eltrabajo.cl\/portal\/wp-content\/uploads\/2016\/11\/bullying-en-santa-maria.jpg?resize=227%2C150&amp;ssl=1 227w, https:\/\/i0.wp.com\/eltrabajo.cl\/portal\/wp-content\/uploads\/2016\/11\/bullying-en-santa-maria.jpg?resize=400%2C264&amp;ssl=1 400w\" sizes=\"auto, (max-width: 530px) 100vw, 530px\" \/><\/a><figcaption id=\"caption-attachment-75299\" class=\"wp-caption-text\">La secuencia gr\u00e1fica da cuenta de la brutal y cobarde agresi\u00f3n que sufri\u00f3 la menor por parte de una muchacha mucho mayor.<\/figcaption><\/figure>\n<figure id=\"attachment_75300\" aria-describedby=\"caption-attachment-75300\" style=\"width: 530px\" class=\"wp-caption alignleft\"><a href=\"http:\/\/www.eltrabajo.cl\/portal\/violento-y-brutal-caso-de-bullying-preocupa-a-autoridades-de-santa-maria\/bullying-imagen-fija001\/\" rel=\"attachment wp-att-75300\"><img data-recalc-dims=\"1\" loading=\"lazy\" decoding=\"async\" class=\"size-full wp-image-75300\" src=\"https:\/\/i0.wp.com\/www.eltrabajo.cl\/portal\/wp-content\/uploads\/2016\/11\/Bullying.Imagen-fija001.jpg?resize=530%2C350\" alt=\"Alcalde Claudio Zurita con la apoderada Skarlet Arancibia.\" width=\"530\" height=\"350\" srcset=\"https:\/\/i0.wp.com\/eltrabajo.cl\/portal\/wp-content\/uploads\/2016\/11\/Bullying.Imagen-fija001.jpg?w=530&amp;ssl=1 530w, https:\/\/i0.wp.com\/eltrabajo.cl\/portal\/wp-content\/uploads\/2016\/11\/Bullying.Imagen-fija001.jpg?resize=200%2C132&amp;ssl=1 200w, https:\/\/i0.wp.com\/eltrabajo.cl\/portal\/wp-content\/uploads\/2016\/11\/Bullying.Imagen-fija001.jpg?resize=300%2C198&amp;ssl=1 300w, https:\/\/i0.wp.com\/eltrabajo.cl\/portal\/wp-content\/uploads\/2016\/11\/Bullying.Imagen-fija001.jpg?resize=227%2C150&amp;ssl=1 227w, https:\/\/i0.wp.com\/eltrabajo.cl\/portal\/wp-content\/uploads\/2016\/11\/Bullying.Imagen-fija001.jpg?resize=400%2C264&amp;ssl=1 400w\" sizes=\"auto, (max-width: 530px) 100vw, 530px\" \/><\/a><figcaption id=\"caption-attachment-75300\" class=\"wp-caption-text\">Alcalde Claudio Zurita con la apoderada Skarlet Arancibia.<\/figcaption><\/figure>\n","protected":false},"excerpt":{"rendered":"<p>Estudiante agresora fue suspendida por dos d\u00edas: &nbsp; SANTA MAR\u00cdA.- La tranquila comuna de Santa Mar\u00eda fue remecida por un video de bullying producido en la comuna, donde se muestra a una&#8230;<\/p>\n","protected":false},"author":1,"featured_media":75299,"comment_status":"open","ping_status":"open","sticky":false,"template":"","format":"standard","meta":{"advanced_seo_description":"","jetpack_seo_html_title":"","jetpack_seo_noindex":false,"_jetpack_memberships_contains_paid_content":false,"footnotes":""},"categories":[15],"tags":[],"class_list":["post-75288","post","type-post","status-publish","format-standard","has-post-thumbnail","hentry","category-comunidad"],"jetpack_featured_media_url":"https:\/\/i0.wp.com\/eltrabajo.cl\/portal\/wp-content\/uploads\/2016\/11\/bullying-en-santa-maria.jpg?fit=530%2C350&ssl=1","jetpack_sharing_enabled":true,"jetpack_likes_enabled":true,"jetpack-related-posts":[],"_links":{"self":[{"href":"https:\/\/eltrabajo.cl\/portal\/wp-json\/wp\/v2\/posts\/75288","targetHints":{"allow":["GET"]}}],"collection":[{"href":"https:\/\/eltrabajo.cl\/portal\/wp-json\/wp\/v2\/posts"}],"about":[{"href":"https:\/\/eltrabajo.cl\/portal\/wp-json\/wp\/v2\/types\/post"}],"author":[{"embeddable":true,"href":"https:\/\/eltrabajo.cl\/portal\/wp-json\/wp\/v2\/users\/1"}],"replies":[{"embeddable":true,"href":"https:\/\/eltrabajo.cl\/portal\/wp-json\/wp\/v2\/comments?post=75288"}],"version-history":[{"count":0,"href":"https:\/\/eltrabajo.cl\/portal\/wp-json\/wp\/v2\/posts\/75288\/revisions"}],"wp:featuredmedia":[{"embeddable":true,"href":"https:\/\/eltrabajo.cl\/portal\/wp-json\/wp\/v2\/media\/75299"}],"wp:attachment":[{"href":"https:\/\/eltrabajo.cl\/portal\/wp-json\/wp\/v2\/media?parent=75288"}],"wp:term":[{"taxonomy":"category","embeddable":true,"href":"https:\/\/eltrabajo.cl\/portal\/wp-json\/wp\/v2\/categories?post=75288"},{"taxonomy":"post_tag","embeddable":true,"href":"https:\/\/eltrabajo.cl\/portal\/wp-json\/wp\/v2\/tags?post=75288"}],"curies":[{"name":"wp","href":"https:\/\/api.w.org\/{rel}","templated":true}]}}