{"id":75296,"date":"2016-11-15T08:47:23","date_gmt":"2016-11-15T11:47:23","guid":{"rendered":"http:\/\/www.eltrabajo.cl\/portal\/?p=75296"},"modified":"2016-11-15T08:58:52","modified_gmt":"2016-11-15T11:58:52","slug":"municipio-suspende-permiso-construccion-planta-revision-tecnica-en-encon","status":"publish","type":"post","link":"https:\/\/eltrabajo.cl\/portal\/municipio-suspende-permiso-construccion-planta-revision-tecnica-en-encon\/","title":{"rendered":"Municipio suspende permiso construcci\u00f3n Planta Revisi\u00f3n T\u00e9cnica en Enc\u00f3n"},"content":{"rendered":"<ul>\n<li><strong><span style=\"color: #ff0000;\">Autorizaci\u00f3n fue otorgada con plena autonom\u00eda por la Direcci\u00f3n de Obras:<\/span>\u00a0Vecinos del sector, aseguran que ya est\u00e1n siendo afectados por los trabajos de asfalto que se realizan en el \u00e1rea, y creen que si finalmente la empresa entra en funcionamiento, la situaci\u00f3n empeorar\u00e1.<\/strong><\/li>\n<\/ul>\n<p>La Municipalidad de San Felipe, suspendi\u00f3 el permiso otorgado por la Direcci\u00f3n de Obras a los a los propietarios de la Planta de Revisi\u00f3n T\u00e9cnica que pretend\u00eda comenzar a funcionar en avenida Enc\u00f3n, a un costado de los departamentos.<br \/>\nAs\u00ed lo explic\u00f3 el administrador municipal, Patricio Gonz\u00e1lez, quien aclar\u00f3 que esta determinaci\u00f3n est\u00e1 fundada en la legislaci\u00f3n vigente, argumentando que \u201cefectivamente, los permisos que se han otorgado y los documentos que se requieren para la instalaci\u00f3n de este tipo de plantas, que est\u00e1 calificada como una actividad industrial, cumplan lo que realmente la ley exige y, en este caso, el art\u00edculo 23 de la ordenanza de urbanismo y construcci\u00f3n y el propio plan regulador en sus puntos 21 y 28 exige que sea calificado ambientalmente y ese permiso, a la fecha no ha sido entregado por la seremi de salud\u201d, precis\u00f3 Gonz\u00e1lez.<br \/>\nAs\u00ed mismo, el administrador del municipio sanfelipe\u00f1o, reconoci\u00f3 que el permiso entregado por la Direcci\u00f3n de Obras, no consideraba todos los antecedentes que se requer\u00eda y manifest\u00f3 que \u201centendemos que esta actividad industrial, como ha calificado el \u00faltimo decreto de la Contralor\u00eda, requiere otro tipo de antecedentes como un estudio de impacto vial. En este sector no solamente se provoca contaminaci\u00f3n ac\u00fastica, sino que tambi\u00e9n, de todo tipo de elementos de los veh\u00edculos que pasar\u00e1n por esta planta, los cuales, directamente van a llegar a los vecinos del sector aleda\u00f1o\u201d, expuso el profesional.<br \/>\nJuan Vera Pizarro, vecino de los departamentos Enc\u00f3n, agradeci\u00f3 la medida tomada por la Municipalidad de San Felipe, puesto que -seg\u00fan afirm\u00f3- pese a que la planta de Revisi\u00f3n T\u00e9cnica est\u00e1 lejos de comenzar a funcionar, ya se est\u00e1n viendo afectados por los trabajos que se realizan en el \u00e1rea<br \/>\n\u201cNosotros estamos defendiendo nuestros derechos, imag\u00ednate ahora que est\u00e1n construyendo, est\u00e1n haciendo el asfalto, pasando rodillos y aqu\u00ed todos los vecinos estamos espirituados (sic) porque creemos que est\u00e1 temblando, los departamentos se mueven enteros. En la ma\u00f1ana trabajan de las 8 de la ma\u00f1ana hasta tarde, entonces imag\u00ednate m\u00e1s adelante el problema que vamos a tener todos los d\u00edas, con los camiones, los gasesac\u00e1 hay ni\u00f1os chicos\u201d, expuso el vecino.<br \/>\nPor otro lado, Gonz\u00e1lez, exculp\u00f3 al municipio sanfelipe\u00f1o de una decisi\u00f3n en la cual, la Direcci\u00f3n de Obras tiene absoluta autonom\u00eda, aunque no descart\u00f3 la posibilidad de abrir un sumario investigativo, para conocer si efectivamente la decisi\u00f3n de otorgar el permiso de construcci\u00f3n de esta Planta de Revisi\u00f3n T\u00e9cnica estaba fundamentado en el conocimiento de todos los requisitos necesarios.<br \/>\n\u201cEs la propia Direcci\u00f3n de Obras la que tiene las atribuciones de revisar los proyectos que ingresan al municipio, ac\u00e1 debo decirlo, nunca se inform\u00f3 al alcalde, ni al Concejo, respecto de la solicitud de este permiso que finalmente fue otorgado -creemos- en falta de antecedentes para su visaci\u00f3n final\u201d.<br \/>\nEn este aspecto, el director del Departamento Jur\u00eddico del municipio sanfelipe\u00f1o, Jorge Jara, respald\u00f3 los dichos de Gonz\u00e1lez, apuntando que \u201cmuy poca gente advierte que los directores de obras tienen plena autonom\u00eda conforme a la ley, para tomar decisiones dentro del \u00e1rea de sus facultades, no dependen t\u00e9cnicamente del alcalde ni del municipio, sino que, dependen de la Seremi de Vivienda y Urbanismo, y en consecuencia, si bien es cierto el director de obras otorg\u00f3 este permiso, la revisi\u00f3n de los antecedentes nos lleva a la convicci\u00f3n que se cometieron algunas omisiones al momento de otorgar ese permiso\u201d, puntualiz\u00f3.<br \/>\nEn cuanto a las probables consecuencias judiciales que podr\u00eda traer la decisi\u00f3n de suspender este permiso, Jara agreg\u00f3 que \u201ceso es un tema que ellos deben resolver, eventualmente podr\u00edan presentar un recurso de protecci\u00f3n o acci\u00f3n similar para los efectos de impedir que la suspensi\u00f3n se materialice. En reuni\u00f3n que tuvimos con el seremi el viernes pasado, le pedimos que intercediera y nos contactara con la empresa para evaluar la posibilidad que se forme una mesa de trabajo, y de lo contario, el titular est\u00e1 en todo su derecho de poder arbitrar las medidas administrativas o judiciales que estime conveniente\u201d, detall\u00f3 el abogado<br \/>\nSeg\u00fan Patricio Gonz\u00e1lez, desde hoy debieran detenerse los trabajos que se est\u00e1n realizando en el \u00e1rea y pr\u00f3ximamente, tendr\u00e1n que revisarse otro tipo de alternativas, dentro de las cuales, se bosqueja poder concretar el proyecto en otro sector de la ciudad.<\/p>\n<figure id=\"attachment_75292\" aria-describedby=\"caption-attachment-75292\" style=\"width: 300px\" class=\"wp-caption alignleft\"><a href=\"http:\/\/www.eltrabajo.cl\/portal\/violento-y-brutal-caso-de-bullying-preocupa-a-autoridades-de-santa-maria\/patricio-gonzalez-18\/\" rel=\"attachment wp-att-75292\"><img data-recalc-dims=\"1\" loading=\"lazy\" decoding=\"async\" class=\"size-medium wp-image-75292\" src=\"https:\/\/i0.wp.com\/www.eltrabajo.cl\/portal\/wp-content\/uploads\/2016\/11\/PATRICIO-GONZALEZ-300x197.jpg?resize=300%2C197\" alt=\"Patricio Gonz\u00e1lez, administrador municipal de San Felipe.\" width=\"300\" height=\"197\" srcset=\"https:\/\/i0.wp.com\/eltrabajo.cl\/portal\/wp-content\/uploads\/2016\/11\/PATRICIO-GONZALEZ.jpg?resize=300%2C197&amp;ssl=1 300w, https:\/\/i0.wp.com\/eltrabajo.cl\/portal\/wp-content\/uploads\/2016\/11\/PATRICIO-GONZALEZ.jpg?resize=200%2C131&amp;ssl=1 200w, https:\/\/i0.wp.com\/eltrabajo.cl\/portal\/wp-content\/uploads\/2016\/11\/PATRICIO-GONZALEZ.jpg?resize=228%2C150&amp;ssl=1 228w, https:\/\/i0.wp.com\/eltrabajo.cl\/portal\/wp-content\/uploads\/2016\/11\/PATRICIO-GONZALEZ.jpg?resize=400%2C263&amp;ssl=1 400w, https:\/\/i0.wp.com\/eltrabajo.cl\/portal\/wp-content\/uploads\/2016\/11\/PATRICIO-GONZALEZ.jpg?w=530&amp;ssl=1 530w\" sizes=\"auto, (max-width: 300px) 100vw, 300px\" \/><\/a><figcaption id=\"caption-attachment-75292\" class=\"wp-caption-text\">Patricio Gonz\u00e1lez, administrador municipal de San Felipe.<\/figcaption><\/figure>\n<figure id=\"attachment_75291\" aria-describedby=\"caption-attachment-75291\" style=\"width: 300px\" class=\"wp-caption alignleft\"><a href=\"http:\/\/www.eltrabajo.cl\/portal\/violento-y-brutal-caso-de-bullying-preocupa-a-autoridades-de-santa-maria\/juan-vera\/\" rel=\"attachment wp-att-75291\"><img data-recalc-dims=\"1\" loading=\"lazy\" decoding=\"async\" class=\"size-medium wp-image-75291\" src=\"https:\/\/i0.wp.com\/www.eltrabajo.cl\/portal\/wp-content\/uploads\/2016\/11\/JUAN-VERA-300x197.jpg?resize=300%2C197\" alt=\"Juan Vera Pizarro, vecino del sector Enc\u00f3n.\" width=\"300\" height=\"197\" srcset=\"https:\/\/i0.wp.com\/eltrabajo.cl\/portal\/wp-content\/uploads\/2016\/11\/JUAN-VERA.jpg?resize=300%2C197&amp;ssl=1 300w, https:\/\/i0.wp.com\/eltrabajo.cl\/portal\/wp-content\/uploads\/2016\/11\/JUAN-VERA.jpg?resize=200%2C131&amp;ssl=1 200w, https:\/\/i0.wp.com\/eltrabajo.cl\/portal\/wp-content\/uploads\/2016\/11\/JUAN-VERA.jpg?resize=228%2C150&amp;ssl=1 228w, https:\/\/i0.wp.com\/eltrabajo.cl\/portal\/wp-content\/uploads\/2016\/11\/JUAN-VERA.jpg?resize=400%2C263&amp;ssl=1 400w, https:\/\/i0.wp.com\/eltrabajo.cl\/portal\/wp-content\/uploads\/2016\/11\/JUAN-VERA.jpg?w=530&amp;ssl=1 530w\" sizes=\"auto, (max-width: 300px) 100vw, 300px\" \/><\/a><figcaption id=\"caption-attachment-75291\" class=\"wp-caption-text\">Juan Vera Pizarro, vecino del sector Enc\u00f3n.<\/figcaption><\/figure>\n<figure id=\"attachment_75290\" aria-describedby=\"caption-attachment-75290\" style=\"width: 300px\" class=\"wp-caption alignleft\"><a href=\"http:\/\/www.eltrabajo.cl\/portal\/violento-y-brutal-caso-de-bullying-preocupa-a-autoridades-de-santa-maria\/jorge-jara-19\/\" rel=\"attachment wp-att-75290\"><img data-recalc-dims=\"1\" loading=\"lazy\" decoding=\"async\" class=\"size-medium wp-image-75290\" src=\"https:\/\/i0.wp.com\/www.eltrabajo.cl\/portal\/wp-content\/uploads\/2016\/11\/JORGE-JARA-300x197.jpg?resize=300%2C197\" alt=\"Jorge Jara, director del Departamento Jur\u00eddico de la Municipalidad de San Felipe.\" width=\"300\" height=\"197\" srcset=\"https:\/\/i0.wp.com\/eltrabajo.cl\/portal\/wp-content\/uploads\/2016\/11\/JORGE-JARA.jpg?resize=300%2C197&amp;ssl=1 300w, https:\/\/i0.wp.com\/eltrabajo.cl\/portal\/wp-content\/uploads\/2016\/11\/JORGE-JARA.jpg?resize=200%2C131&amp;ssl=1 200w, https:\/\/i0.wp.com\/eltrabajo.cl\/portal\/wp-content\/uploads\/2016\/11\/JORGE-JARA.jpg?resize=228%2C150&amp;ssl=1 228w, https:\/\/i0.wp.com\/eltrabajo.cl\/portal\/wp-content\/uploads\/2016\/11\/JORGE-JARA.jpg?resize=400%2C263&amp;ssl=1 400w, https:\/\/i0.wp.com\/eltrabajo.cl\/portal\/wp-content\/uploads\/2016\/11\/JORGE-JARA.jpg?w=530&amp;ssl=1 530w\" sizes=\"auto, (max-width: 300px) 100vw, 300px\" \/><\/a><figcaption id=\"caption-attachment-75290\" class=\"wp-caption-text\">Jorge Jara, director del Departamento Jur\u00eddico de la Municipalidad de San Felipe.<\/figcaption><\/figure>\n<figure id=\"attachment_75289\" aria-describedby=\"caption-attachment-75289\" style=\"width: 530px\" class=\"wp-caption alignleft\"><a href=\"http:\/\/www.eltrabajo.cl\/portal\/violento-y-brutal-caso-de-bullying-preocupa-a-autoridades-de-santa-maria\/foto-4-vecinos-y-vecinas-de-los-departamentos-encon\/\" rel=\"attachment wp-att-75289\"><img data-recalc-dims=\"1\" loading=\"lazy\" decoding=\"async\" class=\"size-full wp-image-75289\" src=\"https:\/\/i0.wp.com\/www.eltrabajo.cl\/portal\/wp-content\/uploads\/2016\/11\/Foto-4-Vecinos-y-vecinas-de-los-Departamentos-EncOn.jpg?resize=530%2C350\" alt=\"Vecinos de los Departamentos Enc\u00f3n, se manifestaron en contra de la construcci\u00f3n de la Plante de Revisi\u00f3n T\u00e9cnica.\" width=\"530\" height=\"350\" srcset=\"https:\/\/i0.wp.com\/eltrabajo.cl\/portal\/wp-content\/uploads\/2016\/11\/Foto-4-Vecinos-y-vecinas-de-los-Departamentos-EncOn.jpg?w=530&amp;ssl=1 530w, https:\/\/i0.wp.com\/eltrabajo.cl\/portal\/wp-content\/uploads\/2016\/11\/Foto-4-Vecinos-y-vecinas-de-los-Departamentos-EncOn.jpg?resize=200%2C132&amp;ssl=1 200w, https:\/\/i0.wp.com\/eltrabajo.cl\/portal\/wp-content\/uploads\/2016\/11\/Foto-4-Vecinos-y-vecinas-de-los-Departamentos-EncOn.jpg?resize=300%2C198&amp;ssl=1 300w, https:\/\/i0.wp.com\/eltrabajo.cl\/portal\/wp-content\/uploads\/2016\/11\/Foto-4-Vecinos-y-vecinas-de-los-Departamentos-EncOn.jpg?resize=227%2C150&amp;ssl=1 227w, https:\/\/i0.wp.com\/eltrabajo.cl\/portal\/wp-content\/uploads\/2016\/11\/Foto-4-Vecinos-y-vecinas-de-los-Departamentos-EncOn.jpg?resize=400%2C264&amp;ssl=1 400w\" sizes=\"auto, (max-width: 530px) 100vw, 530px\" \/><\/a><figcaption id=\"caption-attachment-75289\" class=\"wp-caption-text\">Vecinos de los Departamentos Enc\u00f3n, se manifestaron en contra de la construcci\u00f3n de la Plante de Revisi\u00f3n T\u00e9cnica.<\/figcaption><\/figure>\n","protected":false},"excerpt":{"rendered":"<p>Autorizaci\u00f3n fue otorgada con plena autonom\u00eda por la Direcci\u00f3n de Obras:\u00a0Vecinos del sector, aseguran que ya est\u00e1n siendo afectados por los trabajos de asfalto que se realizan en el \u00e1rea, y creen&#8230;<\/p>\n","protected":false},"author":1,"featured_media":75289,"comment_status":"open","ping_status":"open","sticky":false,"template":"","format":"standard","meta":{"advanced_seo_description":"","jetpack_seo_html_title":"","jetpack_seo_noindex":false,"_jetpack_memberships_contains_paid_content":false,"footnotes":""},"categories":[1],"tags":[],"class_list":["post-75296","post","type-post","status-publish","format-standard","has-post-thumbnail","hentry","category-cronica"],"jetpack_featured_media_url":"https:\/\/i0.wp.com\/eltrabajo.cl\/portal\/wp-content\/uploads\/2016\/11\/Foto-4-Vecinos-y-vecinas-de-los-Departamentos-EncOn.jpg?fit=530%2C350&ssl=1","jetpack_sharing_enabled":true,"jetpack_likes_enabled":true,"jetpack-related-posts":[],"_links":{"self":[{"href":"https:\/\/eltrabajo.cl\/portal\/wp-json\/wp\/v2\/posts\/75296","targetHints":{"allow":["GET"]}}],"collection":[{"href":"https:\/\/eltrabajo.cl\/portal\/wp-json\/wp\/v2\/posts"}],"about":[{"href":"https:\/\/eltrabajo.cl\/portal\/wp-json\/wp\/v2\/types\/post"}],"author":[{"embeddable":true,"href":"https:\/\/eltrabajo.cl\/portal\/wp-json\/wp\/v2\/users\/1"}],"replies":[{"embeddable":true,"href":"https:\/\/eltrabajo.cl\/portal\/wp-json\/wp\/v2\/comments?post=75296"}],"version-history":[{"count":0,"href":"https:\/\/eltrabajo.cl\/portal\/wp-json\/wp\/v2\/posts\/75296\/revisions"}],"wp:featuredmedia":[{"embeddable":true,"href":"https:\/\/eltrabajo.cl\/portal\/wp-json\/wp\/v2\/media\/75289"}],"wp:attachment":[{"href":"https:\/\/eltrabajo.cl\/portal\/wp-json\/wp\/v2\/media?parent=75296"}],"wp:term":[{"taxonomy":"category","embeddable":true,"href":"https:\/\/eltrabajo.cl\/portal\/wp-json\/wp\/v2\/categories?post=75296"},{"taxonomy":"post_tag","embeddable":true,"href":"https:\/\/eltrabajo.cl\/portal\/wp-json\/wp\/v2\/tags?post=75296"}],"curies":[{"name":"wp","href":"https:\/\/api.w.org\/{rel}","templated":true}]}}